{"id":144,"date":"2020-03-02T14:54:06","date_gmt":"2020-03-02T13:54:06","guid":{"rendered":"http:\/\/knjiznice.nsk.hr\/vela-luka\/?p=144"},"modified":"2021-07-09T11:29:27","modified_gmt":"2021-07-09T09:29:27","slug":"srednja-skola-vela-luka-u-erasmus-projektu","status":"publish","type":"post","link":"https:\/\/knjiznice.nsk.hr\/vela-luka\/2020\/03\/02\/srednja-skola-vela-luka-u-erasmus-projektu\/","title":{"rendered":"Srednja \u0161kola Vela Luka u Erasmus projektu"},"content":{"rendered":"<p>Srednja \u0161kola Vela Luka sudjeluje &nbsp;projektu \u201eGreen Seeds\u201c(Zeleno sjeme) financiranom od strane EU.<\/p>\n<p>Cilj projekta je povezati \u0161kole u brdsko- planinskim podru\u010djima i na malim otocima te skrenuti pozornost javnosti i relevantnih institucija na probleme s kojima se suo\u010davaju( slaba povezanost s edukacijskim centrima, depopulacija, sve mani broj u\u010denika, gubitak nastavni\u010dkih radnih mjesta i sl.).<\/p>\n<p>Glavna tema kroz koju \u0107e se \u0161kole povezivati i na \u010demu \u0107e u\u010denici i nastavnici raditi tijekom tri godine projekta je okoli\u0161, tj. stvaranje svijesti o va\u017enosti o\u010duvanja \u0161umskih, obalnih i morskih prirodnih resursa te osmi\u0161ljavanje alata i metoda kojima \u0107e se to posti\u0107i.<\/p>\n<p>Vi\u0161e informacija o projektu pogledajte na stranici <a href=\"http:\/\/ss-vela-luka.skole.hr\/upload\/ss-vela-luka\/images\/static3\/957\/File\/GREEN%20SEEDS_leaflet_kr.pdf\">Srednje \u0161kole Vela Luka<\/a>.<\/p>\n","protected":false},"excerpt":{"rendered":"<p>Srednja \u0161kola Vela Luka sudjeluje &nbsp;projektu \u201eGreen Seeds\u201c(Zeleno sjeme) financiranom od strane EU. Cilj projekta je povezati \u0161kole u brdsko- planinskim podru\u010djima i na malim otocima te skrenuti pozornost javnosti [&hellip;]<\/p>\n","protected":false},"author":108,"featured_media":0,"comment_status":"closed","ping_status":"closed","sticky":false,"template":"","format":"standard","meta":{"ngg_post_thumbnail":0},"categories":[1],"tags":[],"yoast_head":"<!-- This site is optimized with the Yoast SEO plugin v16.4 - https:\/\/yoast.com\/wordpress\/plugins\/seo\/ -->\n<meta name=\"robots\" content=\"index, follow, max-snippet:-1, max-image-preview:large, max-video-preview:-1\" \/>\n<link rel=\"canonical\" href=\"https:\/\/knjiznice.nsk.hr\/vela-luka\/2020\/03\/02\/srednja-skola-vela-luka-u-erasmus-projektu\/\" \/>\n<meta property=\"og:locale\" content=\"hr_HR\" \/>\n<meta property=\"og:type\" content=\"article\" \/>\n<meta property=\"og:title\" content=\"Srednja \u0161kola Vela Luka u Erasmus projektu - Narodna knji\u017enica &quot;\u0160ime Vu\u010deti\u0107&quot;\" \/>\n<meta property=\"og:description\" content=\"Srednja \u0161kola Vela Luka sudjeluje &nbsp;projektu \u201eGreen Seeds\u201c(Zeleno sjeme) financiranom od strane EU. Cilj projekta je povezati \u0161kole u brdsko- planinskim podru\u010djima i na malim otocima te skrenuti pozornost javnosti [&hellip;]\" \/>\n<meta property=\"og:url\" content=\"https:\/\/knjiznice.nsk.hr\/vela-luka\/2020\/03\/02\/srednja-skola-vela-luka-u-erasmus-projektu\/\" \/>\n<meta property=\"og:site_name\" content=\"Narodna knji\u017enica &quot;\u0160ime Vu\u010deti\u0107&quot;\" \/>\n<meta property=\"article:published_time\" content=\"2020-03-02T13:54:06+00:00\" \/>\n<meta property=\"article:modified_time\" content=\"2021-07-09T09:29:27+00:00\" \/>\n<meta name=\"twitter:card\" content=\"summary_large_image\" \/>\n<meta name=\"twitter:label1\" content=\"Procijenjeno vrijeme \u010ditanja\" \/>\n\t<meta name=\"twitter:data1\" content=\"1 minuta\" \/>\n<script type=\"application\/ld+json\" class=\"yoast-schema-graph\">{\"@context\":\"https:\/\/schema.org\",\"@graph\":[{\"@type\":\"WebSite\",\"@id\":\"https:\/\/knjiznice.nsk.hr\/vela-luka\/#website\",\"url\":\"https:\/\/knjiznice.nsk.hr\/vela-luka\/\",\"name\":\"Narodna knji\\u017enica \\\"\\u0160ime Vu\\u010deti\\u0107\\\"\",\"description\":\"\",\"potentialAction\":[{\"@type\":\"SearchAction\",\"target\":\"https:\/\/knjiznice.nsk.hr\/vela-luka\/?s={search_term_string}\",\"query-input\":\"required name=search_term_string\"}],\"inLanguage\":\"hr\"},{\"@type\":\"WebPage\",\"@id\":\"https:\/\/knjiznice.nsk.hr\/vela-luka\/2020\/03\/02\/srednja-skola-vela-luka-u-erasmus-projektu\/#webpage\",\"url\":\"https:\/\/knjiznice.nsk.hr\/vela-luka\/2020\/03\/02\/srednja-skola-vela-luka-u-erasmus-projektu\/\",\"name\":\"Srednja \\u0161kola Vela Luka u Erasmus projektu - Narodna knji\\u017enica \\\"\\u0160ime Vu\\u010deti\\u0107\\\"\",\"isPartOf\":{\"@id\":\"https:\/\/knjiznice.nsk.hr\/vela-luka\/#website\"},\"datePublished\":\"2020-03-02T13:54:06+00:00\",\"dateModified\":\"2021-07-09T09:29:27+00:00\",\"author\":{\"@id\":\"https:\/\/knjiznice.nsk.hr\/vela-luka\/#\/schema\/person\/fe02fa72e52cdda98731063776f5451f\"},\"breadcrumb\":{\"@id\":\"https:\/\/knjiznice.nsk.hr\/vela-luka\/2020\/03\/02\/srednja-skola-vela-luka-u-erasmus-projektu\/#breadcrumb\"},\"inLanguage\":\"hr\",\"potentialAction\":[{\"@type\":\"ReadAction\",\"target\":[\"https:\/\/knjiznice.nsk.hr\/vela-luka\/2020\/03\/02\/srednja-skola-vela-luka-u-erasmus-projektu\/\"]}]},{\"@type\":\"BreadcrumbList\",\"@id\":\"https:\/\/knjiznice.nsk.hr\/vela-luka\/2020\/03\/02\/srednja-skola-vela-luka-u-erasmus-projektu\/#breadcrumb\",\"itemListElement\":[{\"@type\":\"ListItem\",\"position\":1,\"item\":{\"@type\":\"WebPage\",\"@id\":\"https:\/\/knjiznice.nsk.hr\/vela-luka\/\",\"url\":\"https:\/\/knjiznice.nsk.hr\/vela-luka\/\",\"name\":\"Po\\u010detna stranica\"}},{\"@type\":\"ListItem\",\"position\":2,\"item\":{\"@id\":\"https:\/\/knjiznice.nsk.hr\/vela-luka\/2020\/03\/02\/srednja-skola-vela-luka-u-erasmus-projektu\/#webpage\"}}]},{\"@type\":\"Person\",\"@id\":\"https:\/\/knjiznice.nsk.hr\/vela-luka\/#\/schema\/person\/fe02fa72e52cdda98731063776f5451f\",\"name\":\"velaluka\",\"image\":{\"@type\":\"ImageObject\",\"@id\":\"https:\/\/knjiznice.nsk.hr\/vela-luka\/#personlogo\",\"inLanguage\":\"hr\",\"url\":\"https:\/\/secure.gravatar.com\/avatar\/a47ada291ab96e8c5d7b1b04b00e1a4b?s=96&d=mm&r=g\",\"contentUrl\":\"https:\/\/secure.gravatar.com\/avatar\/a47ada291ab96e8c5d7b1b04b00e1a4b?s=96&d=mm&r=g\",\"caption\":\"velaluka\"},\"description\":\"Narodna knji\\u017enica \\\"\\u0160ime Vu\\u010deti\\u0107\\\" Vela Luka\",\"url\":\"https:\/\/knjiznice.nsk.hr\/vela-luka\/\"}]}<\/script>\n<!-- \/ Yoast SEO plugin. -->","_links":{"self":[{"href":"https:\/\/knjiznice.nsk.hr\/vela-luka\/wp-json\/wp\/v2\/posts\/144"}],"collection":[{"href":"https:\/\/knjiznice.nsk.hr\/vela-luka\/wp-json\/wp\/v2\/posts"}],"about":[{"href":"https:\/\/knjiznice.nsk.hr\/vela-luka\/wp-json\/wp\/v2\/types\/post"}],"author":[{"embeddable":true,"href":"https:\/\/knjiznice.nsk.hr\/vela-luka\/wp-json\/wp\/v2\/users\/108"}],"replies":[{"embeddable":true,"href":"https:\/\/knjiznice.nsk.hr\/vela-luka\/wp-json\/wp\/v2\/comments?post=144"}],"version-history":[{"count":4,"href":"https:\/\/knjiznice.nsk.hr\/vela-luka\/wp-json\/wp\/v2\/posts\/144\/revisions"}],"predecessor-version":[{"id":201,"href":"https:\/\/knjiznice.nsk.hr\/vela-luka\/wp-json\/wp\/v2\/posts\/144\/revisions\/201"}],"wp:attachment":[{"href":"https:\/\/knjiznice.nsk.hr\/vela-luka\/wp-json\/wp\/v2\/media?parent=144"}],"wp:term":[{"taxonomy":"category","embeddable":true,"href":"https:\/\/knjiznice.nsk.hr\/vela-luka\/wp-json\/wp\/v2\/categories?post=144"},{"taxonomy":"post_tag","embeddable":true,"href":"https:\/\/knjiznice.nsk.hr\/vela-luka\/wp-json\/wp\/v2\/tags?post=144"}],"curies":[{"name":"wp","href":"https:\/\/api.w.org\/{rel}","templated":true}]}}