{"id":981,"date":"2017-02-03T08:27:22","date_gmt":"2017-02-03T08:27:22","guid":{"rendered":"http:\/\/knjiznice.nsk.hr\/senj\/?p=981"},"modified":"2017-02-03T08:27:22","modified_gmt":"2017-02-03T08:27:22","slug":"novo-kinodruzenje-u-nasoj-knjiznici","status":"publish","type":"post","link":"https:\/\/knjiznice.nsk.hr\/senj\/novo-kinodruzenje-u-nasoj-knjiznici\/","title":{"rendered":"NOVO KINODRU\u017dENJE U NA\u0160OJ KNJI\u017dNICI"},"content":{"rendered":"<p>Jutros su nas posjetili dragi gosti, u\u010denici 3. a razreda osnovne \u0161kole S.S. Kranj\u010devi\u0107a i njihova u\u010diteljica Anastazija Viatoris Matijevi\u0107. S u\u010denicima smo u\u017eivali u jo\u0161 jednom ugodnom kino dru\u017eenju u sklopu programa <em>Filmska jutra u Gradskoj knji\u017enici Senj.<\/em><\/p>\n<p>U na\u0161em knji\u017eni\u010dnom kinu&nbsp; pogledali smo film \u201eVlak u snijegu\u201c. Autor filma je Mate Relja, a temelji se na istoimenom Lovrakovom nezaboravnom dje\u010djem klasiku.&nbsp;<br \/>\nU\u017eivali smo u projekciji filma, ponovili pojmove kao \u0161to su autor, redatelj, ekranizacija i Sedma umjetnost, a za kraj se malo i osladili slatki\u0161ima<\/p>\n<p><em>Filmska jutra u Gradskoj knji\u017enici Senj<\/em> ulaze u tre\u0107u godinu odr\u017eavanja i drago nam je da u\u010diteljice i \u0111aci na\u0161e osnovne \u0161kole rado posje\u0107uju na\u0161e <em>knji\u017eni\u010dno kino<\/em> u Dje\u010djem odjelu kako bi pogledali ekranizacije poznatih lektirnih naslova. Lijep je to i zabavan na\u010din da se popularizira i pribli\u017ei djeci lektira, ali i da osnovci nadograde svoj do\u017eivljaj pro\u010ditanog djela.&nbsp; Uz to, \u0111aci imaju prilike usporediti filmsko ostvarenje i knji\u017eevni predlo\u017eak na temelju kojeg je film nastao \u0161to jer vi\u0161estruko korisno jer na taj na\u010din utvr\u0111uju pro\u010ditano, grade vlastiti umjetni\u010dki ukus te se upoznaju s filmskom umjetno\u0161\u0107u.<\/p>\n<p>Hvala u\u010diteljici Anastaziji i njenim u\u010denicima na posjetu i ugodnom dru\u017eenju. Do\u0111ite nam opet!!<\/p>\n","protected":false},"excerpt":{"rendered":"<p>Jutros su nas posjetili dragi gosti, u\u010denici 3. a razreda osnovne \u0161kole S.S. Kranj\u010devi\u0107a i njihova u\u010diteljica Anastazija Viatoris Matijevi\u0107. S u\u010denicima smo u\u017eivali u jo\u0161 jednom ugodnom kino dru\u017eenju u sklopu programa Filmska jutra u Gradskoj knji\u017enici Senj. U na\u0161em knji\u017eni\u010dnom kinu&nbsp; pogledali smo film \u201eVlak u snijegu\u201c. Autor filma je Mate Relja, a [&hellip;]<\/p>\n","protected":false},"author":58,"featured_media":982,"comment_status":"closed","ping_status":"closed","sticky":false,"template":"","format":"standard","meta":{"ngg_post_thumbnail":0},"categories":[8],"tags":[],"yoast_head":"<!-- This site is optimized with the Yoast SEO plugin v16.4 - https:\/\/yoast.com\/wordpress\/plugins\/seo\/ -->\n<meta name=\"robots\" content=\"index, follow, max-snippet:-1, max-image-preview:large, max-video-preview:-1\" \/>\n<link rel=\"canonical\" href=\"https:\/\/knjiznice.nsk.hr\/senj\/novo-kinodruzenje-u-nasoj-knjiznici\/\" \/>\n<meta property=\"og:locale\" content=\"hr_HR\" \/>\n<meta property=\"og:type\" content=\"article\" \/>\n<meta property=\"og:title\" content=\"NOVO KINODRU\u017dENJE U NA\u0160OJ KNJI\u017dNICI - Gradska knji\u017enica Senj\" \/>\n<meta property=\"og:description\" content=\"Jutros su nas posjetili dragi gosti, u\u010denici 3. a razreda osnovne \u0161kole S.S. Kranj\u010devi\u0107a i njihova u\u010diteljica Anastazija Viatoris Matijevi\u0107. S u\u010denicima smo u\u017eivali u jo\u0161 jednom ugodnom kino dru\u017eenju u sklopu programa Filmska jutra u Gradskoj knji\u017enici Senj. U na\u0161em knji\u017eni\u010dnom kinu&nbsp; pogledali smo film \u201eVlak u snijegu\u201c. Autor filma je Mate Relja, a [&hellip;]\" \/>\n<meta property=\"og:url\" content=\"https:\/\/knjiznice.nsk.hr\/senj\/novo-kinodruzenje-u-nasoj-knjiznici\/\" \/>\n<meta property=\"og:site_name\" content=\"Gradska knji\u017enica Senj\" \/>\n<meta property=\"article:publisher\" content=\"http:\/\/facebook.com\/Gradska-knji%c5%benica-SENJ\" \/>\n<meta property=\"article:published_time\" content=\"2017-02-03T08:27:22+00:00\" \/>\n<meta property=\"og:image\" content=\"http:\/\/knjiznice.nsk.hr\/senj\/wp-content\/uploads\/sites\/60\/2017\/02\/20170203_085119_resized.jpg\" \/>\n\t<meta property=\"og:image:width\" content=\"533\" \/>\n\t<meta property=\"og:image:height\" content=\"300\" \/>\n<meta name=\"twitter:label1\" content=\"Procijenjeno vrijeme \u010ditanja\" \/>\n\t<meta name=\"twitter:data1\" content=\"1 minuta\" \/>\n<script type=\"application\/ld+json\" class=\"yoast-schema-graph\">{\"@context\":\"https:\/\/schema.org\",\"@graph\":[{\"@type\":\"WebSite\",\"@id\":\"https:\/\/knjiznice.nsk.hr\/senj\/#website\",\"url\":\"https:\/\/knjiznice.nsk.hr\/senj\/\",\"name\":\"Gradska knji\\u017enica Senj\",\"description\":\"S vama od 1835. godine\",\"potentialAction\":[{\"@type\":\"SearchAction\",\"target\":\"https:\/\/knjiznice.nsk.hr\/senj\/?s={search_term_string}\",\"query-input\":\"required name=search_term_string\"}],\"inLanguage\":\"hr\"},{\"@type\":\"ImageObject\",\"@id\":\"https:\/\/knjiznice.nsk.hr\/senj\/novo-kinodruzenje-u-nasoj-knjiznici\/#primaryimage\",\"inLanguage\":\"hr\",\"url\":\"https:\/\/knjiznice.nsk.hr\/senj\/wp-content\/uploads\/sites\/60\/2017\/02\/20170203_085119_resized.jpg\",\"contentUrl\":\"https:\/\/knjiznice.nsk.hr\/senj\/wp-content\/uploads\/sites\/60\/2017\/02\/20170203_085119_resized.jpg\",\"width\":533,\"height\":300},{\"@type\":\"WebPage\",\"@id\":\"https:\/\/knjiznice.nsk.hr\/senj\/novo-kinodruzenje-u-nasoj-knjiznici\/#webpage\",\"url\":\"https:\/\/knjiznice.nsk.hr\/senj\/novo-kinodruzenje-u-nasoj-knjiznici\/\",\"name\":\"NOVO KINODRU\\u017dENJE U NA\\u0160OJ KNJI\\u017dNICI - Gradska knji\\u017enica Senj\",\"isPartOf\":{\"@id\":\"https:\/\/knjiznice.nsk.hr\/senj\/#website\"},\"primaryImageOfPage\":{\"@id\":\"https:\/\/knjiznice.nsk.hr\/senj\/novo-kinodruzenje-u-nasoj-knjiznici\/#primaryimage\"},\"datePublished\":\"2017-02-03T08:27:22+00:00\",\"dateModified\":\"2017-02-03T08:27:22+00:00\",\"author\":{\"@id\":\"https:\/\/knjiznice.nsk.hr\/senj\/#\/schema\/person\/c6b0893cdaca205d44fe2c322c042ac7\"},\"breadcrumb\":{\"@id\":\"https:\/\/knjiznice.nsk.hr\/senj\/novo-kinodruzenje-u-nasoj-knjiznici\/#breadcrumb\"},\"inLanguage\":\"hr\",\"potentialAction\":[{\"@type\":\"ReadAction\",\"target\":[\"https:\/\/knjiznice.nsk.hr\/senj\/novo-kinodruzenje-u-nasoj-knjiznici\/\"]}]},{\"@type\":\"BreadcrumbList\",\"@id\":\"https:\/\/knjiznice.nsk.hr\/senj\/novo-kinodruzenje-u-nasoj-knjiznici\/#breadcrumb\",\"itemListElement\":[{\"@type\":\"ListItem\",\"position\":1,\"item\":{\"@type\":\"WebPage\",\"@id\":\"https:\/\/knjiznice.nsk.hr\/senj\/\",\"url\":\"https:\/\/knjiznice.nsk.hr\/senj\/\",\"name\":\"Po\\u010detna stranica\"}},{\"@type\":\"ListItem\",\"position\":2,\"item\":{\"@id\":\"https:\/\/knjiznice.nsk.hr\/senj\/novo-kinodruzenje-u-nasoj-knjiznici\/#webpage\"}}]},{\"@type\":\"Person\",\"@id\":\"https:\/\/knjiznice.nsk.hr\/senj\/#\/schema\/person\/c6b0893cdaca205d44fe2c322c042ac7\",\"name\":\"senj\",\"image\":{\"@type\":\"ImageObject\",\"@id\":\"https:\/\/knjiznice.nsk.hr\/senj\/#personlogo\",\"inLanguage\":\"hr\",\"url\":\"https:\/\/secure.gravatar.com\/avatar\/b00e8e1a99b5ba41772fe68c6bcfd17c?s=96&d=mm&r=g\",\"contentUrl\":\"https:\/\/secure.gravatar.com\/avatar\/b00e8e1a99b5ba41772fe68c6bcfd17c?s=96&d=mm&r=g\",\"caption\":\"senj\"}}]}<\/script>\n<!-- \/ Yoast SEO plugin. -->","_links":{"self":[{"href":"https:\/\/knjiznice.nsk.hr\/senj\/wp-json\/wp\/v2\/posts\/981"}],"collection":[{"href":"https:\/\/knjiznice.nsk.hr\/senj\/wp-json\/wp\/v2\/posts"}],"about":[{"href":"https:\/\/knjiznice.nsk.hr\/senj\/wp-json\/wp\/v2\/types\/post"}],"author":[{"embeddable":true,"href":"https:\/\/knjiznice.nsk.hr\/senj\/wp-json\/wp\/v2\/users\/58"}],"replies":[{"embeddable":true,"href":"https:\/\/knjiznice.nsk.hr\/senj\/wp-json\/wp\/v2\/comments?post=981"}],"version-history":[{"count":1,"href":"https:\/\/knjiznice.nsk.hr\/senj\/wp-json\/wp\/v2\/posts\/981\/revisions"}],"predecessor-version":[{"id":983,"href":"https:\/\/knjiznice.nsk.hr\/senj\/wp-json\/wp\/v2\/posts\/981\/revisions\/983"}],"wp:featuredmedia":[{"embeddable":true,"href":"https:\/\/knjiznice.nsk.hr\/senj\/wp-json\/wp\/v2\/media\/982"}],"wp:attachment":[{"href":"https:\/\/knjiznice.nsk.hr\/senj\/wp-json\/wp\/v2\/media?parent=981"}],"wp:term":[{"taxonomy":"category","embeddable":true,"href":"https:\/\/knjiznice.nsk.hr\/senj\/wp-json\/wp\/v2\/categories?post=981"},{"taxonomy":"post_tag","embeddable":true,"href":"https:\/\/knjiznice.nsk.hr\/senj\/wp-json\/wp\/v2\/tags?post=981"}],"curies":[{"name":"wp","href":"https:\/\/api.w.org\/{rel}","templated":true}]}}