{"id":963,"date":"2017-01-24T09:33:51","date_gmt":"2017-01-24T09:33:51","guid":{"rendered":"http:\/\/knjiznice.nsk.hr\/senj\/?p=963"},"modified":"2017-01-24T09:33:51","modified_gmt":"2017-01-24T09:33:51","slug":"nova-filmska-jutra-u-gradskoj-knjiznici-senj","status":"publish","type":"post","link":"https:\/\/knjiznice.nsk.hr\/senj\/nova-filmska-jutra-u-gradskoj-knjiznici-senj\/","title":{"rendered":"NOVA FILMSKA JUTRA U GRADSKOJ KNJI\u017dNICI SENJ"},"content":{"rendered":"<p>Filmska jutra u Gradskoj knji\u017enici Senj ulaze u tre\u0107u godinu odr\u017eavanja i drago nam je da u\u010diteljice i \u0111aci na\u0161e osnovne \u0161kole rado posje\u0107uju na\u0161e knji\u017eni\u010dno kino u Dje\u010djem odjelu.<br \/>\nRadi se o projekcijama filmova u Knji\u017enici koji su ekranizacije poznatih lektirnih naslova. Na taj na\u010din djeca nadogra\u0111uju svoj do\u017eivljaj lektire te imaju prilike usporediti filmsko ostvarenje i knji\u017eevni predlo\u017eak na temelju kojeg je film nastao.<br \/>\nDanas, 24. sije\u010dnja bili su nam u posjetu u\u010denici 4a. razreda senjske osnovne \u0161kole pod vodstvom u\u010diteljice Berte Tomljanovi\u0107, a pogledali smo film Duh u mo\u010dvari redatelja Branka I\u0161tvan\u010di\u0107a koji je nastao na temelju istoimene knji\u017eevne uspje\u0161nice Ante Garda\u0161a.<br \/>\nHvala dragim gostima na posjeti i u\u010diteljicama na uvijek lijepoj suradnji!<\/p>\n","protected":false},"excerpt":{"rendered":"<p>Filmska jutra u Gradskoj knji\u017enici Senj ulaze u tre\u0107u godinu odr\u017eavanja i drago nam je da u\u010diteljice i \u0111aci na\u0161e osnovne \u0161kole rado posje\u0107uju na\u0161e knji\u017eni\u010dno kino u Dje\u010djem odjelu. Radi se o projekcijama filmova u Knji\u017enici koji su ekranizacije poznatih lektirnih naslova. Na taj na\u010din djeca nadogra\u0111uju svoj do\u017eivljaj lektire te imaju prilike usporediti [&hellip;]<\/p>\n","protected":false},"author":58,"featured_media":964,"comment_status":"closed","ping_status":"closed","sticky":false,"template":"","format":"standard","meta":{"ngg_post_thumbnail":0},"categories":[8],"tags":[],"yoast_head":"<!-- This site is optimized with the Yoast SEO plugin v16.4 - https:\/\/yoast.com\/wordpress\/plugins\/seo\/ -->\n<meta name=\"robots\" content=\"index, follow, max-snippet:-1, max-image-preview:large, max-video-preview:-1\" \/>\n<link rel=\"canonical\" href=\"https:\/\/knjiznice.nsk.hr\/senj\/nova-filmska-jutra-u-gradskoj-knjiznici-senj\/\" \/>\n<meta property=\"og:locale\" content=\"hr_HR\" \/>\n<meta property=\"og:type\" content=\"article\" \/>\n<meta property=\"og:title\" content=\"NOVA FILMSKA JUTRA U GRADSKOJ KNJI\u017dNICI SENJ - Gradska knji\u017enica Senj\" \/>\n<meta property=\"og:description\" content=\"Filmska jutra u Gradskoj knji\u017enici Senj ulaze u tre\u0107u godinu odr\u017eavanja i drago nam je da u\u010diteljice i \u0111aci na\u0161e osnovne \u0161kole rado posje\u0107uju na\u0161e knji\u017eni\u010dno kino u Dje\u010djem odjelu. Radi se o projekcijama filmova u Knji\u017enici koji su ekranizacije poznatih lektirnih naslova. Na taj na\u010din djeca nadogra\u0111uju svoj do\u017eivljaj lektire te imaju prilike usporediti [&hellip;]\" \/>\n<meta property=\"og:url\" content=\"https:\/\/knjiznice.nsk.hr\/senj\/nova-filmska-jutra-u-gradskoj-knjiznici-senj\/\" \/>\n<meta property=\"og:site_name\" content=\"Gradska knji\u017enica Senj\" \/>\n<meta property=\"article:publisher\" content=\"http:\/\/facebook.com\/Gradska-knji%c5%benica-SENJ\" \/>\n<meta property=\"article:published_time\" content=\"2017-01-24T09:33:51+00:00\" \/>\n<meta property=\"og:image\" content=\"http:\/\/knjiznice.nsk.hr\/senj\/wp-content\/uploads\/sites\/60\/2017\/01\/image-0-02-05-79a3ca7de81c2339d20fd1c31894cc68683a7de6c561e3d628dd1d7f64988981-V.jpg\" \/>\n\t<meta property=\"og:image:width\" content=\"400\" \/>\n\t<meta property=\"og:image:height\" content=\"300\" \/>\n<meta name=\"twitter:label1\" content=\"Procijenjeno vrijeme \u010ditanja\" \/>\n\t<meta name=\"twitter:data1\" content=\"1 minuta\" \/>\n<script type=\"application\/ld+json\" class=\"yoast-schema-graph\">{\"@context\":\"https:\/\/schema.org\",\"@graph\":[{\"@type\":\"WebSite\",\"@id\":\"https:\/\/knjiznice.nsk.hr\/senj\/#website\",\"url\":\"https:\/\/knjiznice.nsk.hr\/senj\/\",\"name\":\"Gradska knji\\u017enica Senj\",\"description\":\"S vama od 1835. godine\",\"potentialAction\":[{\"@type\":\"SearchAction\",\"target\":\"https:\/\/knjiznice.nsk.hr\/senj\/?s={search_term_string}\",\"query-input\":\"required name=search_term_string\"}],\"inLanguage\":\"hr\"},{\"@type\":\"ImageObject\",\"@id\":\"https:\/\/knjiznice.nsk.hr\/senj\/nova-filmska-jutra-u-gradskoj-knjiznici-senj\/#primaryimage\",\"inLanguage\":\"hr\",\"url\":\"https:\/\/knjiznice.nsk.hr\/senj\/wp-content\/uploads\/sites\/60\/2017\/01\/image-0-02-05-79a3ca7de81c2339d20fd1c31894cc68683a7de6c561e3d628dd1d7f64988981-V.jpg\",\"contentUrl\":\"https:\/\/knjiznice.nsk.hr\/senj\/wp-content\/uploads\/sites\/60\/2017\/01\/image-0-02-05-79a3ca7de81c2339d20fd1c31894cc68683a7de6c561e3d628dd1d7f64988981-V.jpg\",\"width\":400,\"height\":300},{\"@type\":\"WebPage\",\"@id\":\"https:\/\/knjiznice.nsk.hr\/senj\/nova-filmska-jutra-u-gradskoj-knjiznici-senj\/#webpage\",\"url\":\"https:\/\/knjiznice.nsk.hr\/senj\/nova-filmska-jutra-u-gradskoj-knjiznici-senj\/\",\"name\":\"NOVA FILMSKA JUTRA U GRADSKOJ KNJI\\u017dNICI SENJ - Gradska knji\\u017enica Senj\",\"isPartOf\":{\"@id\":\"https:\/\/knjiznice.nsk.hr\/senj\/#website\"},\"primaryImageOfPage\":{\"@id\":\"https:\/\/knjiznice.nsk.hr\/senj\/nova-filmska-jutra-u-gradskoj-knjiznici-senj\/#primaryimage\"},\"datePublished\":\"2017-01-24T09:33:51+00:00\",\"dateModified\":\"2017-01-24T09:33:51+00:00\",\"author\":{\"@id\":\"https:\/\/knjiznice.nsk.hr\/senj\/#\/schema\/person\/c6b0893cdaca205d44fe2c322c042ac7\"},\"breadcrumb\":{\"@id\":\"https:\/\/knjiznice.nsk.hr\/senj\/nova-filmska-jutra-u-gradskoj-knjiznici-senj\/#breadcrumb\"},\"inLanguage\":\"hr\",\"potentialAction\":[{\"@type\":\"ReadAction\",\"target\":[\"https:\/\/knjiznice.nsk.hr\/senj\/nova-filmska-jutra-u-gradskoj-knjiznici-senj\/\"]}]},{\"@type\":\"BreadcrumbList\",\"@id\":\"https:\/\/knjiznice.nsk.hr\/senj\/nova-filmska-jutra-u-gradskoj-knjiznici-senj\/#breadcrumb\",\"itemListElement\":[{\"@type\":\"ListItem\",\"position\":1,\"item\":{\"@type\":\"WebPage\",\"@id\":\"https:\/\/knjiznice.nsk.hr\/senj\/\",\"url\":\"https:\/\/knjiznice.nsk.hr\/senj\/\",\"name\":\"Po\\u010detna stranica\"}},{\"@type\":\"ListItem\",\"position\":2,\"item\":{\"@id\":\"https:\/\/knjiznice.nsk.hr\/senj\/nova-filmska-jutra-u-gradskoj-knjiznici-senj\/#webpage\"}}]},{\"@type\":\"Person\",\"@id\":\"https:\/\/knjiznice.nsk.hr\/senj\/#\/schema\/person\/c6b0893cdaca205d44fe2c322c042ac7\",\"name\":\"senj\",\"image\":{\"@type\":\"ImageObject\",\"@id\":\"https:\/\/knjiznice.nsk.hr\/senj\/#personlogo\",\"inLanguage\":\"hr\",\"url\":\"https:\/\/secure.gravatar.com\/avatar\/b00e8e1a99b5ba41772fe68c6bcfd17c?s=96&d=mm&r=g\",\"contentUrl\":\"https:\/\/secure.gravatar.com\/avatar\/b00e8e1a99b5ba41772fe68c6bcfd17c?s=96&d=mm&r=g\",\"caption\":\"senj\"}}]}<\/script>\n<!-- \/ Yoast SEO plugin. -->","_links":{"self":[{"href":"https:\/\/knjiznice.nsk.hr\/senj\/wp-json\/wp\/v2\/posts\/963"}],"collection":[{"href":"https:\/\/knjiznice.nsk.hr\/senj\/wp-json\/wp\/v2\/posts"}],"about":[{"href":"https:\/\/knjiznice.nsk.hr\/senj\/wp-json\/wp\/v2\/types\/post"}],"author":[{"embeddable":true,"href":"https:\/\/knjiznice.nsk.hr\/senj\/wp-json\/wp\/v2\/users\/58"}],"replies":[{"embeddable":true,"href":"https:\/\/knjiznice.nsk.hr\/senj\/wp-json\/wp\/v2\/comments?post=963"}],"version-history":[{"count":1,"href":"https:\/\/knjiznice.nsk.hr\/senj\/wp-json\/wp\/v2\/posts\/963\/revisions"}],"predecessor-version":[{"id":965,"href":"https:\/\/knjiznice.nsk.hr\/senj\/wp-json\/wp\/v2\/posts\/963\/revisions\/965"}],"wp:featuredmedia":[{"embeddable":true,"href":"https:\/\/knjiznice.nsk.hr\/senj\/wp-json\/wp\/v2\/media\/964"}],"wp:attachment":[{"href":"https:\/\/knjiznice.nsk.hr\/senj\/wp-json\/wp\/v2\/media?parent=963"}],"wp:term":[{"taxonomy":"category","embeddable":true,"href":"https:\/\/knjiznice.nsk.hr\/senj\/wp-json\/wp\/v2\/categories?post=963"},{"taxonomy":"post_tag","embeddable":true,"href":"https:\/\/knjiznice.nsk.hr\/senj\/wp-json\/wp\/v2\/tags?post=963"}],"curies":[{"name":"wp","href":"https:\/\/api.w.org\/{rel}","templated":true}]}}