{"id":940,"date":"2016-12-20T06:03:21","date_gmt":"2016-12-20T06:03:21","guid":{"rendered":"http:\/\/knjiznice.nsk.hr\/senj\/?p=940"},"modified":"2016-12-20T06:03:21","modified_gmt":"2016-12-20T06:03:21","slug":"svako-dobro-zele-vam-vasi-knjiznicari","status":"publish","type":"post","link":"https:\/\/knjiznice.nsk.hr\/senj\/svako-dobro-zele-vam-vasi-knjiznicari\/","title":{"rendered":"SVAKO DOBRO \u017dELE VAM VA\u0160I KNJI\u017dNI\u010cARI!"},"content":{"rendered":"<p>Jo\u0161 jedna lijepa i uspje\u0161na godina dolazi svome koncu.<\/p>\n<p>Uz teku\u0107e knji\u017eni\u010darske poslove, u 2016. godini kupili smo i mnogo novih knjiga, radili otpis starih, ure\u0111ivali katalog i zbirke, radili ljestvice i statistike, pisali natje\u010daje\u2026 Tako\u0111er, uredili smo predivno novo skladi\u0161te, obnovili informati\u010dku opremu, nabavili novi namje\u0161taj. Odr\u017eali smo 49 doga\u0111aja raznih vrsta, za odrasle, djecu i mlade. Predstavljali smo knjige, otvarali izlo\u017ebe, organizirali humanitarne akcije, gledali filmove, radili radio emisije, odr\u017eavali radionice, obilje\u017eavali va\u017ene datume i obljetnice, svirali, pjevali, ma\u0161karali se, educirali, dru\u017eili se\u2026<\/p>\n<p><a href=\"http:\/\/knjiznice.nsk.hr\/senj\/wp-content\/uploads\/sites\/60\/2016\/12\/Photo-Collage-Maker_DV7EPy_resized_1.png\" rel=\"attachment wp-att-942\"><img loading=\"lazy\" class=\"alignnone size-medium wp-image-942\" src=\"http:\/\/knjiznice.nsk.hr\/senj\/wp-content\/uploads\/sites\/60\/2016\/12\/Photo-Collage-Maker_DV7EPy_resized_1-300x300.png\" alt=\"Photo Collage Maker_DV7EPy_resized_1\" width=\"300\" height=\"300\" srcset=\"https:\/\/knjiznice.nsk.hr\/senj\/wp-content\/uploads\/sites\/60\/2016\/12\/Photo-Collage-Maker_DV7EPy_resized_1-300x300.png 300w, https:\/\/knjiznice.nsk.hr\/senj\/wp-content\/uploads\/sites\/60\/2016\/12\/Photo-Collage-Maker_DV7EPy_resized_1-150x150.png 150w, https:\/\/knjiznice.nsk.hr\/senj\/wp-content\/uploads\/sites\/60\/2016\/12\/Photo-Collage-Maker_DV7EPy_resized_1-600x600.png 600w, https:\/\/knjiznice.nsk.hr\/senj\/wp-content\/uploads\/sites\/60\/2016\/12\/Photo-Collage-Maker_DV7EPy_resized_1.png 640w\" sizes=\"(max-width: 300px) 100vw, 300px\" \/><\/a>\u00a0 \u00a0 \u00a0 \u00a0<a href=\"http:\/\/knjiznice.nsk.hr\/senj\/wp-content\/uploads\/sites\/60\/2016\/12\/Photo-Collage-Maker_kaknFD_resized_1.png\" rel=\"attachment wp-att-943\"><img loading=\"lazy\" class=\"alignnone size-medium wp-image-943\" src=\"http:\/\/knjiznice.nsk.hr\/senj\/wp-content\/uploads\/sites\/60\/2016\/12\/Photo-Collage-Maker_kaknFD_resized_1-300x300.png\" alt=\"Photo Collage Maker_kaknFD_resized_1\" width=\"300\" height=\"300\" srcset=\"https:\/\/knjiznice.nsk.hr\/senj\/wp-content\/uploads\/sites\/60\/2016\/12\/Photo-Collage-Maker_kaknFD_resized_1-300x300.png 300w, https:\/\/knjiznice.nsk.hr\/senj\/wp-content\/uploads\/sites\/60\/2016\/12\/Photo-Collage-Maker_kaknFD_resized_1-150x150.png 150w, https:\/\/knjiznice.nsk.hr\/senj\/wp-content\/uploads\/sites\/60\/2016\/12\/Photo-Collage-Maker_kaknFD_resized_1-600x600.png 600w, https:\/\/knjiznice.nsk.hr\/senj\/wp-content\/uploads\/sites\/60\/2016\/12\/Photo-Collage-Maker_kaknFD_resized_1.png 640w\" sizes=\"(max-width: 300px) 100vw, 300px\" \/><\/a>\u00a0 \u00a0<a href=\"http:\/\/knjiznice.nsk.hr\/senj\/wp-content\/uploads\/sites\/60\/2016\/12\/Photo-Collage-Maker_pXFjHm_resized.png\" rel=\"attachment wp-att-944\"><img loading=\"lazy\" class=\"alignnone size-medium wp-image-944\" src=\"http:\/\/knjiznice.nsk.hr\/senj\/wp-content\/uploads\/sites\/60\/2016\/12\/Photo-Collage-Maker_pXFjHm_resized-300x300.png\" alt=\"Photo Collage Maker_pXFjHm_resized\" width=\"300\" height=\"300\" srcset=\"https:\/\/knjiznice.nsk.hr\/senj\/wp-content\/uploads\/sites\/60\/2016\/12\/Photo-Collage-Maker_pXFjHm_resized-300x300.png 300w, https:\/\/knjiznice.nsk.hr\/senj\/wp-content\/uploads\/sites\/60\/2016\/12\/Photo-Collage-Maker_pXFjHm_resized-150x150.png 150w, https:\/\/knjiznice.nsk.hr\/senj\/wp-content\/uploads\/sites\/60\/2016\/12\/Photo-Collage-Maker_pXFjHm_resized-600x600.png 600w, https:\/\/knjiznice.nsk.hr\/senj\/wp-content\/uploads\/sites\/60\/2016\/12\/Photo-Collage-Maker_pXFjHm_resized.png 640w\" sizes=\"(max-width: 300px) 100vw, 300px\" \/><\/a><\/p>\n<p>Od svega navedenoga, najva\u017eniji uspjeh nam je \u0161to nam rado dolazite, dragi korisnici i posjetitelji. Hvala Vam \u0161to posu\u0111ujete knjige i ostalu gra\u0111u, hvala Vam \u0161to \u010ditate novine i \u010dasopise i hvala vam od srca \u0161to u velikom broju posje\u0107ujete na\u0161e doga\u0111aje. To nam je najve\u0107i motiv za daljnji rad jer sve \u0161to radimo, radimo zbog vas. Tako\u0111er, hvala svima koji su kroz godinu sura\u0111ivali s na\u0161om ustanovom na raznim projektima te medijima na pra\u0107enju na\u0161ih aktivnosti.<\/p>\n<p>U ovoj novoj koja dolazi planiramo nastaviti istim tempom, a i uvesti razne nove stvari i doga\u0111aje kako bi na\u0161a ponuda gra\u0111e i doga\u0111aja bila jo\u0161 raznolikija i zanimljivija.<\/p>\n<p><a href=\"http:\/\/knjiznice.nsk.hr\/senj\/wp-content\/uploads\/sites\/60\/2016\/12\/Photo-Collage-Maker_Yx09wF_resized.png\" rel=\"attachment wp-att-945\"><img loading=\"lazy\" class=\"alignnone size-medium wp-image-945\" src=\"http:\/\/knjiznice.nsk.hr\/senj\/wp-content\/uploads\/sites\/60\/2016\/12\/Photo-Collage-Maker_Yx09wF_resized-300x300.png\" alt=\"Photo Collage Maker_Yx09wF_resized\" width=\"300\" height=\"300\" srcset=\"https:\/\/knjiznice.nsk.hr\/senj\/wp-content\/uploads\/sites\/60\/2016\/12\/Photo-Collage-Maker_Yx09wF_resized-300x300.png 300w, https:\/\/knjiznice.nsk.hr\/senj\/wp-content\/uploads\/sites\/60\/2016\/12\/Photo-Collage-Maker_Yx09wF_resized-150x150.png 150w, https:\/\/knjiznice.nsk.hr\/senj\/wp-content\/uploads\/sites\/60\/2016\/12\/Photo-Collage-Maker_Yx09wF_resized-600x600.png 600w, https:\/\/knjiznice.nsk.hr\/senj\/wp-content\/uploads\/sites\/60\/2016\/12\/Photo-Collage-Maker_Yx09wF_resized.png 640w\" sizes=\"(max-width: 300px) 100vw, 300px\" \/><\/a>\u00a0\u00a0<a href=\"http:\/\/knjiznice.nsk.hr\/senj\/wp-content\/uploads\/sites\/60\/2016\/12\/20161205_085333_resized.jpg\" rel=\"attachment wp-att-946\"><img loading=\"lazy\" class=\"alignnone size-medium wp-image-946\" src=\"http:\/\/knjiznice.nsk.hr\/senj\/wp-content\/uploads\/sites\/60\/2016\/12\/20161205_085333_resized-300x204.jpg\" alt=\"20161205_085333_resized\" width=\"300\" height=\"204\" srcset=\"https:\/\/knjiznice.nsk.hr\/senj\/wp-content\/uploads\/sites\/60\/2016\/12\/20161205_085333_resized-300x204.jpg 300w, https:\/\/knjiznice.nsk.hr\/senj\/wp-content\/uploads\/sites\/60\/2016\/12\/20161205_085333_resized-768x522.jpg 768w, https:\/\/knjiznice.nsk.hr\/senj\/wp-content\/uploads\/sites\/60\/2016\/12\/20161205_085333_resized-1024x695.jpg 1024w, https:\/\/knjiznice.nsk.hr\/senj\/wp-content\/uploads\/sites\/60\/2016\/12\/20161205_085333_resized-600x407.jpg 600w, https:\/\/knjiznice.nsk.hr\/senj\/wp-content\/uploads\/sites\/60\/2016\/12\/20161205_085333_resized.jpg 1334w\" sizes=\"(max-width: 300px) 100vw, 300px\" \/><\/a><\/p>\n<p>&nbsp;<\/p>\n<p>Svim na\u0161im dragim korisnicima, posjetiteljima i suradnicima kao i svim gra\u0111anima grada Senja od srca \u017eelimo sretan Bo\u017ei\u0107 i uspje\u0161nu i veselu novu godinu!<\/p>\n<p>Veselimo se novim susretima i dru\u017eenjima u novoj 2017. godini!!<\/p>\n<p>Djelatnici Gradske knji\u017enice Senj<\/p>\n<p>&nbsp;<\/p>\n","protected":false},"excerpt":{"rendered":"<p>Jo\u0161 jedna lijepa i uspje\u0161na godina dolazi svome koncu. Uz teku\u0107e knji\u017eni\u010darske poslove, u 2016. godini kupili smo i mnogo novih knjiga, radili otpis starih, ure\u0111ivali katalog i zbirke, radili ljestvice i statistike, pisali natje\u010daje\u2026 Tako\u0111er, uredili smo predivno novo skladi\u0161te, obnovili informati\u010dku opremu, nabavili novi namje\u0161taj. Odr\u017eali smo 49 doga\u0111aja raznih vrsta, za odrasle, [&hellip;]<\/p>\n","protected":false},"author":58,"featured_media":941,"comment_status":"closed","ping_status":"closed","sticky":false,"template":"","format":"standard","meta":{"ngg_post_thumbnail":0},"categories":[8],"tags":[],"yoast_head":"<!-- This site is optimized with the Yoast SEO plugin v16.4 - https:\/\/yoast.com\/wordpress\/plugins\/seo\/ -->\n<meta name=\"robots\" content=\"index, follow, max-snippet:-1, max-image-preview:large, max-video-preview:-1\" \/>\n<link rel=\"canonical\" href=\"http:\/\/knjiznice.nsk.hr\/senj\/svako-dobro-zele-vam-vasi-knjiznicari\/\" \/>\n<meta property=\"og:locale\" content=\"hr_HR\" \/>\n<meta property=\"og:type\" content=\"article\" \/>\n<meta property=\"og:title\" content=\"SVAKO DOBRO \u017dELE VAM VA\u0160I KNJI\u017dNI\u010cARI! - Gradska knji\u017enica Senj\" \/>\n<meta property=\"og:description\" content=\"Jo\u0161 jedna lijepa i uspje\u0161na godina dolazi svome koncu. Uz teku\u0107e knji\u017eni\u010darske poslove, u 2016. godini kupili smo i mnogo novih knjiga, radili otpis starih, ure\u0111ivali katalog i zbirke, radili ljestvice i statistike, pisali natje\u010daje\u2026 Tako\u0111er, uredili smo predivno novo skladi\u0161te, obnovili informati\u010dku opremu, nabavili novi namje\u0161taj. Odr\u017eali smo 49 doga\u0111aja raznih vrsta, za odrasle, [&hellip;]\" \/>\n<meta property=\"og:url\" content=\"http:\/\/knjiznice.nsk.hr\/senj\/svako-dobro-zele-vam-vasi-knjiznicari\/\" \/>\n<meta property=\"og:site_name\" content=\"Gradska knji\u017enica Senj\" \/>\n<meta property=\"article:publisher\" content=\"http:\/\/facebook.com\/Gradska-knji%c5%benica-SENJ\" \/>\n<meta property=\"article:published_time\" content=\"2016-12-20T06:03:21+00:00\" \/>\n<meta property=\"og:image\" content=\"http:\/\/knjiznice.nsk.hr\/senj\/wp-content\/uploads\/sites\/60\/2016\/12\/preuzmi.jpg\" \/>\n\t<meta property=\"og:image:width\" content=\"185\" \/>\n\t<meta property=\"og:image:height\" content=\"272\" \/>\n<meta name=\"twitter:label1\" content=\"Procijenjeno vrijeme \u010ditanja\" \/>\n\t<meta name=\"twitter:data1\" content=\"1 minuta\" \/>\n<script type=\"application\/ld+json\" class=\"yoast-schema-graph\">{\"@context\":\"https:\/\/schema.org\",\"@graph\":[{\"@type\":\"WebSite\",\"@id\":\"https:\/\/knjiznice.nsk.hr\/senj\/#website\",\"url\":\"https:\/\/knjiznice.nsk.hr\/senj\/\",\"name\":\"Gradska knji\\u017enica Senj\",\"description\":\"S vama od 1835. godine\",\"potentialAction\":[{\"@type\":\"SearchAction\",\"target\":\"https:\/\/knjiznice.nsk.hr\/senj\/?s={search_term_string}\",\"query-input\":\"required name=search_term_string\"}],\"inLanguage\":\"hr\"},{\"@type\":\"ImageObject\",\"@id\":\"http:\/\/knjiznice.nsk.hr\/senj\/svako-dobro-zele-vam-vasi-knjiznicari\/#primaryimage\",\"inLanguage\":\"hr\",\"url\":\"https:\/\/knjiznice.nsk.hr\/senj\/wp-content\/uploads\/sites\/60\/2016\/12\/preuzmi.jpg\",\"contentUrl\":\"https:\/\/knjiznice.nsk.hr\/senj\/wp-content\/uploads\/sites\/60\/2016\/12\/preuzmi.jpg\",\"width\":185,\"height\":272},{\"@type\":\"WebPage\",\"@id\":\"http:\/\/knjiznice.nsk.hr\/senj\/svako-dobro-zele-vam-vasi-knjiznicari\/#webpage\",\"url\":\"http:\/\/knjiznice.nsk.hr\/senj\/svako-dobro-zele-vam-vasi-knjiznicari\/\",\"name\":\"SVAKO DOBRO \\u017dELE VAM VA\\u0160I KNJI\\u017dNI\\u010cARI! - Gradska knji\\u017enica Senj\",\"isPartOf\":{\"@id\":\"https:\/\/knjiznice.nsk.hr\/senj\/#website\"},\"primaryImageOfPage\":{\"@id\":\"http:\/\/knjiznice.nsk.hr\/senj\/svako-dobro-zele-vam-vasi-knjiznicari\/#primaryimage\"},\"datePublished\":\"2016-12-20T06:03:21+00:00\",\"dateModified\":\"2016-12-20T06:03:21+00:00\",\"author\":{\"@id\":\"https:\/\/knjiznice.nsk.hr\/senj\/#\/schema\/person\/c6b0893cdaca205d44fe2c322c042ac7\"},\"breadcrumb\":{\"@id\":\"http:\/\/knjiznice.nsk.hr\/senj\/svako-dobro-zele-vam-vasi-knjiznicari\/#breadcrumb\"},\"inLanguage\":\"hr\",\"potentialAction\":[{\"@type\":\"ReadAction\",\"target\":[\"http:\/\/knjiznice.nsk.hr\/senj\/svako-dobro-zele-vam-vasi-knjiznicari\/\"]}]},{\"@type\":\"BreadcrumbList\",\"@id\":\"http:\/\/knjiznice.nsk.hr\/senj\/svako-dobro-zele-vam-vasi-knjiznicari\/#breadcrumb\",\"itemListElement\":[{\"@type\":\"ListItem\",\"position\":1,\"item\":{\"@type\":\"WebPage\",\"@id\":\"https:\/\/knjiznice.nsk.hr\/senj\/\",\"url\":\"https:\/\/knjiznice.nsk.hr\/senj\/\",\"name\":\"Po\\u010detna stranica\"}},{\"@type\":\"ListItem\",\"position\":2,\"item\":{\"@id\":\"http:\/\/knjiznice.nsk.hr\/senj\/svako-dobro-zele-vam-vasi-knjiznicari\/#webpage\"}}]},{\"@type\":\"Person\",\"@id\":\"https:\/\/knjiznice.nsk.hr\/senj\/#\/schema\/person\/c6b0893cdaca205d44fe2c322c042ac7\",\"name\":\"senj\",\"image\":{\"@type\":\"ImageObject\",\"@id\":\"https:\/\/knjiznice.nsk.hr\/senj\/#personlogo\",\"inLanguage\":\"hr\",\"url\":\"https:\/\/secure.gravatar.com\/avatar\/b00e8e1a99b5ba41772fe68c6bcfd17c?s=96&d=mm&r=g\",\"contentUrl\":\"https:\/\/secure.gravatar.com\/avatar\/b00e8e1a99b5ba41772fe68c6bcfd17c?s=96&d=mm&r=g\",\"caption\":\"senj\"}}]}<\/script>\n<!-- \/ Yoast SEO plugin. -->","_links":{"self":[{"href":"https:\/\/knjiznice.nsk.hr\/senj\/wp-json\/wp\/v2\/posts\/940"}],"collection":[{"href":"https:\/\/knjiznice.nsk.hr\/senj\/wp-json\/wp\/v2\/posts"}],"about":[{"href":"https:\/\/knjiznice.nsk.hr\/senj\/wp-json\/wp\/v2\/types\/post"}],"author":[{"embeddable":true,"href":"https:\/\/knjiznice.nsk.hr\/senj\/wp-json\/wp\/v2\/users\/58"}],"replies":[{"embeddable":true,"href":"https:\/\/knjiznice.nsk.hr\/senj\/wp-json\/wp\/v2\/comments?post=940"}],"version-history":[{"count":1,"href":"https:\/\/knjiznice.nsk.hr\/senj\/wp-json\/wp\/v2\/posts\/940\/revisions"}],"predecessor-version":[{"id":947,"href":"https:\/\/knjiznice.nsk.hr\/senj\/wp-json\/wp\/v2\/posts\/940\/revisions\/947"}],"wp:featuredmedia":[{"embeddable":true,"href":"https:\/\/knjiznice.nsk.hr\/senj\/wp-json\/wp\/v2\/media\/941"}],"wp:attachment":[{"href":"https:\/\/knjiznice.nsk.hr\/senj\/wp-json\/wp\/v2\/media?parent=940"}],"wp:term":[{"taxonomy":"category","embeddable":true,"href":"https:\/\/knjiznice.nsk.hr\/senj\/wp-json\/wp\/v2\/categories?post=940"},{"taxonomy":"post_tag","embeddable":true,"href":"https:\/\/knjiznice.nsk.hr\/senj\/wp-json\/wp\/v2\/tags?post=940"}],"curies":[{"name":"wp","href":"https:\/\/api.w.org\/{rel}","templated":true}]}}