{"id":930,"date":"2016-12-11T06:29:25","date_gmt":"2016-12-11T06:29:25","guid":{"rendered":"http:\/\/knjiznice.nsk.hr\/senj\/?p=930"},"modified":"2016-12-11T06:29:25","modified_gmt":"2016-12-11T06:29:25","slug":"zavrsen-ciklus-blagdanskih-radionica-u-gradskoj-knjiznici-senj","status":"publish","type":"post","link":"https:\/\/knjiznice.nsk.hr\/senj\/zavrsen-ciklus-blagdanskih-radionica-u-gradskoj-knjiznici-senj\/","title":{"rendered":"ZAVR\u0160EN CIKLUS BLAGDANSKIH RADIONICA U GRADSKOJ KNJI\u017dNICI SENJ"},"content":{"rendered":"<p>Ovu subotu, 10. prosinca odr\u017eana je u Gradskoj knji\u017enici Senj tre\u0107a i posljednja ovogodi\u0161nja Knji\u017eni\u010dna bo\u017ei\u0107na radionica.<\/p>\n<p>Slu\u0161ali smo bo\u017ei\u0107ne pjesme, \u010ditali prigodne bo\u017ei\u0107ne pri\u010de te smo izradili balotice u obliku knjiga i okitili predivan bijeli bori\u0107 u knji\u017enici. Na balotice-knjigice polaznici su napisali svoje \u017eelje i narisli svoj do\u017eivljaj ovog najljep\u0161eg i najtoplijeg blagdana u godini. Kroz \u010ditanje pri\u010da, slikanje, pisanje i razgovor o blagdanima, djeci smo isticali da Bo\u017ei\u0107 nisu darovi i materijalne vrijednosti nego toplina srca i radost dru\u017eenja. U skladu s tim, dje\u010dica su na balotice napisala lijepe bo\u017ei\u0107ne \u017eelje-za mir u svijet, da djeca ne budu gladna, da ne bude rata, da nitko nije tu\u017ean i da se svi vole i budu zdravi.<\/p>\n<p>Na kraju susreta uprili\u010dena je i dodjela nagrada i priznanja naj\u010dita\u010dima Gradske knji\u017enice Senj u kategoriji djece za 2016. godinu gdje su nagrade odnijeli lanjski naj\u010dita\u010di Bojana Butorac i Maro \u0160toki\u0107. Dva dana ranije podijelili smo nagrade naj\u010dita\u010dici i naj\u010dita\u010du u kategoriji odraslih \u010dita\u010da u kojoj je i ove je godine uvjerljivo pobijedila g\u0111a. Nada Tomljanovi\u0107, a naj\u010dita\u010d ove je godine gdin. Stjepan Gregovi\u0107. \u010cestitamo od srca svim nagra\u0111enima i ponosimo se svojim naj\u010dita\u010dima, pogotovo onim najmla\u0111ima na kojima svijet \u010ditanja ostaje.<\/p>\n<p>Knji\u017eni\u010dne bo\u017ei\u0107ne radionice odvijale su se u sklopu bogatog bo\u017ei\u0107nog programa u gradu pod Nehajem pod nazivom <em>Advent u Senju <\/em>koji organizira i kojim koordinira Turisti\u010dka zajednica Grada Senja u suradnji s brojnim senjskim ustanovama i udrugama.<\/p>\n<p>Kroz tri susreta djeci smo kroz razne aktivnosti obogatili ove blagdanske dane.<\/p>\n<p>Educirali smo ih o pravim vrijednostima Bo\u017ei\u0107a kao sto su ljubav, dru\u017eenje, opra\u0161tanje te radost zajedni\u0161tva te smo ih upu\u0107ivali na korisnost i ljepotu \u010ditanja. Tako\u0111er, u suradnji s Foto klubom Senj djeca su u\u010dila o fotografiji i na zabavan na\u010din upoznala osnove fotografiranja. Uz to,izra\u0111ivali smo nakit za jelku na Potoku, pisali smo pisama djedu Bo\u017ei\u0107njaku te kreirali bo\u017ei\u0107ne \u010destitke.<\/p>\n<p>Bilo je ugodno, veselo, pou\u010dno i zabavno. Hvala djeci i roditeljima na dolasku i vidimo se i dogodine. Uz to, srda\u010dno zahvaljujemo Foto klubu Senj i Turisti\u010dkoj zajednici Grada Senja na lijepoj suradnji.<\/p>\n<p>GALERIJE SVIH RADIONICA I DODJELA NAGRADA NA FB STRANICAMA GK SENJ<\/p>\n<p>&nbsp;<\/p>\n","protected":false},"excerpt":{"rendered":"<p>Ovu subotu, 10. prosinca odr\u017eana je u Gradskoj knji\u017enici Senj tre\u0107a i posljednja ovogodi\u0161nja Knji\u017eni\u010dna bo\u017ei\u0107na radionica. Slu\u0161ali smo bo\u017ei\u0107ne pjesme, \u010ditali prigodne bo\u017ei\u0107ne pri\u010de te smo izradili balotice u obliku knjiga i okitili predivan bijeli bori\u0107 u knji\u017enici. Na balotice-knjigice polaznici su napisali svoje \u017eelje i narisli svoj do\u017eivljaj ovog najljep\u0161eg i najtoplijeg blagdana [&hellip;]<\/p>\n","protected":false},"author":58,"featured_media":931,"comment_status":"closed","ping_status":"closed","sticky":false,"template":"","format":"standard","meta":{"ngg_post_thumbnail":0},"categories":[8],"tags":[],"yoast_head":"<!-- This site is optimized with the Yoast SEO plugin v16.4 - https:\/\/yoast.com\/wordpress\/plugins\/seo\/ -->\n<meta name=\"robots\" content=\"index, follow, max-snippet:-1, max-image-preview:large, max-video-preview:-1\" \/>\n<link rel=\"canonical\" href=\"http:\/\/knjiznice.nsk.hr\/senj\/zavrsen-ciklus-blagdanskih-radionica-u-gradskoj-knjiznici-senj\/\" \/>\n<meta property=\"og:locale\" content=\"hr_HR\" \/>\n<meta property=\"og:type\" content=\"article\" \/>\n<meta property=\"og:title\" content=\"ZAVR\u0160EN CIKLUS BLAGDANSKIH RADIONICA U GRADSKOJ KNJI\u017dNICI SENJ - Gradska knji\u017enica Senj\" \/>\n<meta property=\"og:description\" content=\"Ovu subotu, 10. prosinca odr\u017eana je u Gradskoj knji\u017enici Senj tre\u0107a i posljednja ovogodi\u0161nja Knji\u017eni\u010dna bo\u017ei\u0107na radionica. Slu\u0161ali smo bo\u017ei\u0107ne pjesme, \u010ditali prigodne bo\u017ei\u0107ne pri\u010de te smo izradili balotice u obliku knjiga i okitili predivan bijeli bori\u0107 u knji\u017enici. Na balotice-knjigice polaznici su napisali svoje \u017eelje i narisli svoj do\u017eivljaj ovog najljep\u0161eg i najtoplijeg blagdana [&hellip;]\" \/>\n<meta property=\"og:url\" content=\"http:\/\/knjiznice.nsk.hr\/senj\/zavrsen-ciklus-blagdanskih-radionica-u-gradskoj-knjiznici-senj\/\" \/>\n<meta property=\"og:site_name\" content=\"Gradska knji\u017enica Senj\" \/>\n<meta property=\"article:publisher\" content=\"http:\/\/facebook.com\/Gradska-knji%c5%benica-SENJ\" \/>\n<meta property=\"article:published_time\" content=\"2016-12-11T06:29:25+00:00\" \/>\n<meta property=\"og:image\" content=\"http:\/\/knjiznice.nsk.hr\/senj\/wp-content\/uploads\/sites\/60\/2016\/12\/IMG_2136.jpg\" \/>\n\t<meta property=\"og:image:width\" content=\"400\" \/>\n\t<meta property=\"og:image:height\" content=\"300\" \/>\n<meta name=\"twitter:label1\" content=\"Procijenjeno vrijeme \u010ditanja\" \/>\n\t<meta name=\"twitter:data1\" content=\"2 minute\" \/>\n<script type=\"application\/ld+json\" class=\"yoast-schema-graph\">{\"@context\":\"https:\/\/schema.org\",\"@graph\":[{\"@type\":\"WebSite\",\"@id\":\"https:\/\/knjiznice.nsk.hr\/senj\/#website\",\"url\":\"https:\/\/knjiznice.nsk.hr\/senj\/\",\"name\":\"Gradska knji\\u017enica Senj\",\"description\":\"S vama od 1835. godine\",\"potentialAction\":[{\"@type\":\"SearchAction\",\"target\":\"https:\/\/knjiznice.nsk.hr\/senj\/?s={search_term_string}\",\"query-input\":\"required name=search_term_string\"}],\"inLanguage\":\"hr\"},{\"@type\":\"ImageObject\",\"@id\":\"http:\/\/knjiznice.nsk.hr\/senj\/zavrsen-ciklus-blagdanskih-radionica-u-gradskoj-knjiznici-senj\/#primaryimage\",\"inLanguage\":\"hr\",\"url\":\"https:\/\/knjiznice.nsk.hr\/senj\/wp-content\/uploads\/sites\/60\/2016\/12\/IMG_2136.jpg\",\"contentUrl\":\"https:\/\/knjiznice.nsk.hr\/senj\/wp-content\/uploads\/sites\/60\/2016\/12\/IMG_2136.jpg\",\"width\":400,\"height\":300},{\"@type\":\"WebPage\",\"@id\":\"http:\/\/knjiznice.nsk.hr\/senj\/zavrsen-ciklus-blagdanskih-radionica-u-gradskoj-knjiznici-senj\/#webpage\",\"url\":\"http:\/\/knjiznice.nsk.hr\/senj\/zavrsen-ciklus-blagdanskih-radionica-u-gradskoj-knjiznici-senj\/\",\"name\":\"ZAVR\\u0160EN CIKLUS BLAGDANSKIH RADIONICA U GRADSKOJ KNJI\\u017dNICI SENJ - Gradska knji\\u017enica Senj\",\"isPartOf\":{\"@id\":\"https:\/\/knjiznice.nsk.hr\/senj\/#website\"},\"primaryImageOfPage\":{\"@id\":\"http:\/\/knjiznice.nsk.hr\/senj\/zavrsen-ciklus-blagdanskih-radionica-u-gradskoj-knjiznici-senj\/#primaryimage\"},\"datePublished\":\"2016-12-11T06:29:25+00:00\",\"dateModified\":\"2016-12-11T06:29:25+00:00\",\"author\":{\"@id\":\"https:\/\/knjiznice.nsk.hr\/senj\/#\/schema\/person\/c6b0893cdaca205d44fe2c322c042ac7\"},\"breadcrumb\":{\"@id\":\"http:\/\/knjiznice.nsk.hr\/senj\/zavrsen-ciklus-blagdanskih-radionica-u-gradskoj-knjiznici-senj\/#breadcrumb\"},\"inLanguage\":\"hr\",\"potentialAction\":[{\"@type\":\"ReadAction\",\"target\":[\"http:\/\/knjiznice.nsk.hr\/senj\/zavrsen-ciklus-blagdanskih-radionica-u-gradskoj-knjiznici-senj\/\"]}]},{\"@type\":\"BreadcrumbList\",\"@id\":\"http:\/\/knjiznice.nsk.hr\/senj\/zavrsen-ciklus-blagdanskih-radionica-u-gradskoj-knjiznici-senj\/#breadcrumb\",\"itemListElement\":[{\"@type\":\"ListItem\",\"position\":1,\"item\":{\"@type\":\"WebPage\",\"@id\":\"https:\/\/knjiznice.nsk.hr\/senj\/\",\"url\":\"https:\/\/knjiznice.nsk.hr\/senj\/\",\"name\":\"Po\\u010detna stranica\"}},{\"@type\":\"ListItem\",\"position\":2,\"item\":{\"@id\":\"http:\/\/knjiznice.nsk.hr\/senj\/zavrsen-ciklus-blagdanskih-radionica-u-gradskoj-knjiznici-senj\/#webpage\"}}]},{\"@type\":\"Person\",\"@id\":\"https:\/\/knjiznice.nsk.hr\/senj\/#\/schema\/person\/c6b0893cdaca205d44fe2c322c042ac7\",\"name\":\"senj\",\"image\":{\"@type\":\"ImageObject\",\"@id\":\"https:\/\/knjiznice.nsk.hr\/senj\/#personlogo\",\"inLanguage\":\"hr\",\"url\":\"https:\/\/secure.gravatar.com\/avatar\/b00e8e1a99b5ba41772fe68c6bcfd17c?s=96&d=mm&r=g\",\"contentUrl\":\"https:\/\/secure.gravatar.com\/avatar\/b00e8e1a99b5ba41772fe68c6bcfd17c?s=96&d=mm&r=g\",\"caption\":\"senj\"}}]}<\/script>\n<!-- \/ Yoast SEO plugin. -->","_links":{"self":[{"href":"https:\/\/knjiznice.nsk.hr\/senj\/wp-json\/wp\/v2\/posts\/930"}],"collection":[{"href":"https:\/\/knjiznice.nsk.hr\/senj\/wp-json\/wp\/v2\/posts"}],"about":[{"href":"https:\/\/knjiznice.nsk.hr\/senj\/wp-json\/wp\/v2\/types\/post"}],"author":[{"embeddable":true,"href":"https:\/\/knjiznice.nsk.hr\/senj\/wp-json\/wp\/v2\/users\/58"}],"replies":[{"embeddable":true,"href":"https:\/\/knjiznice.nsk.hr\/senj\/wp-json\/wp\/v2\/comments?post=930"}],"version-history":[{"count":1,"href":"https:\/\/knjiznice.nsk.hr\/senj\/wp-json\/wp\/v2\/posts\/930\/revisions"}],"predecessor-version":[{"id":932,"href":"https:\/\/knjiznice.nsk.hr\/senj\/wp-json\/wp\/v2\/posts\/930\/revisions\/932"}],"wp:featuredmedia":[{"embeddable":true,"href":"https:\/\/knjiznice.nsk.hr\/senj\/wp-json\/wp\/v2\/media\/931"}],"wp:attachment":[{"href":"https:\/\/knjiznice.nsk.hr\/senj\/wp-json\/wp\/v2\/media?parent=930"}],"wp:term":[{"taxonomy":"category","embeddable":true,"href":"https:\/\/knjiznice.nsk.hr\/senj\/wp-json\/wp\/v2\/categories?post=930"},{"taxonomy":"post_tag","embeddable":true,"href":"https:\/\/knjiznice.nsk.hr\/senj\/wp-json\/wp\/v2\/tags?post=930"}],"curies":[{"name":"wp","href":"https:\/\/api.w.org\/{rel}","templated":true}]}}