{"id":909,"date":"2016-11-25T07:10:03","date_gmt":"2016-11-25T07:10:03","guid":{"rendered":"http:\/\/knjiznice.nsk.hr\/senj\/?p=909"},"modified":"2016-11-25T07:10:03","modified_gmt":"2016-11-25T07:10:03","slug":"startale-knjiznicne-bozicne-radionice-te-program-advent-u-senju","status":"publish","type":"post","link":"https:\/\/knjiznice.nsk.hr\/senj\/startale-knjiznicne-bozicne-radionice-te-program-advent-u-senju\/","title":{"rendered":"STARTALE KNJI\u017dNI\u010cNE BO\u017dI\u0106NE RADIONICE TE PROGRAM ADVENT U SENJU"},"content":{"rendered":"<p>Veselo i uz zvukove bo\u017ei\u0107nih pjesama startale su ju\u010der u Gradskoj knji\u017enici Senj <em>Knji\u017eni\u010dne bo\u017ei\u0107ne radionice<\/em>. To je ujedno i prvi doga\u0111aj s kojim kre\u0107e bogati bo\u017ei\u0107ni program u gradu pod Nehajem pod nazivom <em>Advent u Senju <\/em>koji organizira i kojim koordinira Turisti\u010dka zajednica Grada Senja u suradnji s brojnim senjskim ustanovama i udrugama. Knji\u017enica se u gradski program uklju\u010dila sa svoje tri radionice na kojima najmla\u0111i imaju prilike kroz izradu nakita, blagdansku pjesmu, \u010ditanje bo\u017ei\u0107nih pri\u010da i razne druge aktivnosti u\u017eivati u blagdanskom ugo\u0111aju!<\/p>\n<p>Na ju\u010dera\u0161njoj knji\u017eni\u010dnoj radionici pod nazivom <em>Bo\u017ei\u0107 dolazi<\/em> djeca su u\u017eivala ne samo u prigodnoj glazbi, nego i u slu\u0161anju bo\u017ei\u0107nih pri\u010da te u razgovoru na temu nadolaze\u0107ih blagdana, a izra\u0111ivali smo i nakit za veliku jelku koja \u0107e ove subote biti oki\u0107ena na Potoku.<\/p>\n<p>Djeca su aktivno sudjelovala u radionici, veselo odgovara na sva pitanja vezana za obradu bo\u017ei\u0107nih tekstova te vrijedno izradila lijepe ukrase za gradski bor, a na kraju smo se svi po\u010dastili slatki\u0161ima.<\/p>\n<p>Kroz \u010ditanje, dru\u017eenje i razgovor zajedno smo zaklju\u010dili da nisu va\u017eni skupi ukrasi i pokloni, ve\u0107 dru\u017eenje s najmilijima i u\u017eivanje u ugodnom blagdanskom ozra\u010dju.<\/p>\n<p>Hvala dragoj dje\u010dici i roditeljima na dolasku i veselimo se novim susretima. Tako\u0111er, hvala suorganizatoru Turisti\u010dkoj zajednici Grada Senja na lijepoj suradnji te medijima na pra\u0107enju.<\/p>\n<p>Sljede\u0107a knji\u017eni\u010dna radionica <em>Fotobo\u017ei\u0107na \u010darolija<\/em> odr\u017eat \u0107e se sljede\u0107i \u010detvrtak, 1. prosinca s po\u010detkom u 17 sati i to u suradnji s Fotoklubom Senj. Djeca \u0107e u\u017eivati u bo\u017ei\u0107nim pri\u010dama, pisanju pisama Djedu bo\u017ei\u0107njaku i izradi \u010destitki te u fotografiranju, a \u010dlanovi Fotokluba Senj pou\u010diti \u0107e ih osnovama fotografije i pokazati im svoju fotoopremu.<\/p>\n<p>Tre\u0107a i posljednja ovogodi\u0161nja knji\u017eni\u010dna blagdanska radionica odr\u017eat \u0107e se u subotu, 10. prosinca u 9 ujutro kada \u0107emo uz bo\u017ei\u0107ne pjesme i pri\u010de izraditi balotice u obliku knjiga i okititi bori\u0107 u knji\u017enici,a bit \u0107e uprili\u010dena i dodjela nagrada naj\u010dita\u010dima za 2016. godinu.<\/p>\n<p>galerija na FB stranicama GK Senj<\/p>\n","protected":false},"excerpt":{"rendered":"<p>Veselo i uz zvukove bo\u017ei\u0107nih pjesama startale su ju\u010der u Gradskoj knji\u017enici Senj Knji\u017eni\u010dne bo\u017ei\u0107ne radionice. To je ujedno i prvi doga\u0111aj s kojim kre\u0107e bogati bo\u017ei\u0107ni program u gradu pod Nehajem pod nazivom Advent u Senju koji organizira i kojim koordinira Turisti\u010dka zajednica Grada Senja u suradnji s brojnim senjskim ustanovama i udrugama. Knji\u017enica [&hellip;]<\/p>\n","protected":false},"author":58,"featured_media":910,"comment_status":"closed","ping_status":"closed","sticky":false,"template":"","format":"standard","meta":{"ngg_post_thumbnail":0},"categories":[8],"tags":[],"yoast_head":"<!-- This site is optimized with the Yoast SEO plugin v16.4 - https:\/\/yoast.com\/wordpress\/plugins\/seo\/ -->\n<meta name=\"robots\" content=\"index, follow, max-snippet:-1, max-image-preview:large, max-video-preview:-1\" \/>\n<link rel=\"canonical\" href=\"http:\/\/knjiznice.nsk.hr\/senj\/startale-knjiznicne-bozicne-radionice-te-program-advent-u-senju\/\" \/>\n<meta property=\"og:locale\" content=\"hr_HR\" \/>\n<meta property=\"og:type\" content=\"article\" \/>\n<meta property=\"og:title\" content=\"STARTALE KNJI\u017dNI\u010cNE BO\u017dI\u0106NE RADIONICE TE PROGRAM ADVENT U SENJU - Gradska knji\u017enica Senj\" \/>\n<meta property=\"og:description\" content=\"Veselo i uz zvukove bo\u017ei\u0107nih pjesama startale su ju\u010der u Gradskoj knji\u017enici Senj Knji\u017eni\u010dne bo\u017ei\u0107ne radionice. To je ujedno i prvi doga\u0111aj s kojim kre\u0107e bogati bo\u017ei\u0107ni program u gradu pod Nehajem pod nazivom Advent u Senju koji organizira i kojim koordinira Turisti\u010dka zajednica Grada Senja u suradnji s brojnim senjskim ustanovama i udrugama. Knji\u017enica [&hellip;]\" \/>\n<meta property=\"og:url\" content=\"http:\/\/knjiznice.nsk.hr\/senj\/startale-knjiznicne-bozicne-radionice-te-program-advent-u-senju\/\" \/>\n<meta property=\"og:site_name\" content=\"Gradska knji\u017enica Senj\" \/>\n<meta property=\"article:publisher\" content=\"http:\/\/facebook.com\/Gradska-knji%c5%benica-SENJ\" \/>\n<meta property=\"article:published_time\" content=\"2016-11-25T07:10:03+00:00\" \/>\n<meta property=\"og:image\" content=\"http:\/\/knjiznice.nsk.hr\/senj\/wp-content\/uploads\/sites\/60\/2016\/11\/image-0-02-05-74d074e9489828a24a8c480bac0145811d91d6d4a90a59c5e9f703b9e59e5844-V.jpg\" \/>\n\t<meta property=\"og:image:width\" content=\"400\" \/>\n\t<meta property=\"og:image:height\" content=\"300\" \/>\n<meta name=\"twitter:label1\" content=\"Procijenjeno vrijeme \u010ditanja\" \/>\n\t<meta name=\"twitter:data1\" content=\"2 minute\" \/>\n<script type=\"application\/ld+json\" class=\"yoast-schema-graph\">{\"@context\":\"https:\/\/schema.org\",\"@graph\":[{\"@type\":\"WebSite\",\"@id\":\"https:\/\/knjiznice.nsk.hr\/senj\/#website\",\"url\":\"https:\/\/knjiznice.nsk.hr\/senj\/\",\"name\":\"Gradska knji\\u017enica Senj\",\"description\":\"S vama od 1835. godine\",\"potentialAction\":[{\"@type\":\"SearchAction\",\"target\":\"https:\/\/knjiznice.nsk.hr\/senj\/?s={search_term_string}\",\"query-input\":\"required name=search_term_string\"}],\"inLanguage\":\"hr\"},{\"@type\":\"ImageObject\",\"@id\":\"http:\/\/knjiznice.nsk.hr\/senj\/startale-knjiznicne-bozicne-radionice-te-program-advent-u-senju\/#primaryimage\",\"inLanguage\":\"hr\",\"url\":\"https:\/\/knjiznice.nsk.hr\/senj\/wp-content\/uploads\/sites\/60\/2016\/11\/image-0-02-05-74d074e9489828a24a8c480bac0145811d91d6d4a90a59c5e9f703b9e59e5844-V.jpg\",\"contentUrl\":\"https:\/\/knjiznice.nsk.hr\/senj\/wp-content\/uploads\/sites\/60\/2016\/11\/image-0-02-05-74d074e9489828a24a8c480bac0145811d91d6d4a90a59c5e9f703b9e59e5844-V.jpg\",\"width\":400,\"height\":300},{\"@type\":\"WebPage\",\"@id\":\"http:\/\/knjiznice.nsk.hr\/senj\/startale-knjiznicne-bozicne-radionice-te-program-advent-u-senju\/#webpage\",\"url\":\"http:\/\/knjiznice.nsk.hr\/senj\/startale-knjiznicne-bozicne-radionice-te-program-advent-u-senju\/\",\"name\":\"STARTALE KNJI\\u017dNI\\u010cNE BO\\u017dI\\u0106NE RADIONICE TE PROGRAM ADVENT U SENJU - Gradska knji\\u017enica Senj\",\"isPartOf\":{\"@id\":\"https:\/\/knjiznice.nsk.hr\/senj\/#website\"},\"primaryImageOfPage\":{\"@id\":\"http:\/\/knjiznice.nsk.hr\/senj\/startale-knjiznicne-bozicne-radionice-te-program-advent-u-senju\/#primaryimage\"},\"datePublished\":\"2016-11-25T07:10:03+00:00\",\"dateModified\":\"2016-11-25T07:10:03+00:00\",\"author\":{\"@id\":\"https:\/\/knjiznice.nsk.hr\/senj\/#\/schema\/person\/c6b0893cdaca205d44fe2c322c042ac7\"},\"breadcrumb\":{\"@id\":\"http:\/\/knjiznice.nsk.hr\/senj\/startale-knjiznicne-bozicne-radionice-te-program-advent-u-senju\/#breadcrumb\"},\"inLanguage\":\"hr\",\"potentialAction\":[{\"@type\":\"ReadAction\",\"target\":[\"http:\/\/knjiznice.nsk.hr\/senj\/startale-knjiznicne-bozicne-radionice-te-program-advent-u-senju\/\"]}]},{\"@type\":\"BreadcrumbList\",\"@id\":\"http:\/\/knjiznice.nsk.hr\/senj\/startale-knjiznicne-bozicne-radionice-te-program-advent-u-senju\/#breadcrumb\",\"itemListElement\":[{\"@type\":\"ListItem\",\"position\":1,\"item\":{\"@type\":\"WebPage\",\"@id\":\"https:\/\/knjiznice.nsk.hr\/senj\/\",\"url\":\"https:\/\/knjiznice.nsk.hr\/senj\/\",\"name\":\"Po\\u010detna stranica\"}},{\"@type\":\"ListItem\",\"position\":2,\"item\":{\"@id\":\"http:\/\/knjiznice.nsk.hr\/senj\/startale-knjiznicne-bozicne-radionice-te-program-advent-u-senju\/#webpage\"}}]},{\"@type\":\"Person\",\"@id\":\"https:\/\/knjiznice.nsk.hr\/senj\/#\/schema\/person\/c6b0893cdaca205d44fe2c322c042ac7\",\"name\":\"senj\",\"image\":{\"@type\":\"ImageObject\",\"@id\":\"https:\/\/knjiznice.nsk.hr\/senj\/#personlogo\",\"inLanguage\":\"hr\",\"url\":\"https:\/\/secure.gravatar.com\/avatar\/b00e8e1a99b5ba41772fe68c6bcfd17c?s=96&d=mm&r=g\",\"contentUrl\":\"https:\/\/secure.gravatar.com\/avatar\/b00e8e1a99b5ba41772fe68c6bcfd17c?s=96&d=mm&r=g\",\"caption\":\"senj\"}}]}<\/script>\n<!-- \/ Yoast SEO plugin. -->","_links":{"self":[{"href":"https:\/\/knjiznice.nsk.hr\/senj\/wp-json\/wp\/v2\/posts\/909"}],"collection":[{"href":"https:\/\/knjiznice.nsk.hr\/senj\/wp-json\/wp\/v2\/posts"}],"about":[{"href":"https:\/\/knjiznice.nsk.hr\/senj\/wp-json\/wp\/v2\/types\/post"}],"author":[{"embeddable":true,"href":"https:\/\/knjiznice.nsk.hr\/senj\/wp-json\/wp\/v2\/users\/58"}],"replies":[{"embeddable":true,"href":"https:\/\/knjiznice.nsk.hr\/senj\/wp-json\/wp\/v2\/comments?post=909"}],"version-history":[{"count":1,"href":"https:\/\/knjiznice.nsk.hr\/senj\/wp-json\/wp\/v2\/posts\/909\/revisions"}],"predecessor-version":[{"id":911,"href":"https:\/\/knjiznice.nsk.hr\/senj\/wp-json\/wp\/v2\/posts\/909\/revisions\/911"}],"wp:featuredmedia":[{"embeddable":true,"href":"https:\/\/knjiznice.nsk.hr\/senj\/wp-json\/wp\/v2\/media\/910"}],"wp:attachment":[{"href":"https:\/\/knjiznice.nsk.hr\/senj\/wp-json\/wp\/v2\/media?parent=909"}],"wp:term":[{"taxonomy":"category","embeddable":true,"href":"https:\/\/knjiznice.nsk.hr\/senj\/wp-json\/wp\/v2\/categories?post=909"},{"taxonomy":"post_tag","embeddable":true,"href":"https:\/\/knjiznice.nsk.hr\/senj\/wp-json\/wp\/v2\/tags?post=909"}],"curies":[{"name":"wp","href":"https:\/\/api.w.org\/{rel}","templated":true}]}}