{"id":891,"date":"2016-11-11T17:33:46","date_gmt":"2016-11-11T17:33:46","guid":{"rendered":"http:\/\/knjiznice.nsk.hr\/senj\/?p=891"},"modified":"2016-11-11T17:33:46","modified_gmt":"2016-11-11T17:33:46","slug":"25-godisnjica-pada-vukovara-program-da-se-ne-zaboravi","status":"publish","type":"post","link":"https:\/\/knjiznice.nsk.hr\/senj\/25-godisnjica-pada-vukovara-program-da-se-ne-zaboravi\/","title":{"rendered":"25. GODI\u0160NJICA PADA VUKOVARA-PROGRAM &#8220;DA SE NE ZABORAVI&#8221;"},"content":{"rendered":"<p style=\"text-align: center\">Gradska knji\u017enica Senj i Srednja \u0161kola Pavla Rittera Vitezovi\u0107a u Senju organiziraju program \u201eDA SE NE ZABORAVI\u201c<\/p>\n<p style=\"text-align: center\">U tjednu u kojem se obilje\u017eava 25. obljetnica pada Vukovara, Gradska knji\u017enica Senj i Srednja \u0161kola Pavla Rittera Vitezovi\u0107a u Senju organiziraju dva edukativna povijesno-knji\u017eevna doga\u0111aja kojima je cilj o\u010duvati uspomenu na Domovinski rat i osvijestiti mlade<\/p>\n<p style=\"text-align: center\">\u0161to se to ne tako davno doga\u0111alo djeci njihovih godina u njihovoj domovini.<\/p>\n<p style=\"text-align: center\">\n<p style=\"text-align: center\">\n<p style=\"text-align: center\">\n<ul style=\"text-align: center\">\n<li><strong>UTORAK, 15. STUDENOGA 2016. -10 SATI-GRADSKA KNJI\u017dNICA SENJ<\/strong><\/li>\n<\/ul>\n<p style=\"text-align: center\">PREDSTAVLJANJE ROMANA BOJANE MEAND\u017dIJE \u2013 \u201cTR\u010cI! NE \u010cEKAJ ME\u2026\u201d<\/p>\n<p style=\"text-align: center\">Rije\u010d je o autobiografskom romanu djevoj\u010dice u Domovinskom ratu \u2013 tada trinaestogodi\u0161nje Karlov\u010danke koja je dio zapisa koji su se na\u0161li u romanu zapisivala u prvim ratnim danima u vla\u017enom podrumu na drvenim letvicama drvarnice u svojoj zgradi, gdje se i danas mogu vidjeti. \u010cetiri godine straha, patnje, ali i ro\u0111endani, prve ljubavi, tulumi i slavlja u te\u0161kim ratnim danima, a sve to iz perspektive djevoj\u010dice na ulazu u tinejd\u017eersko doba dirljivo su i potresno \u0161tivo koje nikoga ne ostavlja ravnodu\u0161nim. Uz predstavljanje romana, svoja iskustva iz rata sa u\u010denicima \u0107e podijeliti \u010dasnik HV-a gdin. Bo\u0161ko Ramljak.<\/p>\n<p style=\"text-align: center\">Doga\u0111aj je tim vredniji jer \u0107e polaznici Povijesne grupe pod vodstvom prof. Silvija \u0160ojata ne samo slu\u0161ati predstavljanje nego i napraviti prezentaciju \u201ePovijesna doga\u0111anja u vrijeme pisanja romana (o Domovinskom ratu s naglaskom na doga\u0111anja u Karlovcu)\u201c.<\/p>\n<p style=\"text-align: center\">\n<ul style=\"text-align: center\">\n<li><strong>PETAK, 18. STUDENOGA 2016. GODINE:<\/strong><\/li>\n<\/ul>\n<p style=\"text-align: center\">-10 sati \u2013 plato ispred srednje \u0161kole-paljenje svije\u0107a i prigodni program obilje\u017eavanja godi\u0161njice pada Vukovara;<\/p>\n<p style=\"text-align: center\">-11 sati &#8211; Gradska knji\u017enica Senj-Izlo\u017eba knjiga o Vukovaru i Domovinskom ratu te powerpoint prezentacija ravnateljice knji\u017enice o Vukovaru, njegovoj povijesti i bogatoj kulturi te njegovoj \u017ertvi kao i o literaturi, glazbi, filmovima i ostalim izvorima informacija pomo\u0107u kojih u\u010denici mogu, uz \u0161kolsko gradivo, vi\u0161e saznati o doga\u0111anjima u Domovinskom ratu. Nakon toga slijedi projekcija dokumentarnog filma \u201eSveto ime Vukovar\u201c.<\/p>\n<p style=\"text-align: center\">\n<p style=\"text-align: center\">Uz u\u010denike Srednje \u0161kole Pavla Rittera Vitezovi\u0107a u Senju, pozivamo i sve zainteresirane gra\u0111ane da nam se pridru\u017ee na ovim prigodnim susretima.<\/p>\n<p style=\"text-align: center\">\n<p style=\"text-align: center\">\n","protected":false},"excerpt":{"rendered":"<p>Gradska knji\u017enica Senj i Srednja \u0161kola Pavla Rittera Vitezovi\u0107a u Senju organiziraju program \u201eDA SE NE ZABORAVI\u201c U tjednu u kojem se obilje\u017eava 25. obljetnica pada Vukovara, Gradska knji\u017enica Senj i Srednja \u0161kola Pavla Rittera Vitezovi\u0107a u Senju organiziraju dva edukativna povijesno-knji\u017eevna doga\u0111aja kojima je cilj o\u010duvati uspomenu na Domovinski rat i osvijestiti mlade \u0161to [&hellip;]<\/p>\n","protected":false},"author":58,"featured_media":892,"comment_status":"closed","ping_status":"closed","sticky":false,"template":"","format":"standard","meta":{"ngg_post_thumbnail":0},"categories":[8],"tags":[],"yoast_head":"<!-- This site is optimized with the Yoast SEO plugin v16.4 - https:\/\/yoast.com\/wordpress\/plugins\/seo\/ -->\n<meta name=\"robots\" content=\"index, follow, max-snippet:-1, max-image-preview:large, max-video-preview:-1\" \/>\n<link rel=\"canonical\" href=\"https:\/\/knjiznice.nsk.hr\/senj\/25-godisnjica-pada-vukovara-program-da-se-ne-zaboravi\/\" \/>\n<meta property=\"og:locale\" content=\"hr_HR\" \/>\n<meta property=\"og:type\" content=\"article\" \/>\n<meta property=\"og:title\" content=\"25. GODI\u0160NJICA PADA VUKOVARA-PROGRAM &quot;DA SE NE ZABORAVI&quot; - Gradska knji\u017enica Senj\" \/>\n<meta property=\"og:description\" content=\"Gradska knji\u017enica Senj i Srednja \u0161kola Pavla Rittera Vitezovi\u0107a u Senju organiziraju program \u201eDA SE NE ZABORAVI\u201c U tjednu u kojem se obilje\u017eava 25. obljetnica pada Vukovara, Gradska knji\u017enica Senj i Srednja \u0161kola Pavla Rittera Vitezovi\u0107a u Senju organiziraju dva edukativna povijesno-knji\u017eevna doga\u0111aja kojima je cilj o\u010duvati uspomenu na Domovinski rat i osvijestiti mlade \u0161to [&hellip;]\" \/>\n<meta property=\"og:url\" content=\"https:\/\/knjiznice.nsk.hr\/senj\/25-godisnjica-pada-vukovara-program-da-se-ne-zaboravi\/\" \/>\n<meta property=\"og:site_name\" content=\"Gradska knji\u017enica Senj\" \/>\n<meta property=\"article:publisher\" content=\"http:\/\/facebook.com\/Gradska-knji%c5%benica-SENJ\" \/>\n<meta property=\"article:published_time\" content=\"2016-11-11T17:33:46+00:00\" \/>\n<meta property=\"og:image\" content=\"http:\/\/knjiznice.nsk.hr\/senj\/wp-content\/uploads\/sites\/60\/2016\/11\/vu.jpg\" \/>\n\t<meta property=\"og:image:width\" content=\"504\" \/>\n\t<meta property=\"og:image:height\" content=\"335\" \/>\n<meta name=\"twitter:label1\" content=\"Procijenjeno vrijeme \u010ditanja\" \/>\n\t<meta name=\"twitter:data1\" content=\"2 minute\" \/>\n<script type=\"application\/ld+json\" class=\"yoast-schema-graph\">{\"@context\":\"https:\/\/schema.org\",\"@graph\":[{\"@type\":\"WebSite\",\"@id\":\"https:\/\/knjiznice.nsk.hr\/senj\/#website\",\"url\":\"https:\/\/knjiznice.nsk.hr\/senj\/\",\"name\":\"Gradska knji\\u017enica Senj\",\"description\":\"S vama od 1835. godine\",\"potentialAction\":[{\"@type\":\"SearchAction\",\"target\":\"https:\/\/knjiznice.nsk.hr\/senj\/?s={search_term_string}\",\"query-input\":\"required name=search_term_string\"}],\"inLanguage\":\"hr\"},{\"@type\":\"ImageObject\",\"@id\":\"https:\/\/knjiznice.nsk.hr\/senj\/25-godisnjica-pada-vukovara-program-da-se-ne-zaboravi\/#primaryimage\",\"inLanguage\":\"hr\",\"url\":\"https:\/\/knjiznice.nsk.hr\/senj\/wp-content\/uploads\/sites\/60\/2016\/11\/vu.jpg\",\"contentUrl\":\"https:\/\/knjiznice.nsk.hr\/senj\/wp-content\/uploads\/sites\/60\/2016\/11\/vu.jpg\",\"width\":504,\"height\":335,\"caption\":\"18.11.2014., Vukovar - Dan sjecanja na zrtvu Vukovara 1991. - 2014. pod sloganom Vukovar - mjesto posebnog pijeteta. 23. je obljetnica stradavanja i zrtve Vukovara u Domovinskom ratu. Gradjani pale svijece na memorijalnom groblju. Photo: Petar Glebov\/PIXSELL\"},{\"@type\":\"WebPage\",\"@id\":\"https:\/\/knjiznice.nsk.hr\/senj\/25-godisnjica-pada-vukovara-program-da-se-ne-zaboravi\/#webpage\",\"url\":\"https:\/\/knjiznice.nsk.hr\/senj\/25-godisnjica-pada-vukovara-program-da-se-ne-zaboravi\/\",\"name\":\"25. GODI\\u0160NJICA PADA VUKOVARA-PROGRAM \\\"DA SE NE ZABORAVI\\\" - Gradska knji\\u017enica Senj\",\"isPartOf\":{\"@id\":\"https:\/\/knjiznice.nsk.hr\/senj\/#website\"},\"primaryImageOfPage\":{\"@id\":\"https:\/\/knjiznice.nsk.hr\/senj\/25-godisnjica-pada-vukovara-program-da-se-ne-zaboravi\/#primaryimage\"},\"datePublished\":\"2016-11-11T17:33:46+00:00\",\"dateModified\":\"2016-11-11T17:33:46+00:00\",\"author\":{\"@id\":\"https:\/\/knjiznice.nsk.hr\/senj\/#\/schema\/person\/c6b0893cdaca205d44fe2c322c042ac7\"},\"breadcrumb\":{\"@id\":\"https:\/\/knjiznice.nsk.hr\/senj\/25-godisnjica-pada-vukovara-program-da-se-ne-zaboravi\/#breadcrumb\"},\"inLanguage\":\"hr\",\"potentialAction\":[{\"@type\":\"ReadAction\",\"target\":[\"https:\/\/knjiznice.nsk.hr\/senj\/25-godisnjica-pada-vukovara-program-da-se-ne-zaboravi\/\"]}]},{\"@type\":\"BreadcrumbList\",\"@id\":\"https:\/\/knjiznice.nsk.hr\/senj\/25-godisnjica-pada-vukovara-program-da-se-ne-zaboravi\/#breadcrumb\",\"itemListElement\":[{\"@type\":\"ListItem\",\"position\":1,\"item\":{\"@type\":\"WebPage\",\"@id\":\"https:\/\/knjiznice.nsk.hr\/senj\/\",\"url\":\"https:\/\/knjiznice.nsk.hr\/senj\/\",\"name\":\"Po\\u010detna stranica\"}},{\"@type\":\"ListItem\",\"position\":2,\"item\":{\"@id\":\"https:\/\/knjiznice.nsk.hr\/senj\/25-godisnjica-pada-vukovara-program-da-se-ne-zaboravi\/#webpage\"}}]},{\"@type\":\"Person\",\"@id\":\"https:\/\/knjiznice.nsk.hr\/senj\/#\/schema\/person\/c6b0893cdaca205d44fe2c322c042ac7\",\"name\":\"senj\",\"image\":{\"@type\":\"ImageObject\",\"@id\":\"https:\/\/knjiznice.nsk.hr\/senj\/#personlogo\",\"inLanguage\":\"hr\",\"url\":\"https:\/\/secure.gravatar.com\/avatar\/b00e8e1a99b5ba41772fe68c6bcfd17c?s=96&d=mm&r=g\",\"contentUrl\":\"https:\/\/secure.gravatar.com\/avatar\/b00e8e1a99b5ba41772fe68c6bcfd17c?s=96&d=mm&r=g\",\"caption\":\"senj\"}}]}<\/script>\n<!-- \/ Yoast SEO plugin. -->","_links":{"self":[{"href":"https:\/\/knjiznice.nsk.hr\/senj\/wp-json\/wp\/v2\/posts\/891"}],"collection":[{"href":"https:\/\/knjiznice.nsk.hr\/senj\/wp-json\/wp\/v2\/posts"}],"about":[{"href":"https:\/\/knjiznice.nsk.hr\/senj\/wp-json\/wp\/v2\/types\/post"}],"author":[{"embeddable":true,"href":"https:\/\/knjiznice.nsk.hr\/senj\/wp-json\/wp\/v2\/users\/58"}],"replies":[{"embeddable":true,"href":"https:\/\/knjiznice.nsk.hr\/senj\/wp-json\/wp\/v2\/comments?post=891"}],"version-history":[{"count":1,"href":"https:\/\/knjiznice.nsk.hr\/senj\/wp-json\/wp\/v2\/posts\/891\/revisions"}],"predecessor-version":[{"id":893,"href":"https:\/\/knjiznice.nsk.hr\/senj\/wp-json\/wp\/v2\/posts\/891\/revisions\/893"}],"wp:featuredmedia":[{"embeddable":true,"href":"https:\/\/knjiznice.nsk.hr\/senj\/wp-json\/wp\/v2\/media\/892"}],"wp:attachment":[{"href":"https:\/\/knjiznice.nsk.hr\/senj\/wp-json\/wp\/v2\/media?parent=891"}],"wp:term":[{"taxonomy":"category","embeddable":true,"href":"https:\/\/knjiznice.nsk.hr\/senj\/wp-json\/wp\/v2\/categories?post=891"},{"taxonomy":"post_tag","embeddable":true,"href":"https:\/\/knjiznice.nsk.hr\/senj\/wp-json\/wp\/v2\/tags?post=891"}],"curies":[{"name":"wp","href":"https:\/\/api.w.org\/{rel}","templated":true}]}}