{"id":885,"date":"2016-11-07T08:02:51","date_gmt":"2016-11-07T08:02:51","guid":{"rendered":"http:\/\/knjiznice.nsk.hr\/senj\/?p=885"},"modified":"2016-11-07T08:02:51","modified_gmt":"2016-11-07T08:02:51","slug":"najava-knjiznicnih-bozicnih-radionica","status":"publish","type":"post","link":"https:\/\/knjiznice.nsk.hr\/senj\/najava-knjiznicnih-bozicnih-radionica\/","title":{"rendered":"NAJAVA KNJI\u017dNI\u010cNIH BO\u017dI\u0106NIH RADIONICA"},"content":{"rendered":"<p>U SURADNJI S TURISTI\u010cKOM ZAJEDNICOM GRADA SENJA<\/p>\n<p>GRADSKA KNJI\u017dNICA SENJ ORGANIZIRA<\/p>\n<p><strong><u>KNJI\u017dNI\u010cNE BO\u017dI\u0106NE RADIONICE<\/u><\/strong><\/p>\n<p>&nbsp;<\/p>\n<p>Draga djeco,<\/p>\n<p>bli\u017ei se najljep\u0161i blagdan u godini-Bo\u017ei\u0107! Tim povodom Knji\u017enica organizira tri radionice na kojima \u0107emo kroz izradu nakita, blagdansku pjesmu, \u010ditanje bo\u017ei\u0107nih pri\u010da i razne druge aktivnosti u\u017eivati u blagdanskom ugo\u0111aju!<\/p>\n<p>Na ovaj se na\u010din Gradska knji\u017enica Senj svojim aktivnostima priklju\u010duje i daje svoj doprinos bogatom bo\u017ei\u0107nom programu u na\u0161em gradu kojim koordinira senjska Turisti\u010dka zajednica.<\/p>\n<p><u>Raspored radionica:<\/u><\/p>\n<p>&nbsp;<\/p>\n<ol>\n<li><strong>\u010cetvrtak, 24. studenoga 2016.godine-17 sati-Gradska knji\u017enica Senj<\/strong><\/li>\n<\/ol>\n<p><strong>-radionica\u201eBo\u017ei\u0107 dolazi\u201c-bo\u017ei\u0107ne pjesme i izrada nakita za veliku jelku na Potoku;<\/strong><\/p>\n<p><strong>\u00a0<\/strong><\/p>\n<ol start=\"2\">\n<li><strong>\u010cetvrtak, 1. prosinca 2016. godine-17 sati-Gradska knji\u017enica Senj<\/strong><\/li>\n<\/ol>\n<p><strong>&#8211; radionica \u201eFotobo\u017ei\u0107na \u010darolija\u201c- radionica u suradnji s Fotoklubom Senj -pisanje \u010destitki i pisama Djedu Bo\u017ei\u0107njaku, \u010ditanje bo\u017ei\u0107nih pri\u010da, fotografiranje, upoznavanje djece s fotoopremom i osnovama fotografije;<\/strong><\/p>\n<p><strong>\u00a0<\/strong><\/p>\n<ol start=\"3\">\n<li><strong>Subota, 10. prosinca 2016. godine-9 sati- Gradska knji\u017enica Senj<\/strong><\/li>\n<\/ol>\n<p><strong>-radionica \u201eBo\u017ei\u0107 dolazi\u201c-\u010ditanje bo\u017ei\u0107nih pri\u010da, izrada balotica u obliku knjiga i ki\u0107enje bora u knji\u017enici te dodjela nagrada naj\u010dita\u010dima 2016. godine.<\/strong><\/p>\n<p>&nbsp;<\/p>\n<p>Radionice su besplatne, a prethodne prijave nisu potrebne.<\/p>\n<p>Radujemo se va\u0161em dolasku!!!<\/p>\n<p>Gradska knji\u017enica Senj<\/p>\n","protected":false},"excerpt":{"rendered":"<p>U SURADNJI S TURISTI\u010cKOM ZAJEDNICOM GRADA SENJA GRADSKA KNJI\u017dNICA SENJ ORGANIZIRA KNJI\u017dNI\u010cNE BO\u017dI\u0106NE RADIONICE &nbsp; Draga djeco, bli\u017ei se najljep\u0161i blagdan u godini-Bo\u017ei\u0107! Tim povodom Knji\u017enica organizira tri radionice na kojima \u0107emo kroz izradu nakita, blagdansku pjesmu, \u010ditanje bo\u017ei\u0107nih pri\u010da i razne druge aktivnosti u\u017eivati u blagdanskom ugo\u0111aju! Na ovaj se na\u010din Gradska knji\u017enica Senj [&hellip;]<\/p>\n","protected":false},"author":58,"featured_media":886,"comment_status":"closed","ping_status":"closed","sticky":false,"template":"","format":"standard","meta":{"ngg_post_thumbnail":0},"categories":[8],"tags":[],"yoast_head":"<!-- This site is optimized with the Yoast SEO plugin v16.4 - https:\/\/yoast.com\/wordpress\/plugins\/seo\/ -->\n<meta name=\"robots\" content=\"index, follow, max-snippet:-1, max-image-preview:large, max-video-preview:-1\" \/>\n<link rel=\"canonical\" href=\"https:\/\/knjiznice.nsk.hr\/senj\/najava-knjiznicnih-bozicnih-radionica\/\" \/>\n<meta property=\"og:locale\" content=\"hr_HR\" \/>\n<meta property=\"og:type\" content=\"article\" \/>\n<meta property=\"og:title\" content=\"NAJAVA KNJI\u017dNI\u010cNIH BO\u017dI\u0106NIH RADIONICA - Gradska knji\u017enica Senj\" \/>\n<meta property=\"og:description\" content=\"U SURADNJI S TURISTI\u010cKOM ZAJEDNICOM GRADA SENJA GRADSKA KNJI\u017dNICA SENJ ORGANIZIRA KNJI\u017dNI\u010cNE BO\u017dI\u0106NE RADIONICE &nbsp; Draga djeco, bli\u017ei se najljep\u0161i blagdan u godini-Bo\u017ei\u0107! Tim povodom Knji\u017enica organizira tri radionice na kojima \u0107emo kroz izradu nakita, blagdansku pjesmu, \u010ditanje bo\u017ei\u0107nih pri\u010da i razne druge aktivnosti u\u017eivati u blagdanskom ugo\u0111aju! Na ovaj se na\u010din Gradska knji\u017enica Senj [&hellip;]\" \/>\n<meta property=\"og:url\" content=\"https:\/\/knjiznice.nsk.hr\/senj\/najava-knjiznicnih-bozicnih-radionica\/\" \/>\n<meta property=\"og:site_name\" content=\"Gradska knji\u017enica Senj\" \/>\n<meta property=\"article:publisher\" content=\"http:\/\/facebook.com\/Gradska-knji%c5%benica-SENJ\" \/>\n<meta property=\"article:published_time\" content=\"2016-11-07T08:02:51+00:00\" \/>\n<meta property=\"og:image\" content=\"http:\/\/knjiznice.nsk.hr\/senj\/wp-content\/uploads\/sites\/60\/2016\/11\/images-1-1.jpg\" \/>\n\t<meta property=\"og:image:width\" content=\"259\" \/>\n\t<meta property=\"og:image:height\" content=\"194\" \/>\n<meta name=\"twitter:label1\" content=\"Procijenjeno vrijeme \u010ditanja\" \/>\n\t<meta name=\"twitter:data1\" content=\"1 minuta\" \/>\n<script type=\"application\/ld+json\" class=\"yoast-schema-graph\">{\"@context\":\"https:\/\/schema.org\",\"@graph\":[{\"@type\":\"WebSite\",\"@id\":\"https:\/\/knjiznice.nsk.hr\/senj\/#website\",\"url\":\"https:\/\/knjiznice.nsk.hr\/senj\/\",\"name\":\"Gradska knji\\u017enica Senj\",\"description\":\"S vama od 1835. godine\",\"potentialAction\":[{\"@type\":\"SearchAction\",\"target\":\"https:\/\/knjiznice.nsk.hr\/senj\/?s={search_term_string}\",\"query-input\":\"required name=search_term_string\"}],\"inLanguage\":\"hr\"},{\"@type\":\"ImageObject\",\"@id\":\"https:\/\/knjiznice.nsk.hr\/senj\/najava-knjiznicnih-bozicnih-radionica\/#primaryimage\",\"inLanguage\":\"hr\",\"url\":\"https:\/\/knjiznice.nsk.hr\/senj\/wp-content\/uploads\/sites\/60\/2016\/11\/images-1-1.jpg\",\"contentUrl\":\"https:\/\/knjiznice.nsk.hr\/senj\/wp-content\/uploads\/sites\/60\/2016\/11\/images-1-1.jpg\",\"width\":259,\"height\":194},{\"@type\":\"WebPage\",\"@id\":\"https:\/\/knjiznice.nsk.hr\/senj\/najava-knjiznicnih-bozicnih-radionica\/#webpage\",\"url\":\"https:\/\/knjiznice.nsk.hr\/senj\/najava-knjiznicnih-bozicnih-radionica\/\",\"name\":\"NAJAVA KNJI\\u017dNI\\u010cNIH BO\\u017dI\\u0106NIH RADIONICA - Gradska knji\\u017enica Senj\",\"isPartOf\":{\"@id\":\"https:\/\/knjiznice.nsk.hr\/senj\/#website\"},\"primaryImageOfPage\":{\"@id\":\"https:\/\/knjiznice.nsk.hr\/senj\/najava-knjiznicnih-bozicnih-radionica\/#primaryimage\"},\"datePublished\":\"2016-11-07T08:02:51+00:00\",\"dateModified\":\"2016-11-07T08:02:51+00:00\",\"author\":{\"@id\":\"https:\/\/knjiznice.nsk.hr\/senj\/#\/schema\/person\/c6b0893cdaca205d44fe2c322c042ac7\"},\"breadcrumb\":{\"@id\":\"https:\/\/knjiznice.nsk.hr\/senj\/najava-knjiznicnih-bozicnih-radionica\/#breadcrumb\"},\"inLanguage\":\"hr\",\"potentialAction\":[{\"@type\":\"ReadAction\",\"target\":[\"https:\/\/knjiznice.nsk.hr\/senj\/najava-knjiznicnih-bozicnih-radionica\/\"]}]},{\"@type\":\"BreadcrumbList\",\"@id\":\"https:\/\/knjiznice.nsk.hr\/senj\/najava-knjiznicnih-bozicnih-radionica\/#breadcrumb\",\"itemListElement\":[{\"@type\":\"ListItem\",\"position\":1,\"item\":{\"@type\":\"WebPage\",\"@id\":\"https:\/\/knjiznice.nsk.hr\/senj\/\",\"url\":\"https:\/\/knjiznice.nsk.hr\/senj\/\",\"name\":\"Po\\u010detna stranica\"}},{\"@type\":\"ListItem\",\"position\":2,\"item\":{\"@id\":\"https:\/\/knjiznice.nsk.hr\/senj\/najava-knjiznicnih-bozicnih-radionica\/#webpage\"}}]},{\"@type\":\"Person\",\"@id\":\"https:\/\/knjiznice.nsk.hr\/senj\/#\/schema\/person\/c6b0893cdaca205d44fe2c322c042ac7\",\"name\":\"senj\",\"image\":{\"@type\":\"ImageObject\",\"@id\":\"https:\/\/knjiznice.nsk.hr\/senj\/#personlogo\",\"inLanguage\":\"hr\",\"url\":\"https:\/\/secure.gravatar.com\/avatar\/b00e8e1a99b5ba41772fe68c6bcfd17c?s=96&d=mm&r=g\",\"contentUrl\":\"https:\/\/secure.gravatar.com\/avatar\/b00e8e1a99b5ba41772fe68c6bcfd17c?s=96&d=mm&r=g\",\"caption\":\"senj\"}}]}<\/script>\n<!-- \/ Yoast SEO plugin. -->","_links":{"self":[{"href":"https:\/\/knjiznice.nsk.hr\/senj\/wp-json\/wp\/v2\/posts\/885"}],"collection":[{"href":"https:\/\/knjiznice.nsk.hr\/senj\/wp-json\/wp\/v2\/posts"}],"about":[{"href":"https:\/\/knjiznice.nsk.hr\/senj\/wp-json\/wp\/v2\/types\/post"}],"author":[{"embeddable":true,"href":"https:\/\/knjiznice.nsk.hr\/senj\/wp-json\/wp\/v2\/users\/58"}],"replies":[{"embeddable":true,"href":"https:\/\/knjiznice.nsk.hr\/senj\/wp-json\/wp\/v2\/comments?post=885"}],"version-history":[{"count":1,"href":"https:\/\/knjiznice.nsk.hr\/senj\/wp-json\/wp\/v2\/posts\/885\/revisions"}],"predecessor-version":[{"id":887,"href":"https:\/\/knjiznice.nsk.hr\/senj\/wp-json\/wp\/v2\/posts\/885\/revisions\/887"}],"wp:featuredmedia":[{"embeddable":true,"href":"https:\/\/knjiznice.nsk.hr\/senj\/wp-json\/wp\/v2\/media\/886"}],"wp:attachment":[{"href":"https:\/\/knjiznice.nsk.hr\/senj\/wp-json\/wp\/v2\/media?parent=885"}],"wp:term":[{"taxonomy":"category","embeddable":true,"href":"https:\/\/knjiznice.nsk.hr\/senj\/wp-json\/wp\/v2\/categories?post=885"},{"taxonomy":"post_tag","embeddable":true,"href":"https:\/\/knjiznice.nsk.hr\/senj\/wp-json\/wp\/v2\/tags?post=885"}],"curies":[{"name":"wp","href":"https:\/\/api.w.org\/{rel}","templated":true}]}}