{"id":851,"date":"2016-10-17T07:27:58","date_gmt":"2016-10-17T07:27:58","guid":{"rendered":"http:\/\/knjiznice.nsk.hr\/senj\/?p=851"},"modified":"2016-10-17T07:27:58","modified_gmt":"2016-10-17T07:27:58","slug":"mjesec-hrvatske-knjige-izlozba-ogranak-sveti-juraj","status":"publish","type":"post","link":"https:\/\/knjiznice.nsk.hr\/senj\/mjesec-hrvatske-knjige-izlozba-ogranak-sveti-juraj\/","title":{"rendered":"MJESEC HRVATSKE KNJIGE-IZLO\u017dBA-OGRANAK SVETI JURAJ"},"content":{"rendered":"<p>U sklopu Mjeseca hrvatske knjige, a povodom 85. obljetnice smrti velikog senjskih knji\u017eevnika Milutina Cihlara Nehajeva Gradska knji\u017enica Senj priredila je izlo\u017ebu o tom knji\u017eevniku. Izlo\u017eba sadr\u017ei Nehajeve knjige iz na\u0161eg fonda-neke od njih su vrijedna i rijetka izdanja, osvrte, \u010dlanke, \u017eivotopise i fotografije koje svjedo\u010de o \u017eivotu i radu ovog pisca. Za tu priliku izra\u0111en je i veliki pano poster s najva\u017enijim \u010dinjenicama i zanimljivostima o piscu. Izlo\u017eba se mo\u017ee razgledati u Ogranku Sveti Juraj cijelo vrijeme trajanja Mjeseca hrvatske knjige.<\/p>\n","protected":false},"excerpt":{"rendered":"<p>U sklopu Mjeseca hrvatske knjige, a povodom 85. obljetnice smrti velikog senjskih knji\u017eevnika Milutina Cihlara Nehajeva Gradska knji\u017enica Senj priredila je izlo\u017ebu o tom knji\u017eevniku. Izlo\u017eba sadr\u017ei Nehajeve knjige iz na\u0161eg fonda-neke od njih su vrijedna i rijetka izdanja, osvrte, \u010dlanke, \u017eivotopise i fotografije koje svjedo\u010de o \u017eivotu i radu ovog pisca. Za tu priliku [&hellip;]<\/p>\n","protected":false},"author":58,"featured_media":852,"comment_status":"closed","ping_status":"closed","sticky":false,"template":"","format":"standard","meta":{"ngg_post_thumbnail":0},"categories":[8],"tags":[],"yoast_head":"<!-- This site is optimized with the Yoast SEO plugin v16.4 - https:\/\/yoast.com\/wordpress\/plugins\/seo\/ -->\n<meta name=\"robots\" content=\"index, follow, max-snippet:-1, max-image-preview:large, max-video-preview:-1\" \/>\n<link rel=\"canonical\" href=\"http:\/\/knjiznice.nsk.hr\/senj\/mjesec-hrvatske-knjige-izlozba-ogranak-sveti-juraj\/\" \/>\n<meta property=\"og:locale\" content=\"hr_HR\" \/>\n<meta property=\"og:type\" content=\"article\" \/>\n<meta property=\"og:title\" content=\"MJESEC HRVATSKE KNJIGE-IZLO\u017dBA-OGRANAK SVETI JURAJ - Gradska knji\u017enica Senj\" \/>\n<meta property=\"og:description\" content=\"U sklopu Mjeseca hrvatske knjige, a povodom 85. obljetnice smrti velikog senjskih knji\u017eevnika Milutina Cihlara Nehajeva Gradska knji\u017enica Senj priredila je izlo\u017ebu o tom knji\u017eevniku. Izlo\u017eba sadr\u017ei Nehajeve knjige iz na\u0161eg fonda-neke od njih su vrijedna i rijetka izdanja, osvrte, \u010dlanke, \u017eivotopise i fotografije koje svjedo\u010de o \u017eivotu i radu ovog pisca. Za tu priliku [&hellip;]\" \/>\n<meta property=\"og:url\" content=\"http:\/\/knjiznice.nsk.hr\/senj\/mjesec-hrvatske-knjige-izlozba-ogranak-sveti-juraj\/\" \/>\n<meta property=\"og:site_name\" content=\"Gradska knji\u017enica Senj\" \/>\n<meta property=\"article:publisher\" content=\"http:\/\/facebook.com\/Gradska-knji%c5%benica-SENJ\" \/>\n<meta property=\"article:published_time\" content=\"2016-10-17T07:27:58+00:00\" \/>\n<meta property=\"og:image\" content=\"http:\/\/knjiznice.nsk.hr\/senj\/wp-content\/uploads\/sites\/60\/2016\/10\/igor-izlo\u017eba.jpg\" \/>\n\t<meta property=\"og:image:width\" content=\"400\" \/>\n\t<meta property=\"og:image:height\" content=\"300\" \/>\n<script type=\"application\/ld+json\" class=\"yoast-schema-graph\">{\"@context\":\"https:\/\/schema.org\",\"@graph\":[{\"@type\":\"WebSite\",\"@id\":\"https:\/\/knjiznice.nsk.hr\/senj\/#website\",\"url\":\"https:\/\/knjiznice.nsk.hr\/senj\/\",\"name\":\"Gradska knji\\u017enica Senj\",\"description\":\"S vama od 1835. godine\",\"potentialAction\":[{\"@type\":\"SearchAction\",\"target\":\"https:\/\/knjiznice.nsk.hr\/senj\/?s={search_term_string}\",\"query-input\":\"required name=search_term_string\"}],\"inLanguage\":\"hr\"},{\"@type\":\"ImageObject\",\"@id\":\"http:\/\/knjiznice.nsk.hr\/senj\/mjesec-hrvatske-knjige-izlozba-ogranak-sveti-juraj\/#primaryimage\",\"inLanguage\":\"hr\",\"url\":\"https:\/\/knjiznice.nsk.hr\/senj\/wp-content\/uploads\/sites\/60\/2016\/10\/igor-izlo\\u017eba.jpg\",\"contentUrl\":\"https:\/\/knjiznice.nsk.hr\/senj\/wp-content\/uploads\/sites\/60\/2016\/10\/igor-izlo\\u017eba.jpg\",\"width\":400,\"height\":300},{\"@type\":\"WebPage\",\"@id\":\"http:\/\/knjiznice.nsk.hr\/senj\/mjesec-hrvatske-knjige-izlozba-ogranak-sveti-juraj\/#webpage\",\"url\":\"http:\/\/knjiznice.nsk.hr\/senj\/mjesec-hrvatske-knjige-izlozba-ogranak-sveti-juraj\/\",\"name\":\"MJESEC HRVATSKE KNJIGE-IZLO\\u017dBA-OGRANAK SVETI JURAJ - Gradska knji\\u017enica Senj\",\"isPartOf\":{\"@id\":\"https:\/\/knjiznice.nsk.hr\/senj\/#website\"},\"primaryImageOfPage\":{\"@id\":\"http:\/\/knjiznice.nsk.hr\/senj\/mjesec-hrvatske-knjige-izlozba-ogranak-sveti-juraj\/#primaryimage\"},\"datePublished\":\"2016-10-17T07:27:58+00:00\",\"dateModified\":\"2016-10-17T07:27:58+00:00\",\"author\":{\"@id\":\"https:\/\/knjiznice.nsk.hr\/senj\/#\/schema\/person\/c6b0893cdaca205d44fe2c322c042ac7\"},\"breadcrumb\":{\"@id\":\"http:\/\/knjiznice.nsk.hr\/senj\/mjesec-hrvatske-knjige-izlozba-ogranak-sveti-juraj\/#breadcrumb\"},\"inLanguage\":\"hr\",\"potentialAction\":[{\"@type\":\"ReadAction\",\"target\":[\"http:\/\/knjiznice.nsk.hr\/senj\/mjesec-hrvatske-knjige-izlozba-ogranak-sveti-juraj\/\"]}]},{\"@type\":\"BreadcrumbList\",\"@id\":\"http:\/\/knjiznice.nsk.hr\/senj\/mjesec-hrvatske-knjige-izlozba-ogranak-sveti-juraj\/#breadcrumb\",\"itemListElement\":[{\"@type\":\"ListItem\",\"position\":1,\"item\":{\"@type\":\"WebPage\",\"@id\":\"https:\/\/knjiznice.nsk.hr\/senj\/\",\"url\":\"https:\/\/knjiznice.nsk.hr\/senj\/\",\"name\":\"Po\\u010detna stranica\"}},{\"@type\":\"ListItem\",\"position\":2,\"item\":{\"@id\":\"http:\/\/knjiznice.nsk.hr\/senj\/mjesec-hrvatske-knjige-izlozba-ogranak-sveti-juraj\/#webpage\"}}]},{\"@type\":\"Person\",\"@id\":\"https:\/\/knjiznice.nsk.hr\/senj\/#\/schema\/person\/c6b0893cdaca205d44fe2c322c042ac7\",\"name\":\"senj\",\"image\":{\"@type\":\"ImageObject\",\"@id\":\"https:\/\/knjiznice.nsk.hr\/senj\/#personlogo\",\"inLanguage\":\"hr\",\"url\":\"https:\/\/secure.gravatar.com\/avatar\/b00e8e1a99b5ba41772fe68c6bcfd17c?s=96&d=mm&r=g\",\"contentUrl\":\"https:\/\/secure.gravatar.com\/avatar\/b00e8e1a99b5ba41772fe68c6bcfd17c?s=96&d=mm&r=g\",\"caption\":\"senj\"}}]}<\/script>\n<!-- \/ Yoast SEO plugin. -->","_links":{"self":[{"href":"https:\/\/knjiznice.nsk.hr\/senj\/wp-json\/wp\/v2\/posts\/851"}],"collection":[{"href":"https:\/\/knjiznice.nsk.hr\/senj\/wp-json\/wp\/v2\/posts"}],"about":[{"href":"https:\/\/knjiznice.nsk.hr\/senj\/wp-json\/wp\/v2\/types\/post"}],"author":[{"embeddable":true,"href":"https:\/\/knjiznice.nsk.hr\/senj\/wp-json\/wp\/v2\/users\/58"}],"replies":[{"embeddable":true,"href":"https:\/\/knjiznice.nsk.hr\/senj\/wp-json\/wp\/v2\/comments?post=851"}],"version-history":[{"count":1,"href":"https:\/\/knjiznice.nsk.hr\/senj\/wp-json\/wp\/v2\/posts\/851\/revisions"}],"predecessor-version":[{"id":853,"href":"https:\/\/knjiznice.nsk.hr\/senj\/wp-json\/wp\/v2\/posts\/851\/revisions\/853"}],"wp:featuredmedia":[{"embeddable":true,"href":"https:\/\/knjiznice.nsk.hr\/senj\/wp-json\/wp\/v2\/media\/852"}],"wp:attachment":[{"href":"https:\/\/knjiznice.nsk.hr\/senj\/wp-json\/wp\/v2\/media?parent=851"}],"wp:term":[{"taxonomy":"category","embeddable":true,"href":"https:\/\/knjiznice.nsk.hr\/senj\/wp-json\/wp\/v2\/categories?post=851"},{"taxonomy":"post_tag","embeddable":true,"href":"https:\/\/knjiznice.nsk.hr\/senj\/wp-json\/wp\/v2\/tags?post=851"}],"curies":[{"name":"wp","href":"https:\/\/api.w.org\/{rel}","templated":true}]}}