{"id":844,"date":"2016-10-12T09:05:10","date_gmt":"2016-10-12T09:05:10","guid":{"rendered":"http:\/\/knjiznice.nsk.hr\/senj\/?p=844"},"modified":"2016-10-12T09:05:10","modified_gmt":"2016-10-12T09:05:10","slug":"mjesec-hrvatske-knjige-2016-u-gradskoj-knjiznici-senj","status":"publish","type":"post","link":"https:\/\/knjiznice.nsk.hr\/senj\/mjesec-hrvatske-knjige-2016-u-gradskoj-knjiznici-senj\/","title":{"rendered":"MJESEC HRVATSKE KNJIGE 2016. U GRADSKOJ KNJI\u017dNICI SENJ"},"content":{"rendered":"<p><strong><u>MJESEC HRVATSKE KNJIGE U GRADSKOJ KNJI\u017dNICI SENJ I OGRANCIMA<\/u><\/strong><\/p>\n<p><strong><u>\u00a0<\/u><\/strong><\/p>\n<p>Bli\u017ei nam se Mjesec hrvatske knjige, vrlo cijenjena i tradicionalna manifestacija koja ima za cilj promovirati vrijednosti knjige i \u010ditanja, a traje od 15. listopada do 15. studenoga.<\/p>\n<p>Mjesec hrvatske knjige odvija se u organizaciji Knji\u017enica Grada Zagreba, a pod pokroviteljstvom Ministarstva kulture Republike Hrvatske.<\/p>\n<p>Gotovo 200 knji\u017enica sa svojim programima sudjeluje u obilje\u017eavanju Mjeseca hrvatske knjige. Vrlo smo ponosni \u0161to se na\u0161a Knji\u017enica ve\u0107 godinama aktivno priklju\u010duje ovom hvalevrijednom projektu te svojim korisnicima nudi pregr\u0161t zanimljivih doga\u0111anja.<\/p>\n<p>Gradska knji\u017enica Senj kroz cijelu godinu svojim programima oboga\u0107uje senjsku kulturno-dru\u0161tvenu scenu, a pogotovo u Mjesecu hrvatske knjige priprema raznolik i bogat program.<\/p>\n<p>Evo \u0161to vas o\u010dekuje u ovogodi\u0161njem senjskom Mjesecu hrvatske knjige:<\/p>\n<p>&nbsp;<\/p>\n<p><strong><u>MJESEC\u00a0 HRVATSKE KNJIGE 2016.<\/u><\/strong><\/p>\n<p><strong>\u00a0<\/strong><\/p>\n<ul>\n<li>Akcija-\u201eVratite knjige bez pla\u0107anja zakasnine\u201c<\/li>\n<\/ul>\n<p>Gradska knji\u017enica Senj-od 17. do 21. listopada 2016. g.<\/p>\n<p>Organizator: Gradska knji\u017enica Senj<\/p>\n<p>&nbsp;<\/p>\n<ul>\n<li>Programi \u201e\u0160to se u knji\u017enici radi?\u201c i \u201eVolim svoju knji\u017enicu!\u201c-organizirani posjeti djece iz vrti\u0107a i osnovne \u0161kole kako bi \u0161to bolje upoznala knji\u017enicu te svijet knjige i \u010ditanja.<\/li>\n<\/ul>\n<p>Gradska knji\u017enica Senj-od 15.listopada do 15. studenoga 2016.g.<\/p>\n<p>U sklopu navedenih programa 28. listopada 2016.g. u 8.45 organizirat \u0107emo i knji\u017eevni sat posve\u0107en Ivani Brli\u0107 Ma\u017eurani\u0107.<\/p>\n<p>Organizator: Gradska knji\u017enica Senj u suradnji sa senjskim Dje\u010djim vrti\u0107em \u201eTravica\u201c i Osnovnom \u0161kolom S. S. Kranj\u010devi\u0107a Senj<\/p>\n<p>&nbsp;<\/p>\n<ul>\n<li>Izlo\u017eba povodom 85. obljetnice smrti senjskog knji\u017eevnika Milutina Cihlara Nehajeva<\/li>\n<\/ul>\n<p>Ogranak Sveti Juraj-od 15.listopada do 15. studenoga 2016.g.<\/p>\n<p>Organizator: Gradska knji\u017enica Senj<\/p>\n<p>&nbsp;<\/p>\n<ul>\n<li>Knji\u017eevna ve\u010der-predstavljanje knjige \u201eVrijeme badema\u201c &#8211; putopis s hodo\u010da\u0161\u0107a Camino de Santiago autorice Maje Klari\u0107<\/li>\n<\/ul>\n<p>Gradska knji\u017enica Senj-20. listopada 2016.g., 17.30 h<\/p>\n<p>Organizator: Gradska knji\u017enica Senj<\/p>\n<p>&nbsp;<\/p>\n<ul>\n<li>Otvorenje izlo\u017ebe fotografija \u201eZlatni vez prirode\u201c Jasne Novak<\/li>\n<\/ul>\n<p>Gradska knji\u017enica Senj-26. listopada 2016.g., 18.30 h<\/p>\n<p>Organizator: Gradska knji\u017enica Senj<\/p>\n<p>&nbsp;<\/p>\n<ul>\n<li>Knji\u017eevno jutro:Predstavljanje romana Bojane Meand\u017eije \u201cTr\u010di! Ne \u010dekaj me\u2026\u201d<\/li>\n<\/ul>\n<p>Gradska knji\u017enica Senj-15. studenoga 2016.g., 10 h<\/p>\n<p>Organizator: Gradska knji\u017enica Senj u suradnji sa Srednjom \u0161kolom Pavla Rittera Vitezovi\u0107a Senj i Nakladni\u010dkom ku\u0107om <em>Alfa<\/em><\/p>\n<p>&nbsp;<\/p>\n<ul>\n<li>Edukativni programi za srednjo\u0161kolce \u201eZaki za odli\u010dan 5\u201c<\/li>\n<\/ul>\n<p>Gradska knji\u017enica Senj-studeni 2016. g.<\/p>\n<p>Organizator: Gradska knji\u017enica Senj u suradnji sa Srednjom \u0161kolom Pavla Rittera Vitezovi\u0107a Senj<\/p>\n<p>&nbsp;<\/p>\n<p>&nbsp;<\/p>\n","protected":false},"excerpt":{"rendered":"<p>MJESEC HRVATSKE KNJIGE U GRADSKOJ KNJI\u017dNICI SENJ I OGRANCIMA \u00a0 Bli\u017ei nam se Mjesec hrvatske knjige, vrlo cijenjena i tradicionalna manifestacija koja ima za cilj promovirati vrijednosti knjige i \u010ditanja, a traje od 15. listopada do 15. studenoga. Mjesec hrvatske knjige odvija se u organizaciji Knji\u017enica Grada Zagreba, a pod pokroviteljstvom Ministarstva kulture Republike Hrvatske. [&hellip;]<\/p>\n","protected":false},"author":58,"featured_media":845,"comment_status":"closed","ping_status":"closed","sticky":false,"template":"","format":"standard","meta":{"ngg_post_thumbnail":0},"categories":[8],"tags":[],"yoast_head":"<!-- This site is optimized with the Yoast SEO plugin v16.4 - https:\/\/yoast.com\/wordpress\/plugins\/seo\/ -->\n<meta name=\"robots\" content=\"index, follow, max-snippet:-1, max-image-preview:large, max-video-preview:-1\" \/>\n<link rel=\"canonical\" href=\"https:\/\/knjiznice.nsk.hr\/senj\/mjesec-hrvatske-knjige-2016-u-gradskoj-knjiznici-senj\/\" \/>\n<meta property=\"og:locale\" content=\"hr_HR\" \/>\n<meta property=\"og:type\" content=\"article\" \/>\n<meta property=\"og:title\" content=\"MJESEC HRVATSKE KNJIGE 2016. U GRADSKOJ KNJI\u017dNICI SENJ - Gradska knji\u017enica Senj\" \/>\n<meta property=\"og:description\" content=\"MJESEC HRVATSKE KNJIGE U GRADSKOJ KNJI\u017dNICI SENJ I OGRANCIMA \u00a0 Bli\u017ei nam se Mjesec hrvatske knjige, vrlo cijenjena i tradicionalna manifestacija koja ima za cilj promovirati vrijednosti knjige i \u010ditanja, a traje od 15. listopada do 15. studenoga. Mjesec hrvatske knjige odvija se u organizaciji Knji\u017enica Grada Zagreba, a pod pokroviteljstvom Ministarstva kulture Republike Hrvatske. [&hellip;]\" \/>\n<meta property=\"og:url\" content=\"https:\/\/knjiznice.nsk.hr\/senj\/mjesec-hrvatske-knjige-2016-u-gradskoj-knjiznici-senj\/\" \/>\n<meta property=\"og:site_name\" content=\"Gradska knji\u017enica Senj\" \/>\n<meta property=\"article:publisher\" content=\"http:\/\/facebook.com\/Gradska-knji%c5%benica-SENJ\" \/>\n<meta property=\"article:published_time\" content=\"2016-10-12T09:05:10+00:00\" \/>\n<meta property=\"og:image\" content=\"http:\/\/knjiznice.nsk.hr\/senj\/wp-content\/uploads\/sites\/60\/2016\/10\/MHK-znak.jpg\" \/>\n\t<meta property=\"og:image:width\" content=\"400\" \/>\n\t<meta property=\"og:image:height\" content=\"406\" \/>\n<meta name=\"twitter:label1\" content=\"Procijenjeno vrijeme \u010ditanja\" \/>\n\t<meta name=\"twitter:data1\" content=\"2 minute\" \/>\n<script type=\"application\/ld+json\" class=\"yoast-schema-graph\">{\"@context\":\"https:\/\/schema.org\",\"@graph\":[{\"@type\":\"WebSite\",\"@id\":\"https:\/\/knjiznice.nsk.hr\/senj\/#website\",\"url\":\"https:\/\/knjiznice.nsk.hr\/senj\/\",\"name\":\"Gradska knji\\u017enica Senj\",\"description\":\"S vama od 1835. godine\",\"potentialAction\":[{\"@type\":\"SearchAction\",\"target\":\"https:\/\/knjiznice.nsk.hr\/senj\/?s={search_term_string}\",\"query-input\":\"required name=search_term_string\"}],\"inLanguage\":\"hr\"},{\"@type\":\"ImageObject\",\"@id\":\"https:\/\/knjiznice.nsk.hr\/senj\/mjesec-hrvatske-knjige-2016-u-gradskoj-knjiznici-senj\/#primaryimage\",\"inLanguage\":\"hr\",\"url\":\"https:\/\/knjiznice.nsk.hr\/senj\/wp-content\/uploads\/sites\/60\/2016\/10\/MHK-znak.jpg\",\"contentUrl\":\"https:\/\/knjiznice.nsk.hr\/senj\/wp-content\/uploads\/sites\/60\/2016\/10\/MHK-znak.jpg\",\"width\":400,\"height\":406},{\"@type\":\"WebPage\",\"@id\":\"https:\/\/knjiznice.nsk.hr\/senj\/mjesec-hrvatske-knjige-2016-u-gradskoj-knjiznici-senj\/#webpage\",\"url\":\"https:\/\/knjiznice.nsk.hr\/senj\/mjesec-hrvatske-knjige-2016-u-gradskoj-knjiznici-senj\/\",\"name\":\"MJESEC HRVATSKE KNJIGE 2016. U GRADSKOJ KNJI\\u017dNICI SENJ - Gradska knji\\u017enica Senj\",\"isPartOf\":{\"@id\":\"https:\/\/knjiznice.nsk.hr\/senj\/#website\"},\"primaryImageOfPage\":{\"@id\":\"https:\/\/knjiznice.nsk.hr\/senj\/mjesec-hrvatske-knjige-2016-u-gradskoj-knjiznici-senj\/#primaryimage\"},\"datePublished\":\"2016-10-12T09:05:10+00:00\",\"dateModified\":\"2016-10-12T09:05:10+00:00\",\"author\":{\"@id\":\"https:\/\/knjiznice.nsk.hr\/senj\/#\/schema\/person\/c6b0893cdaca205d44fe2c322c042ac7\"},\"breadcrumb\":{\"@id\":\"https:\/\/knjiznice.nsk.hr\/senj\/mjesec-hrvatske-knjige-2016-u-gradskoj-knjiznici-senj\/#breadcrumb\"},\"inLanguage\":\"hr\",\"potentialAction\":[{\"@type\":\"ReadAction\",\"target\":[\"https:\/\/knjiznice.nsk.hr\/senj\/mjesec-hrvatske-knjige-2016-u-gradskoj-knjiznici-senj\/\"]}]},{\"@type\":\"BreadcrumbList\",\"@id\":\"https:\/\/knjiznice.nsk.hr\/senj\/mjesec-hrvatske-knjige-2016-u-gradskoj-knjiznici-senj\/#breadcrumb\",\"itemListElement\":[{\"@type\":\"ListItem\",\"position\":1,\"item\":{\"@type\":\"WebPage\",\"@id\":\"https:\/\/knjiznice.nsk.hr\/senj\/\",\"url\":\"https:\/\/knjiznice.nsk.hr\/senj\/\",\"name\":\"Po\\u010detna stranica\"}},{\"@type\":\"ListItem\",\"position\":2,\"item\":{\"@id\":\"https:\/\/knjiznice.nsk.hr\/senj\/mjesec-hrvatske-knjige-2016-u-gradskoj-knjiznici-senj\/#webpage\"}}]},{\"@type\":\"Person\",\"@id\":\"https:\/\/knjiznice.nsk.hr\/senj\/#\/schema\/person\/c6b0893cdaca205d44fe2c322c042ac7\",\"name\":\"senj\",\"image\":{\"@type\":\"ImageObject\",\"@id\":\"https:\/\/knjiznice.nsk.hr\/senj\/#personlogo\",\"inLanguage\":\"hr\",\"url\":\"https:\/\/secure.gravatar.com\/avatar\/b00e8e1a99b5ba41772fe68c6bcfd17c?s=96&d=mm&r=g\",\"contentUrl\":\"https:\/\/secure.gravatar.com\/avatar\/b00e8e1a99b5ba41772fe68c6bcfd17c?s=96&d=mm&r=g\",\"caption\":\"senj\"}}]}<\/script>\n<!-- \/ Yoast SEO plugin. -->","_links":{"self":[{"href":"https:\/\/knjiznice.nsk.hr\/senj\/wp-json\/wp\/v2\/posts\/844"}],"collection":[{"href":"https:\/\/knjiznice.nsk.hr\/senj\/wp-json\/wp\/v2\/posts"}],"about":[{"href":"https:\/\/knjiznice.nsk.hr\/senj\/wp-json\/wp\/v2\/types\/post"}],"author":[{"embeddable":true,"href":"https:\/\/knjiznice.nsk.hr\/senj\/wp-json\/wp\/v2\/users\/58"}],"replies":[{"embeddable":true,"href":"https:\/\/knjiznice.nsk.hr\/senj\/wp-json\/wp\/v2\/comments?post=844"}],"version-history":[{"count":1,"href":"https:\/\/knjiznice.nsk.hr\/senj\/wp-json\/wp\/v2\/posts\/844\/revisions"}],"predecessor-version":[{"id":846,"href":"https:\/\/knjiznice.nsk.hr\/senj\/wp-json\/wp\/v2\/posts\/844\/revisions\/846"}],"wp:featuredmedia":[{"embeddable":true,"href":"https:\/\/knjiznice.nsk.hr\/senj\/wp-json\/wp\/v2\/media\/845"}],"wp:attachment":[{"href":"https:\/\/knjiznice.nsk.hr\/senj\/wp-json\/wp\/v2\/media?parent=844"}],"wp:term":[{"taxonomy":"category","embeddable":true,"href":"https:\/\/knjiznice.nsk.hr\/senj\/wp-json\/wp\/v2\/categories?post=844"},{"taxonomy":"post_tag","embeddable":true,"href":"https:\/\/knjiznice.nsk.hr\/senj\/wp-json\/wp\/v2\/tags?post=844"}],"curies":[{"name":"wp","href":"https:\/\/api.w.org\/{rel}","templated":true}]}}