{"id":814,"date":"2016-09-23T11:29:05","date_gmt":"2016-09-23T11:29:05","guid":{"rendered":"http:\/\/knjiznice.nsk.hr\/senj\/?p=814"},"modified":"2016-09-23T11:29:37","modified_gmt":"2016-09-23T11:29:37","slug":"akcija-knjigom-za-knjigu-podrzite-nasu-zoru","status":"publish","type":"post","link":"https:\/\/knjiznice.nsk.hr\/senj\/akcija-knjigom-za-knjigu-podrzite-nasu-zoru\/","title":{"rendered":"AKCIJA &#8220;KNJIGOM ZA KNJIGU&#8221;-PODR\u017dITE NA\u0160U ZORU!!"},"content":{"rendered":"<p>&nbsp;<\/p>\n<p style=\"text-align: center\"><strong>TJEDAN CJELO\u017dIVOTNOG U\u010cENJA<\/strong><\/p>\n<p style=\"text-align: center\"><strong>AKCIJA GRADSKE KNJI\u017dNICE SENJ I <\/strong><\/p>\n<p style=\"text-align: center\"><strong>KLUBA MATURANATA SENJSKE GIMNAZIJE<\/strong><\/p>\n<p><strong>\u00a0<\/strong><\/p>\n<p>&nbsp;<\/p>\n<p>U sklopu <strong>Tjedna cjelo\u017eivotnog u\u010denja<\/strong> (od 26. do 30. rujna 2016.) Gradska knji\u017enica Senj i Klub maturanata Senjske gimnazije organiziraju akciju <strong><em>KNJIGOM ZA KNJIGU<\/em><\/strong> u kojoj \u0107e Knji\u017enica i Klub u prostorijama Gradske knji\u017enice Senj cijeli tjedan u radno vrijeme Knji\u017enice prodavati kvalitetne knjige po pristupa\u010dnim cijenama. Sav prihod od prodaje knjiga ide za potrebe tiskanja knjige <em>Crvenokosa Zora i njena dru\u017eina<\/em> na hrvatskom jeziku.<\/p>\n<p>Naime, Knji\u017enica i Klub ve\u0107 dugo rade na zahtjevnom procesu dobivanja autorskih prava i objavljivanja knjige <em>Crvenokosa Zora i njena dru\u017eina<\/em> na hrvatskom jeziku. Svi znamo da je ta knjiga obilje\u017eila i sadr\u017eajem i snimanjem filma 70-ih godina mnoge Senjane, a budu\u0107i da ne postoji izdanje na hrvatskom jeziku, \u017eelja nam je da i hrvatska verzija <em>Zore<\/em> ugleda svjetlo dana.<\/p>\n<p>Istra\u017eili smo kako do\u0107i do autorskih prava te uspjeli prona\u0107i sponzore (hvala od srca tvrtki Selan d.o.o.) za otkup istih, a sav posao prijevoda, lekture, korekture i ure\u0111ivanja odradit \u0107e besplatno i volonterski \u010dlanovi Kluba i Gradska knji\u017enica Senj koja bi bila i izdava\u010d djela.<\/p>\n<p>Knjigu bismo posvetili g. Horstu Emerichu, Nijemcu koji je 2007. godine do\u0161ao u Senj \u201etragom\u201c ovog romana te od\u0161kolovao jednog siroma\u0161nog dje\u010daka u Senju, a humani Nijemac je u na\u0161em gradu i umro i pokopan.<\/p>\n<p>No, ono \u0161to nam nedostaje su sredstva za tiskanje knjige.<\/p>\n<p>U Tjednu cjelo\u017eivotnog u\u010denja koji nagla\u0161ava knjigu kao najva\u017eniji izvor znanja i u\u010denja pridru\u017eite nam se i podr\u017eite ovu hvalevrijednu akciju. Do\u0111ite do knji\u017enice i izaberite knjigu za sebe po simboli\u010dnoj cijeni i pomognite na\u0161 projekt kojim bi \u010ditateljska publika dobila krasan primjer svevremenskog pou\u010dnog romana za djecu, a na\u0161i Senjani knjigu koja se zbog mnogih poveznica s gradom pod Nehajem slobodno mo\u017ee smatrati i zavi\u010dajnom literaturom.<\/p>\n<p>&nbsp;<\/p>\n<p>Hvala i veselimo se Va\u0161em dolasku i odazivu!<\/p>\n<p>&nbsp;<\/p>\n<p>&nbsp;<\/p>\n","protected":false},"excerpt":{"rendered":"<p>&nbsp; TJEDAN CJELO\u017dIVOTNOG U\u010cENJA AKCIJA GRADSKE KNJI\u017dNICE SENJ I KLUBA MATURANATA SENJSKE GIMNAZIJE \u00a0 &nbsp; U sklopu Tjedna cjelo\u017eivotnog u\u010denja (od 26. do 30. rujna 2016.) Gradska knji\u017enica Senj i Klub maturanata Senjske gimnazije organiziraju akciju KNJIGOM ZA KNJIGU u kojoj \u0107e Knji\u017enica i Klub u prostorijama Gradske knji\u017enice Senj cijeli tjedan u radno vrijeme [&hellip;]<\/p>\n","protected":false},"author":58,"featured_media":815,"comment_status":"closed","ping_status":"closed","sticky":false,"template":"","format":"standard","meta":{"ngg_post_thumbnail":0},"categories":[8],"tags":[],"yoast_head":"<!-- This site is optimized with the Yoast SEO plugin v16.4 - https:\/\/yoast.com\/wordpress\/plugins\/seo\/ -->\n<meta name=\"robots\" content=\"index, follow, max-snippet:-1, max-image-preview:large, max-video-preview:-1\" \/>\n<link rel=\"canonical\" href=\"https:\/\/knjiznice.nsk.hr\/senj\/akcija-knjigom-za-knjigu-podrzite-nasu-zoru\/\" \/>\n<meta property=\"og:locale\" content=\"hr_HR\" \/>\n<meta property=\"og:type\" content=\"article\" \/>\n<meta property=\"og:title\" content=\"AKCIJA &quot;KNJIGOM ZA KNJIGU&quot;-PODR\u017dITE NA\u0160U ZORU!! - Gradska knji\u017enica Senj\" \/>\n<meta property=\"og:description\" content=\"&nbsp; TJEDAN CJELO\u017dIVOTNOG U\u010cENJA AKCIJA GRADSKE KNJI\u017dNICE SENJ I KLUBA MATURANATA SENJSKE GIMNAZIJE \u00a0 &nbsp; U sklopu Tjedna cjelo\u017eivotnog u\u010denja (od 26. do 30. rujna 2016.) Gradska knji\u017enica Senj i Klub maturanata Senjske gimnazije organiziraju akciju KNJIGOM ZA KNJIGU u kojoj \u0107e Knji\u017enica i Klub u prostorijama Gradske knji\u017enice Senj cijeli tjedan u radno vrijeme [&hellip;]\" \/>\n<meta property=\"og:url\" content=\"https:\/\/knjiznice.nsk.hr\/senj\/akcija-knjigom-za-knjigu-podrzite-nasu-zoru\/\" \/>\n<meta property=\"og:site_name\" content=\"Gradska knji\u017enica Senj\" \/>\n<meta property=\"article:publisher\" content=\"http:\/\/facebook.com\/Gradska-knji%c5%benica-SENJ\" \/>\n<meta property=\"article:published_time\" content=\"2016-09-23T11:29:05+00:00\" \/>\n<meta property=\"article:modified_time\" content=\"2016-09-23T11:29:37+00:00\" \/>\n<meta property=\"og:image\" content=\"http:\/\/knjiznice.nsk.hr\/senj\/wp-content\/uploads\/sites\/60\/2016\/09\/images-1.jpg\" \/>\n\t<meta property=\"og:image:width\" content=\"180\" \/>\n\t<meta property=\"og:image:height\" content=\"281\" \/>\n<meta name=\"twitter:label1\" content=\"Procijenjeno vrijeme \u010ditanja\" \/>\n\t<meta name=\"twitter:data1\" content=\"2 minute\" \/>\n<script type=\"application\/ld+json\" class=\"yoast-schema-graph\">{\"@context\":\"https:\/\/schema.org\",\"@graph\":[{\"@type\":\"WebSite\",\"@id\":\"https:\/\/knjiznice.nsk.hr\/senj\/#website\",\"url\":\"https:\/\/knjiznice.nsk.hr\/senj\/\",\"name\":\"Gradska knji\\u017enica Senj\",\"description\":\"S vama od 1835. godine\",\"potentialAction\":[{\"@type\":\"SearchAction\",\"target\":\"https:\/\/knjiznice.nsk.hr\/senj\/?s={search_term_string}\",\"query-input\":\"required name=search_term_string\"}],\"inLanguage\":\"hr\"},{\"@type\":\"ImageObject\",\"@id\":\"https:\/\/knjiznice.nsk.hr\/senj\/akcija-knjigom-za-knjigu-podrzite-nasu-zoru\/#primaryimage\",\"inLanguage\":\"hr\",\"url\":\"https:\/\/knjiznice.nsk.hr\/senj\/wp-content\/uploads\/sites\/60\/2016\/09\/images-1.jpg\",\"contentUrl\":\"https:\/\/knjiznice.nsk.hr\/senj\/wp-content\/uploads\/sites\/60\/2016\/09\/images-1.jpg\",\"width\":180,\"height\":281},{\"@type\":\"WebPage\",\"@id\":\"https:\/\/knjiznice.nsk.hr\/senj\/akcija-knjigom-za-knjigu-podrzite-nasu-zoru\/#webpage\",\"url\":\"https:\/\/knjiznice.nsk.hr\/senj\/akcija-knjigom-za-knjigu-podrzite-nasu-zoru\/\",\"name\":\"AKCIJA \\\"KNJIGOM ZA KNJIGU\\\"-PODR\\u017dITE NA\\u0160U ZORU!! - Gradska knji\\u017enica Senj\",\"isPartOf\":{\"@id\":\"https:\/\/knjiznice.nsk.hr\/senj\/#website\"},\"primaryImageOfPage\":{\"@id\":\"https:\/\/knjiznice.nsk.hr\/senj\/akcija-knjigom-za-knjigu-podrzite-nasu-zoru\/#primaryimage\"},\"datePublished\":\"2016-09-23T11:29:05+00:00\",\"dateModified\":\"2016-09-23T11:29:37+00:00\",\"author\":{\"@id\":\"https:\/\/knjiznice.nsk.hr\/senj\/#\/schema\/person\/c6b0893cdaca205d44fe2c322c042ac7\"},\"breadcrumb\":{\"@id\":\"https:\/\/knjiznice.nsk.hr\/senj\/akcija-knjigom-za-knjigu-podrzite-nasu-zoru\/#breadcrumb\"},\"inLanguage\":\"hr\",\"potentialAction\":[{\"@type\":\"ReadAction\",\"target\":[\"https:\/\/knjiznice.nsk.hr\/senj\/akcija-knjigom-za-knjigu-podrzite-nasu-zoru\/\"]}]},{\"@type\":\"BreadcrumbList\",\"@id\":\"https:\/\/knjiznice.nsk.hr\/senj\/akcija-knjigom-za-knjigu-podrzite-nasu-zoru\/#breadcrumb\",\"itemListElement\":[{\"@type\":\"ListItem\",\"position\":1,\"item\":{\"@type\":\"WebPage\",\"@id\":\"https:\/\/knjiznice.nsk.hr\/senj\/\",\"url\":\"https:\/\/knjiznice.nsk.hr\/senj\/\",\"name\":\"Po\\u010detna stranica\"}},{\"@type\":\"ListItem\",\"position\":2,\"item\":{\"@id\":\"https:\/\/knjiznice.nsk.hr\/senj\/akcija-knjigom-za-knjigu-podrzite-nasu-zoru\/#webpage\"}}]},{\"@type\":\"Person\",\"@id\":\"https:\/\/knjiznice.nsk.hr\/senj\/#\/schema\/person\/c6b0893cdaca205d44fe2c322c042ac7\",\"name\":\"senj\",\"image\":{\"@type\":\"ImageObject\",\"@id\":\"https:\/\/knjiznice.nsk.hr\/senj\/#personlogo\",\"inLanguage\":\"hr\",\"url\":\"https:\/\/secure.gravatar.com\/avatar\/b00e8e1a99b5ba41772fe68c6bcfd17c?s=96&d=mm&r=g\",\"contentUrl\":\"https:\/\/secure.gravatar.com\/avatar\/b00e8e1a99b5ba41772fe68c6bcfd17c?s=96&d=mm&r=g\",\"caption\":\"senj\"}}]}<\/script>\n<!-- \/ Yoast SEO plugin. -->","_links":{"self":[{"href":"https:\/\/knjiznice.nsk.hr\/senj\/wp-json\/wp\/v2\/posts\/814"}],"collection":[{"href":"https:\/\/knjiznice.nsk.hr\/senj\/wp-json\/wp\/v2\/posts"}],"about":[{"href":"https:\/\/knjiznice.nsk.hr\/senj\/wp-json\/wp\/v2\/types\/post"}],"author":[{"embeddable":true,"href":"https:\/\/knjiznice.nsk.hr\/senj\/wp-json\/wp\/v2\/users\/58"}],"replies":[{"embeddable":true,"href":"https:\/\/knjiznice.nsk.hr\/senj\/wp-json\/wp\/v2\/comments?post=814"}],"version-history":[{"count":2,"href":"https:\/\/knjiznice.nsk.hr\/senj\/wp-json\/wp\/v2\/posts\/814\/revisions"}],"predecessor-version":[{"id":817,"href":"https:\/\/knjiznice.nsk.hr\/senj\/wp-json\/wp\/v2\/posts\/814\/revisions\/817"}],"wp:featuredmedia":[{"embeddable":true,"href":"https:\/\/knjiznice.nsk.hr\/senj\/wp-json\/wp\/v2\/media\/815"}],"wp:attachment":[{"href":"https:\/\/knjiznice.nsk.hr\/senj\/wp-json\/wp\/v2\/media?parent=814"}],"wp:term":[{"taxonomy":"category","embeddable":true,"href":"https:\/\/knjiznice.nsk.hr\/senj\/wp-json\/wp\/v2\/categories?post=814"},{"taxonomy":"post_tag","embeddable":true,"href":"https:\/\/knjiznice.nsk.hr\/senj\/wp-json\/wp\/v2\/tags?post=814"}],"curies":[{"name":"wp","href":"https:\/\/api.w.org\/{rel}","templated":true}]}}