{"id":801,"date":"2016-09-11T07:05:50","date_gmt":"2016-09-11T07:05:50","guid":{"rendered":"http:\/\/knjiznice.nsk.hr\/senj\/?p=801"},"modified":"2016-09-11T07:05:50","modified_gmt":"2016-09-11T07:05:50","slug":"redovno-zimsko-radno-vrijeme-gradske-knjiznice-senj","status":"publish","type":"post","link":"https:\/\/knjiznice.nsk.hr\/senj\/redovno-zimsko-radno-vrijeme-gradske-knjiznice-senj\/","title":{"rendered":"REDOVNO (ZIMSKO) RADNO VRIJEME GRADSKE KNJI\u017dNICE SENJ"},"content":{"rendered":"<p>Ljeto se bli\u017ei svome kraju. Stoga se va\u0161a knji\u017enica od ponedjeljka, 12. rujna 2016. g. vra\u0107a na redovno, tvz. zimsko radno vrijeme.<br \/>\nU\u017eivali smo s vama ovo ljeto, a radujemo se i novim susretima, dru\u017eenjima i \u010ditanjima u hladnijem dobu godine koje je pred nama.<\/p>\n<p>-Redovno radno vrijeme za korisnike-Gradska knji\u017enica Senj:<br \/>\nPon, uto, sri, pet: 8.00-14.00 h<span class=\"text_exposed_show\"><br \/>\n\u010cet: 13.00-19.00 h<br \/>\nDruga subota u mjesecu: 9.00-12.00 h<\/span><\/p>\n","protected":false},"excerpt":{"rendered":"<p>Ljeto se bli\u017ei svome kraju. Stoga se va\u0161a knji\u017enica od ponedjeljka, 12. rujna 2016. g. vra\u0107a na redovno, tvz. zimsko radno vrijeme. U\u017eivali smo s vama ovo ljeto, a radujemo se i novim susretima, dru\u017eenjima i \u010ditanjima u hladnijem dobu godine koje je pred nama. -Redovno radno vrijeme za korisnike-Gradska knji\u017enica Senj: Pon, uto, sri, [&hellip;]<\/p>\n","protected":false},"author":58,"featured_media":802,"comment_status":"closed","ping_status":"closed","sticky":false,"template":"","format":"standard","meta":{"ngg_post_thumbnail":0},"categories":[8],"tags":[],"yoast_head":"<!-- This site is optimized with the Yoast SEO plugin v16.4 - https:\/\/yoast.com\/wordpress\/plugins\/seo\/ -->\n<meta name=\"robots\" content=\"index, follow, max-snippet:-1, max-image-preview:large, max-video-preview:-1\" \/>\n<link rel=\"canonical\" href=\"https:\/\/knjiznice.nsk.hr\/senj\/redovno-zimsko-radno-vrijeme-gradske-knjiznice-senj\/\" \/>\n<meta property=\"og:locale\" content=\"hr_HR\" \/>\n<meta property=\"og:type\" content=\"article\" \/>\n<meta property=\"og:title\" content=\"REDOVNO (ZIMSKO) RADNO VRIJEME GRADSKE KNJI\u017dNICE SENJ - Gradska knji\u017enica Senj\" \/>\n<meta property=\"og:description\" content=\"Ljeto se bli\u017ei svome kraju. Stoga se va\u0161a knji\u017enica od ponedjeljka, 12. rujna 2016. g. vra\u0107a na redovno, tvz. zimsko radno vrijeme. U\u017eivali smo s vama ovo ljeto, a radujemo se i novim susretima, dru\u017eenjima i \u010ditanjima u hladnijem dobu godine koje je pred nama. -Redovno radno vrijeme za korisnike-Gradska knji\u017enica Senj: Pon, uto, sri, [&hellip;]\" \/>\n<meta property=\"og:url\" content=\"https:\/\/knjiznice.nsk.hr\/senj\/redovno-zimsko-radno-vrijeme-gradske-knjiznice-senj\/\" \/>\n<meta property=\"og:site_name\" content=\"Gradska knji\u017enica Senj\" \/>\n<meta property=\"article:publisher\" content=\"http:\/\/facebook.com\/Gradska-knji%c5%benica-SENJ\" \/>\n<meta property=\"article:published_time\" content=\"2016-09-11T07:05:50+00:00\" \/>\n<meta property=\"og:image\" content=\"http:\/\/knjiznice.nsk.hr\/senj\/wp-content\/uploads\/sites\/60\/2016\/09\/jesen.jpg\" \/>\n\t<meta property=\"og:image:width\" content=\"610\" \/>\n\t<meta property=\"og:image:height\" content=\"343\" \/>\n<script type=\"application\/ld+json\" class=\"yoast-schema-graph\">{\"@context\":\"https:\/\/schema.org\",\"@graph\":[{\"@type\":\"WebSite\",\"@id\":\"https:\/\/knjiznice.nsk.hr\/senj\/#website\",\"url\":\"https:\/\/knjiznice.nsk.hr\/senj\/\",\"name\":\"Gradska knji\\u017enica Senj\",\"description\":\"S vama od 1835. godine\",\"potentialAction\":[{\"@type\":\"SearchAction\",\"target\":\"https:\/\/knjiznice.nsk.hr\/senj\/?s={search_term_string}\",\"query-input\":\"required name=search_term_string\"}],\"inLanguage\":\"hr\"},{\"@type\":\"ImageObject\",\"@id\":\"https:\/\/knjiznice.nsk.hr\/senj\/redovno-zimsko-radno-vrijeme-gradske-knjiznice-senj\/#primaryimage\",\"inLanguage\":\"hr\",\"url\":\"https:\/\/knjiznice.nsk.hr\/senj\/wp-content\/uploads\/sites\/60\/2016\/09\/jesen.jpg\",\"contentUrl\":\"https:\/\/knjiznice.nsk.hr\/senj\/wp-content\/uploads\/sites\/60\/2016\/09\/jesen.jpg\",\"width\":610,\"height\":343},{\"@type\":\"WebPage\",\"@id\":\"https:\/\/knjiznice.nsk.hr\/senj\/redovno-zimsko-radno-vrijeme-gradske-knjiznice-senj\/#webpage\",\"url\":\"https:\/\/knjiznice.nsk.hr\/senj\/redovno-zimsko-radno-vrijeme-gradske-knjiznice-senj\/\",\"name\":\"REDOVNO (ZIMSKO) RADNO VRIJEME GRADSKE KNJI\\u017dNICE SENJ - Gradska knji\\u017enica Senj\",\"isPartOf\":{\"@id\":\"https:\/\/knjiznice.nsk.hr\/senj\/#website\"},\"primaryImageOfPage\":{\"@id\":\"https:\/\/knjiznice.nsk.hr\/senj\/redovno-zimsko-radno-vrijeme-gradske-knjiznice-senj\/#primaryimage\"},\"datePublished\":\"2016-09-11T07:05:50+00:00\",\"dateModified\":\"2016-09-11T07:05:50+00:00\",\"author\":{\"@id\":\"https:\/\/knjiznice.nsk.hr\/senj\/#\/schema\/person\/c6b0893cdaca205d44fe2c322c042ac7\"},\"breadcrumb\":{\"@id\":\"https:\/\/knjiznice.nsk.hr\/senj\/redovno-zimsko-radno-vrijeme-gradske-knjiznice-senj\/#breadcrumb\"},\"inLanguage\":\"hr\",\"potentialAction\":[{\"@type\":\"ReadAction\",\"target\":[\"https:\/\/knjiznice.nsk.hr\/senj\/redovno-zimsko-radno-vrijeme-gradske-knjiznice-senj\/\"]}]},{\"@type\":\"BreadcrumbList\",\"@id\":\"https:\/\/knjiznice.nsk.hr\/senj\/redovno-zimsko-radno-vrijeme-gradske-knjiznice-senj\/#breadcrumb\",\"itemListElement\":[{\"@type\":\"ListItem\",\"position\":1,\"item\":{\"@type\":\"WebPage\",\"@id\":\"https:\/\/knjiznice.nsk.hr\/senj\/\",\"url\":\"https:\/\/knjiznice.nsk.hr\/senj\/\",\"name\":\"Po\\u010detna stranica\"}},{\"@type\":\"ListItem\",\"position\":2,\"item\":{\"@id\":\"https:\/\/knjiznice.nsk.hr\/senj\/redovno-zimsko-radno-vrijeme-gradske-knjiznice-senj\/#webpage\"}}]},{\"@type\":\"Person\",\"@id\":\"https:\/\/knjiznice.nsk.hr\/senj\/#\/schema\/person\/c6b0893cdaca205d44fe2c322c042ac7\",\"name\":\"senj\",\"image\":{\"@type\":\"ImageObject\",\"@id\":\"https:\/\/knjiznice.nsk.hr\/senj\/#personlogo\",\"inLanguage\":\"hr\",\"url\":\"https:\/\/secure.gravatar.com\/avatar\/b00e8e1a99b5ba41772fe68c6bcfd17c?s=96&d=mm&r=g\",\"contentUrl\":\"https:\/\/secure.gravatar.com\/avatar\/b00e8e1a99b5ba41772fe68c6bcfd17c?s=96&d=mm&r=g\",\"caption\":\"senj\"}}]}<\/script>\n<!-- \/ Yoast SEO plugin. -->","_links":{"self":[{"href":"https:\/\/knjiznice.nsk.hr\/senj\/wp-json\/wp\/v2\/posts\/801"}],"collection":[{"href":"https:\/\/knjiznice.nsk.hr\/senj\/wp-json\/wp\/v2\/posts"}],"about":[{"href":"https:\/\/knjiznice.nsk.hr\/senj\/wp-json\/wp\/v2\/types\/post"}],"author":[{"embeddable":true,"href":"https:\/\/knjiznice.nsk.hr\/senj\/wp-json\/wp\/v2\/users\/58"}],"replies":[{"embeddable":true,"href":"https:\/\/knjiznice.nsk.hr\/senj\/wp-json\/wp\/v2\/comments?post=801"}],"version-history":[{"count":1,"href":"https:\/\/knjiznice.nsk.hr\/senj\/wp-json\/wp\/v2\/posts\/801\/revisions"}],"predecessor-version":[{"id":803,"href":"https:\/\/knjiznice.nsk.hr\/senj\/wp-json\/wp\/v2\/posts\/801\/revisions\/803"}],"wp:featuredmedia":[{"embeddable":true,"href":"https:\/\/knjiznice.nsk.hr\/senj\/wp-json\/wp\/v2\/media\/802"}],"wp:attachment":[{"href":"https:\/\/knjiznice.nsk.hr\/senj\/wp-json\/wp\/v2\/media?parent=801"}],"wp:term":[{"taxonomy":"category","embeddable":true,"href":"https:\/\/knjiznice.nsk.hr\/senj\/wp-json\/wp\/v2\/categories?post=801"},{"taxonomy":"post_tag","embeddable":true,"href":"https:\/\/knjiznice.nsk.hr\/senj\/wp-json\/wp\/v2\/tags?post=801"}],"curies":[{"name":"wp","href":"https:\/\/api.w.org\/{rel}","templated":true}]}}