{"id":773,"date":"2016-08-01T11:13:54","date_gmt":"2016-08-01T11:13:54","guid":{"rendered":"http:\/\/knjiznice.nsk.hr\/senj\/?p=773"},"modified":"2016-08-01T11:13:54","modified_gmt":"2016-08-01T11:13:54","slug":"izlozba-ucenicke-skolske-zadruge-sinjal","status":"publish","type":"post","link":"https:\/\/knjiznice.nsk.hr\/senj\/izlozba-ucenicke-skolske-zadruge-sinjal\/","title":{"rendered":"IZLO\u017dBA U\u010cENI\u010cKE \u0160KOLSKE ZADRUGE \u201eSINJAL\u201c"},"content":{"rendered":"<div class=\"_5x46\">\n<div class=\"clearfix _5va3\">\n<div class=\"clearfix _42ef\">\n<div class=\"_5va4\">\n<div>\n<div class=\"_6a _5u5j\">\n<div class=\"_6a _5u5j _6b\">\n<div class=\"_6a _29ee _4f-9 _43_1\"><\/div>\n<\/div>\n<\/div>\n<\/div>\n<\/div>\n<\/div>\n<\/div>\n<\/div>\n<div id=\"js_3g\" class=\"_5pbx userContent\">\n<div id=\"id_579f2ddae05802748452976\" class=\"text_exposed_root text_exposed\">\n<p>Osnovna \u0161kola Silvija Strahimira Kranj\u010devi\u0107a Senj i Gradska knji\u017enica Senj organizirali su zanimljiv postav u\u010deni\u010dkih radova na temu glagoljice. Radove u glini-sli\u010dice raznih dimenzija, magnete i ostale zanimljive predmete izradili su u\u010denici senjske osnovne \u0161kole \u2013 \u010dlanovi u\u010deni\u010dke \u0161kolske zadruge \u201eSinjal\u201c. Predivne predmete koji su i svojevrsni senjski suveniri u\u010denici su stvarali pod vodstvom u\u010diteljica Melite Mareni\u0107, Karmen Boras, Berte Tomljanovi\u0107, Kristine \u010cigoje i Bra<span class=\"text_exposed_show\">nke Zrinski.<br \/>\nDo\u0111ite, razgledajte, u\u017eivajte u predivnim glagolji\u010dnim motivima koji su dio na\u0161eg senjskog kulturnog identiteta. Dodatnu vrijednost izlo\u017ebi daje \u010dinjenica da su izlo\u017ebu stvarali i o glagoljici u\u010dili mladi Senjani kojima ta bogata tradicija ostaje u naslje\u0111e.<br \/>\nPostav je u na\u0161oj Knji\u017enici izlo\u017een od 1. kolovoza do 15. rujna 2016. g. i prodajnog je karaktera. Sli\u010dice ve\u0107ih dimenzija ko\u0161taju 30, a manjih 20 kuna, dok magneti\u0107e mo\u017eete kupiti ve\u0107 po 10 kuna. Sve informacije o kupovini i preuzimanju mo\u017eete dobiti na pultu Gradske knji\u017enice Senj.<br \/>\nHvala djelatnicima i u\u010denicima senjske osnovne \u0161kole na jo\u0161 jednoj divnoj suradnji!<\/span><\/p>\n<\/div>\n<\/div>\n","protected":false},"excerpt":{"rendered":"<p>Osnovna \u0161kola Silvija Strahimira Kranj\u010devi\u0107a Senj i Gradska knji\u017enica Senj organizirali su zanimljiv postav u\u010deni\u010dkih radova na temu glagoljice. Radove u glini-sli\u010dice raznih dimenzija, magnete i ostale zanimljive predmete izradili su u\u010denici senjske osnovne \u0161kole \u2013 \u010dlanovi u\u010deni\u010dke \u0161kolske zadruge \u201eSinjal\u201c. Predivne predmete koji su i svojevrsni senjski suveniri u\u010denici su stvarali pod vodstvom u\u010diteljica [&hellip;]<\/p>\n","protected":false},"author":58,"featured_media":774,"comment_status":"closed","ping_status":"closed","sticky":false,"template":"","format":"standard","meta":{"ngg_post_thumbnail":0},"categories":[8],"tags":[],"yoast_head":"<!-- This site is optimized with the Yoast SEO plugin v16.4 - https:\/\/yoast.com\/wordpress\/plugins\/seo\/ -->\n<meta name=\"robots\" content=\"index, follow, max-snippet:-1, max-image-preview:large, max-video-preview:-1\" \/>\n<link rel=\"canonical\" href=\"http:\/\/knjiznice.nsk.hr\/senj\/izlozba-ucenicke-skolske-zadruge-sinjal\/\" \/>\n<meta property=\"og:locale\" content=\"hr_HR\" \/>\n<meta property=\"og:type\" content=\"article\" \/>\n<meta property=\"og:title\" content=\"IZLO\u017dBA U\u010cENI\u010cKE \u0160KOLSKE ZADRUGE \u201eSINJAL\u201c - Gradska knji\u017enica Senj\" \/>\n<meta property=\"og:description\" content=\"Osnovna \u0161kola Silvija Strahimira Kranj\u010devi\u0107a Senj i Gradska knji\u017enica Senj organizirali su zanimljiv postav u\u010deni\u010dkih radova na temu glagoljice. Radove u glini-sli\u010dice raznih dimenzija, magnete i ostale zanimljive predmete izradili su u\u010denici senjske osnovne \u0161kole \u2013 \u010dlanovi u\u010deni\u010dke \u0161kolske zadruge \u201eSinjal\u201c. Predivne predmete koji su i svojevrsni senjski suveniri u\u010denici su stvarali pod vodstvom u\u010diteljica [&hellip;]\" \/>\n<meta property=\"og:url\" content=\"http:\/\/knjiznice.nsk.hr\/senj\/izlozba-ucenicke-skolske-zadruge-sinjal\/\" \/>\n<meta property=\"og:site_name\" content=\"Gradska knji\u017enica Senj\" \/>\n<meta property=\"article:publisher\" content=\"http:\/\/facebook.com\/Gradska-knji%c5%benica-SENJ\" \/>\n<meta property=\"article:published_time\" content=\"2016-08-01T11:13:54+00:00\" \/>\n<meta property=\"og:image\" content=\"http:\/\/knjiznice.nsk.hr\/senj\/wp-content\/uploads\/sites\/60\/2016\/08\/20160729_102508_resized.jpg\" \/>\n\t<meta property=\"og:image:width\" content=\"533\" \/>\n\t<meta property=\"og:image:height\" content=\"300\" \/>\n<meta name=\"twitter:label1\" content=\"Procijenjeno vrijeme \u010ditanja\" \/>\n\t<meta name=\"twitter:data1\" content=\"1 minuta\" \/>\n<script type=\"application\/ld+json\" class=\"yoast-schema-graph\">{\"@context\":\"https:\/\/schema.org\",\"@graph\":[{\"@type\":\"WebSite\",\"@id\":\"https:\/\/knjiznice.nsk.hr\/senj\/#website\",\"url\":\"https:\/\/knjiznice.nsk.hr\/senj\/\",\"name\":\"Gradska knji\\u017enica Senj\",\"description\":\"S vama od 1835. godine\",\"potentialAction\":[{\"@type\":\"SearchAction\",\"target\":\"https:\/\/knjiznice.nsk.hr\/senj\/?s={search_term_string}\",\"query-input\":\"required name=search_term_string\"}],\"inLanguage\":\"hr\"},{\"@type\":\"ImageObject\",\"@id\":\"http:\/\/knjiznice.nsk.hr\/senj\/izlozba-ucenicke-skolske-zadruge-sinjal\/#primaryimage\",\"inLanguage\":\"hr\",\"url\":\"https:\/\/knjiznice.nsk.hr\/senj\/wp-content\/uploads\/sites\/60\/2016\/08\/20160729_102508_resized.jpg\",\"contentUrl\":\"https:\/\/knjiznice.nsk.hr\/senj\/wp-content\/uploads\/sites\/60\/2016\/08\/20160729_102508_resized.jpg\",\"width\":533,\"height\":300},{\"@type\":\"WebPage\",\"@id\":\"http:\/\/knjiznice.nsk.hr\/senj\/izlozba-ucenicke-skolske-zadruge-sinjal\/#webpage\",\"url\":\"http:\/\/knjiznice.nsk.hr\/senj\/izlozba-ucenicke-skolske-zadruge-sinjal\/\",\"name\":\"IZLO\\u017dBA U\\u010cENI\\u010cKE \\u0160KOLSKE ZADRUGE \\u201eSINJAL\\u201c - Gradska knji\\u017enica Senj\",\"isPartOf\":{\"@id\":\"https:\/\/knjiznice.nsk.hr\/senj\/#website\"},\"primaryImageOfPage\":{\"@id\":\"http:\/\/knjiznice.nsk.hr\/senj\/izlozba-ucenicke-skolske-zadruge-sinjal\/#primaryimage\"},\"datePublished\":\"2016-08-01T11:13:54+00:00\",\"dateModified\":\"2016-08-01T11:13:54+00:00\",\"author\":{\"@id\":\"https:\/\/knjiznice.nsk.hr\/senj\/#\/schema\/person\/c6b0893cdaca205d44fe2c322c042ac7\"},\"breadcrumb\":{\"@id\":\"http:\/\/knjiznice.nsk.hr\/senj\/izlozba-ucenicke-skolske-zadruge-sinjal\/#breadcrumb\"},\"inLanguage\":\"hr\",\"potentialAction\":[{\"@type\":\"ReadAction\",\"target\":[\"http:\/\/knjiznice.nsk.hr\/senj\/izlozba-ucenicke-skolske-zadruge-sinjal\/\"]}]},{\"@type\":\"BreadcrumbList\",\"@id\":\"http:\/\/knjiznice.nsk.hr\/senj\/izlozba-ucenicke-skolske-zadruge-sinjal\/#breadcrumb\",\"itemListElement\":[{\"@type\":\"ListItem\",\"position\":1,\"item\":{\"@type\":\"WebPage\",\"@id\":\"https:\/\/knjiznice.nsk.hr\/senj\/\",\"url\":\"https:\/\/knjiznice.nsk.hr\/senj\/\",\"name\":\"Po\\u010detna stranica\"}},{\"@type\":\"ListItem\",\"position\":2,\"item\":{\"@id\":\"http:\/\/knjiznice.nsk.hr\/senj\/izlozba-ucenicke-skolske-zadruge-sinjal\/#webpage\"}}]},{\"@type\":\"Person\",\"@id\":\"https:\/\/knjiznice.nsk.hr\/senj\/#\/schema\/person\/c6b0893cdaca205d44fe2c322c042ac7\",\"name\":\"senj\",\"image\":{\"@type\":\"ImageObject\",\"@id\":\"https:\/\/knjiznice.nsk.hr\/senj\/#personlogo\",\"inLanguage\":\"hr\",\"url\":\"https:\/\/secure.gravatar.com\/avatar\/b00e8e1a99b5ba41772fe68c6bcfd17c?s=96&d=mm&r=g\",\"contentUrl\":\"https:\/\/secure.gravatar.com\/avatar\/b00e8e1a99b5ba41772fe68c6bcfd17c?s=96&d=mm&r=g\",\"caption\":\"senj\"}}]}<\/script>\n<!-- \/ Yoast SEO plugin. -->","_links":{"self":[{"href":"https:\/\/knjiznice.nsk.hr\/senj\/wp-json\/wp\/v2\/posts\/773"}],"collection":[{"href":"https:\/\/knjiznice.nsk.hr\/senj\/wp-json\/wp\/v2\/posts"}],"about":[{"href":"https:\/\/knjiznice.nsk.hr\/senj\/wp-json\/wp\/v2\/types\/post"}],"author":[{"embeddable":true,"href":"https:\/\/knjiznice.nsk.hr\/senj\/wp-json\/wp\/v2\/users\/58"}],"replies":[{"embeddable":true,"href":"https:\/\/knjiznice.nsk.hr\/senj\/wp-json\/wp\/v2\/comments?post=773"}],"version-history":[{"count":1,"href":"https:\/\/knjiznice.nsk.hr\/senj\/wp-json\/wp\/v2\/posts\/773\/revisions"}],"predecessor-version":[{"id":775,"href":"https:\/\/knjiznice.nsk.hr\/senj\/wp-json\/wp\/v2\/posts\/773\/revisions\/775"}],"wp:featuredmedia":[{"embeddable":true,"href":"https:\/\/knjiznice.nsk.hr\/senj\/wp-json\/wp\/v2\/media\/774"}],"wp:attachment":[{"href":"https:\/\/knjiznice.nsk.hr\/senj\/wp-json\/wp\/v2\/media?parent=773"}],"wp:term":[{"taxonomy":"category","embeddable":true,"href":"https:\/\/knjiznice.nsk.hr\/senj\/wp-json\/wp\/v2\/categories?post=773"},{"taxonomy":"post_tag","embeddable":true,"href":"https:\/\/knjiznice.nsk.hr\/senj\/wp-json\/wp\/v2\/tags?post=773"}],"curies":[{"name":"wp","href":"https:\/\/api.w.org\/{rel}","templated":true}]}}