{"id":766,"date":"2016-07-30T07:19:31","date_gmt":"2016-07-30T07:19:31","guid":{"rendered":"http:\/\/knjiznice.nsk.hr\/senj\/?p=766"},"modified":"2016-07-30T07:19:31","modified_gmt":"2016-07-30T07:19:31","slug":"zavrsen-ovogodisnji-ciklus-popularnih-srijeda-za-pet","status":"publish","type":"post","link":"https:\/\/knjiznice.nsk.hr\/senj\/zavrsen-ovogodisnji-ciklus-popularnih-srijeda-za-pet\/","title":{"rendered":"ZAVR\u0160EN OVOGODI\u0160NJI CIKLUS POPULARNIH &#8220;SRIJEDA ZA PET&#8221;."},"content":{"rendered":"<div class=\"_5x46\"><\/div>\n<div id=\"js_1v\" class=\"_5pbx userContent\">\n<div id=\"id_579c5403b1f9d4982170450\" class=\"text_exposed_root text_exposed\">\n<p>Susretom u srijedu, 27. srpnja zavr\u0161ena je serija radionice \u201eSrijeda za pet\u201c . Svjesni da je ljetno razdoblje bez \u0161kole dugo i bez sadr\u017eaja odlu\u010dili smo drugu godinu zaredom realizirati ovaj popularni projekt za mla\u0111e osnovce. Radi se o edukativnim radionicama koje su koncipirane tako da na zabavan na\u010din djeci pribli\u017ee u\u010denje, \u010ditanje, a bilo je i slikanja te razgovora o temama koje interesiraju djecu toga uzrasta. Radionice su bile besplatne i odvijale su se svaku srijedu u <span class=\"text_exposed_show\">srpnju. Djeca su na\u0161u knji\u017eni\u010dnu pla\u017eu na Dje\u010djem odjelu posje\u0107ivala u velikome broju i lijepo sura\u0111ivala s voditeljicom programa Ivanom Podol\u0161ak.<br \/>\nKroz 4 radionice djeca su \u010ditala knjige i \u010dasopise, bavila se enigmatikom, crtala, izra\u0111ivala igre, postavljala izlo\u017ebe, gledala i komentirala animirane filmove. S njima se na pedago\u0161ki na\u010din razgovaralo i obradilo razne va\u017ene teme poput va\u017enosti sprje\u010davanja nasilja, bontona, kreativnosti i igre bez mobitela i televizije te kome su obratiti u nevolji. Uz to, polaznici su se nau\u010dili orijentirati po knji\u017enici te su usvojili pravila pona\u0161anja u na\u0161oj ustanovi. Tako\u0111er, konstantno je nagla\u0161avana va\u017enost \u010ditanja i u\u010denja, a svi sadr\u017eaji djeci su predstavljeni na zabavan i le\u017eeran na\u010din kako bi ih lak\u0161e prihvatili i zavoljeli.<br \/>\nBilo nam je lijepo i ugodno dru\u017eiti se s djecom na radionicama i ve\u0107 planiramo dogodine sljede\u0107u seriju radionica \u201eSrijeda za pet\u201c. Uz to, Knji\u017enica \u0107e u prosincu organizirati i seriju bo\u017ei\u0107nih radionica.<br \/>\nUz brojne druge kulturne i edukativne programe, i ovim je programom Knji\u017enica pokazala da misli na svoje sugra\u0111ane i osmi\u0161ljava programe kako bi im ponudila kvalitetne sadr\u017eaje jer senjska knji\u017enica nije samo mjesto gdje se posu\u0111uje knjiga ve\u0107 i mjesto susreta, u\u010denja, zabave i dobrih vibracija. Veliki broj djece i odraslih koji pohode na\u0161a doga\u0111anja svjedo\u010di o tome!<br \/>\nHvala, dragi na\u0161i!<br \/>\nVa\u0161a Knji\u017enica!<\/span><\/p>\n<\/div>\n<\/div>\n","protected":false},"excerpt":{"rendered":"<p>Susretom u srijedu, 27. srpnja zavr\u0161ena je serija radionice \u201eSrijeda za pet\u201c . Svjesni da je ljetno razdoblje bez \u0161kole dugo i bez sadr\u017eaja odlu\u010dili smo drugu godinu zaredom realizirati ovaj popularni projekt za mla\u0111e osnovce. Radi se o edukativnim radionicama koje su koncipirane tako da na zabavan na\u010din djeci pribli\u017ee u\u010denje, \u010ditanje, a bilo [&hellip;]<\/p>\n","protected":false},"author":58,"featured_media":768,"comment_status":"closed","ping_status":"closed","sticky":false,"template":"","format":"standard","meta":{"ngg_post_thumbnail":0},"categories":[8],"tags":[],"yoast_head":"<!-- This site is optimized with the Yoast SEO plugin v16.4 - https:\/\/yoast.com\/wordpress\/plugins\/seo\/ -->\n<meta name=\"robots\" content=\"index, follow, max-snippet:-1, max-image-preview:large, max-video-preview:-1\" \/>\n<link rel=\"canonical\" href=\"https:\/\/knjiznice.nsk.hr\/senj\/zavrsen-ovogodisnji-ciklus-popularnih-srijeda-za-pet\/\" \/>\n<meta property=\"og:locale\" content=\"hr_HR\" \/>\n<meta property=\"og:type\" content=\"article\" \/>\n<meta property=\"og:title\" content=\"ZAVR\u0160EN OVOGODI\u0160NJI CIKLUS POPULARNIH &quot;SRIJEDA ZA PET&quot;. - Gradska knji\u017enica Senj\" \/>\n<meta property=\"og:description\" content=\"Susretom u srijedu, 27. srpnja zavr\u0161ena je serija radionice \u201eSrijeda za pet\u201c . Svjesni da je ljetno razdoblje bez \u0161kole dugo i bez sadr\u017eaja odlu\u010dili smo drugu godinu zaredom realizirati ovaj popularni projekt za mla\u0111e osnovce. Radi se o edukativnim radionicama koje su koncipirane tako da na zabavan na\u010din djeci pribli\u017ee u\u010denje, \u010ditanje, a bilo [&hellip;]\" \/>\n<meta property=\"og:url\" content=\"https:\/\/knjiznice.nsk.hr\/senj\/zavrsen-ovogodisnji-ciklus-popularnih-srijeda-za-pet\/\" \/>\n<meta property=\"og:site_name\" content=\"Gradska knji\u017enica Senj\" \/>\n<meta property=\"article:publisher\" content=\"http:\/\/facebook.com\/Gradska-knji%c5%benica-SENJ\" \/>\n<meta property=\"article:published_time\" content=\"2016-07-30T07:19:31+00:00\" \/>\n<meta property=\"og:image\" content=\"http:\/\/knjiznice.nsk.hr\/senj\/wp-content\/uploads\/sites\/60\/2016\/07\/image-0.02.01.06ffefc9ef75d45a58bbc87438af50acc69690070ddb80eddeb8c449867f0503-V.jpg\" \/>\n\t<meta property=\"og:image:width\" content=\"400\" \/>\n\t<meta property=\"og:image:height\" content=\"300\" \/>\n<meta name=\"twitter:label1\" content=\"Procijenjeno vrijeme \u010ditanja\" \/>\n\t<meta name=\"twitter:data1\" content=\"2 minute\" \/>\n<script type=\"application\/ld+json\" class=\"yoast-schema-graph\">{\"@context\":\"https:\/\/schema.org\",\"@graph\":[{\"@type\":\"WebSite\",\"@id\":\"https:\/\/knjiznice.nsk.hr\/senj\/#website\",\"url\":\"https:\/\/knjiznice.nsk.hr\/senj\/\",\"name\":\"Gradska knji\\u017enica Senj\",\"description\":\"S vama od 1835. godine\",\"potentialAction\":[{\"@type\":\"SearchAction\",\"target\":\"https:\/\/knjiznice.nsk.hr\/senj\/?s={search_term_string}\",\"query-input\":\"required name=search_term_string\"}],\"inLanguage\":\"hr\"},{\"@type\":\"ImageObject\",\"@id\":\"https:\/\/knjiznice.nsk.hr\/senj\/zavrsen-ovogodisnji-ciklus-popularnih-srijeda-za-pet\/#primaryimage\",\"inLanguage\":\"hr\",\"url\":\"https:\/\/knjiznice.nsk.hr\/senj\/wp-content\/uploads\/sites\/60\/2016\/07\/image-0.02.01.06ffefc9ef75d45a58bbc87438af50acc69690070ddb80eddeb8c449867f0503-V.jpg\",\"contentUrl\":\"https:\/\/knjiznice.nsk.hr\/senj\/wp-content\/uploads\/sites\/60\/2016\/07\/image-0.02.01.06ffefc9ef75d45a58bbc87438af50acc69690070ddb80eddeb8c449867f0503-V.jpg\",\"width\":400,\"height\":300},{\"@type\":\"WebPage\",\"@id\":\"https:\/\/knjiznice.nsk.hr\/senj\/zavrsen-ovogodisnji-ciklus-popularnih-srijeda-za-pet\/#webpage\",\"url\":\"https:\/\/knjiznice.nsk.hr\/senj\/zavrsen-ovogodisnji-ciklus-popularnih-srijeda-za-pet\/\",\"name\":\"ZAVR\\u0160EN OVOGODI\\u0160NJI CIKLUS POPULARNIH \\\"SRIJEDA ZA PET\\\". - Gradska knji\\u017enica Senj\",\"isPartOf\":{\"@id\":\"https:\/\/knjiznice.nsk.hr\/senj\/#website\"},\"primaryImageOfPage\":{\"@id\":\"https:\/\/knjiznice.nsk.hr\/senj\/zavrsen-ovogodisnji-ciklus-popularnih-srijeda-za-pet\/#primaryimage\"},\"datePublished\":\"2016-07-30T07:19:31+00:00\",\"dateModified\":\"2016-07-30T07:19:31+00:00\",\"author\":{\"@id\":\"https:\/\/knjiznice.nsk.hr\/senj\/#\/schema\/person\/c6b0893cdaca205d44fe2c322c042ac7\"},\"breadcrumb\":{\"@id\":\"https:\/\/knjiznice.nsk.hr\/senj\/zavrsen-ovogodisnji-ciklus-popularnih-srijeda-za-pet\/#breadcrumb\"},\"inLanguage\":\"hr\",\"potentialAction\":[{\"@type\":\"ReadAction\",\"target\":[\"https:\/\/knjiznice.nsk.hr\/senj\/zavrsen-ovogodisnji-ciklus-popularnih-srijeda-za-pet\/\"]}]},{\"@type\":\"BreadcrumbList\",\"@id\":\"https:\/\/knjiznice.nsk.hr\/senj\/zavrsen-ovogodisnji-ciklus-popularnih-srijeda-za-pet\/#breadcrumb\",\"itemListElement\":[{\"@type\":\"ListItem\",\"position\":1,\"item\":{\"@type\":\"WebPage\",\"@id\":\"https:\/\/knjiznice.nsk.hr\/senj\/\",\"url\":\"https:\/\/knjiznice.nsk.hr\/senj\/\",\"name\":\"Po\\u010detna stranica\"}},{\"@type\":\"ListItem\",\"position\":2,\"item\":{\"@id\":\"https:\/\/knjiznice.nsk.hr\/senj\/zavrsen-ovogodisnji-ciklus-popularnih-srijeda-za-pet\/#webpage\"}}]},{\"@type\":\"Person\",\"@id\":\"https:\/\/knjiznice.nsk.hr\/senj\/#\/schema\/person\/c6b0893cdaca205d44fe2c322c042ac7\",\"name\":\"senj\",\"image\":{\"@type\":\"ImageObject\",\"@id\":\"https:\/\/knjiznice.nsk.hr\/senj\/#personlogo\",\"inLanguage\":\"hr\",\"url\":\"https:\/\/secure.gravatar.com\/avatar\/b00e8e1a99b5ba41772fe68c6bcfd17c?s=96&d=mm&r=g\",\"contentUrl\":\"https:\/\/secure.gravatar.com\/avatar\/b00e8e1a99b5ba41772fe68c6bcfd17c?s=96&d=mm&r=g\",\"caption\":\"senj\"}}]}<\/script>\n<!-- \/ Yoast SEO plugin. -->","_links":{"self":[{"href":"https:\/\/knjiznice.nsk.hr\/senj\/wp-json\/wp\/v2\/posts\/766"}],"collection":[{"href":"https:\/\/knjiznice.nsk.hr\/senj\/wp-json\/wp\/v2\/posts"}],"about":[{"href":"https:\/\/knjiznice.nsk.hr\/senj\/wp-json\/wp\/v2\/types\/post"}],"author":[{"embeddable":true,"href":"https:\/\/knjiznice.nsk.hr\/senj\/wp-json\/wp\/v2\/users\/58"}],"replies":[{"embeddable":true,"href":"https:\/\/knjiznice.nsk.hr\/senj\/wp-json\/wp\/v2\/comments?post=766"}],"version-history":[{"count":1,"href":"https:\/\/knjiznice.nsk.hr\/senj\/wp-json\/wp\/v2\/posts\/766\/revisions"}],"predecessor-version":[{"id":769,"href":"https:\/\/knjiznice.nsk.hr\/senj\/wp-json\/wp\/v2\/posts\/766\/revisions\/769"}],"wp:featuredmedia":[{"embeddable":true,"href":"https:\/\/knjiznice.nsk.hr\/senj\/wp-json\/wp\/v2\/media\/768"}],"wp:attachment":[{"href":"https:\/\/knjiznice.nsk.hr\/senj\/wp-json\/wp\/v2\/media?parent=766"}],"wp:term":[{"taxonomy":"category","embeddable":true,"href":"https:\/\/knjiznice.nsk.hr\/senj\/wp-json\/wp\/v2\/categories?post=766"},{"taxonomy":"post_tag","embeddable":true,"href":"https:\/\/knjiznice.nsk.hr\/senj\/wp-json\/wp\/v2\/tags?post=766"}],"curies":[{"name":"wp","href":"https:\/\/api.w.org\/{rel}","templated":true}]}}