{"id":748,"date":"2016-07-06T15:49:08","date_gmt":"2016-07-06T15:49:08","guid":{"rendered":"http:\/\/knjiznice.nsk.hr\/senj\/?p=748"},"modified":"2016-07-06T15:50:41","modified_gmt":"2016-07-06T15:50:41","slug":"prva-srijeda-za-pet-6-7-radionica-ljetni-zabavnik","status":"publish","type":"post","link":"https:\/\/knjiznice.nsk.hr\/senj\/prva-srijeda-za-pet-6-7-radionica-ljetni-zabavnik\/","title":{"rendered":"ODR\u017dANA PRVA &#8220;SRIJEDA ZA PET&#8221;-6.7.-radionica &#8220;LJETNI ZABAVNIK&#8221;"},"content":{"rendered":"<p>Prva u nizu ljetnih knji\u017eni\u010dnih radionica iz serije <em>Srijeda za 5<\/em> bila je \u2013 za 5! Edukativna radionica pod tematskim nazivom <em>Ljetni zabavnik<\/em> odr\u017eana je 6. srpnja na Dje\u010djem odjelu Gradske knji\u017enice Senj, a cilj joj je bio upoznavanje djece s \u010dasopisima koje knji\u017enica prima (<em>Prvi izbor<\/em> i <em>Moj planet<\/em>) te razvijanje interesa za \u010ditanje i enigmatiku.<\/p>\n<p><em>Knji\u017eni\u010dna pla\u017ea<\/em> bila je prepuna, \u010dak 17-ero djece u\u017eivalo je u pou\u010dno-zabavnim sadr\u017eajima koje je za njih osmislila zaposlenica senjske knji\u017enice-dipl.knji\u017eni\u010darka i prof. Ivana Podol\u0161ak.<\/p>\n<p>Nakon kratkog upoznavanja i dogovora oko pravila pona\u0161anja na radionicama, djeci je uz predstavljanje \u010dasopisa <em>Prvi izbor<\/em> i <em>Moj planet<\/em> pokazan i smje\u0161taj gra\u0111e na dje\u010djem odjelu. Djeca su podijeljena u parove tako da su u paru dijete koje je \u010dita\u010d i pred\u0161kolac. Svaki par pro\u010ditao je jednu re\u010denicu slikopri\u010de \u201ePraznici\u201c iz \u010dasopisa <em>Prvi izbor. <\/em>Iza slikopri\u010de slijedila je kri\u017ealjka koju su djeca rje\u0161avala u paru. Uslijedila je aktivnost <em>Orijentirajmo se po knji\u017enici<\/em>. Djeca su za\u0161la u police i sama pronalazila gra\u0111u prema vlastitim afinitetima. Na\u0161alo se tu Harry Potter, Garfield, Jezovite pri\u010de, slikovnice: Semafor, Svjetionik, Leptiri, Pri\u010de o papigama, strip i stari broj Prvog izbora, Dnevnik Pauline P. Svatko je u par rije\u010di oblazlo\u017eio za\u0161to je odabrao ba\u0161 tu knjigu . U razgovoru o knjigama i knji\u017enici posebno je napomenuto da pri dolasku u knji\u017enicu moraju sa sobom ponijeti iskaznicu te ostala pravila lijepog pona\u0161anja u knji\u017enici.<\/p>\n<p>Kao zavr\u0161na aktivnost starijoj djeci podijeljen je <em>Zabavni<\/em> <em>Prvi izbor<\/em> (zasebni enigmatski dio \u010dasopisa) te su prema interesima rje\u0161avali rebuse, osmosmjerke, skandinavke i sl. dok su mla\u0111a djeca bojala crte\u017ee s ljetnim motivima. Po\u010dastili su se i slatki\u0161ima.<\/p>\n<p>Djeca su rado i s interesom sudjelovala u svim oblicima rada. Ve\u0107ina njih su i sami korisnici knji\u017enice te se dobro snalaze na dje\u010djem odjelu.<\/p>\n<p>Voditeljica radionice Podol\u0161ak kroz jednosatni kvalitetni i pedago\u0161ki oblikovan program djecu je poticala na razvijanje navika i ljubavi prema \u010ditanju i knji\u017enici; na detaljnije upoznavanje s enigmatikom i na razvijanje fine motorike kroz crtanje.<\/p>\n<p>Vidimo se na idu\u0107oj <em>Srijedi za 5<\/em>, 13. srpnja 2016. godine u 11 sati. Veselimo se sljede\u0107em dru\u017eenju!:))<\/p>\n<p>&nbsp;<\/p>\n<p>&nbsp;<\/p>\n<p>&nbsp;<\/p>\n","protected":false},"excerpt":{"rendered":"<p>Prva u nizu ljetnih knji\u017eni\u010dnih radionica iz serije Srijeda za 5 bila je \u2013 za 5! Edukativna radionica pod tematskim nazivom Ljetni zabavnik odr\u017eana je 6. srpnja na Dje\u010djem odjelu Gradske knji\u017enice Senj, a cilj joj je bio upoznavanje djece s \u010dasopisima koje knji\u017enica prima (Prvi izbor i Moj planet) te razvijanje interesa za \u010ditanje [&hellip;]<\/p>\n","protected":false},"author":58,"featured_media":749,"comment_status":"closed","ping_status":"closed","sticky":false,"template":"","format":"standard","meta":{"ngg_post_thumbnail":0},"categories":[8],"tags":[],"yoast_head":"<!-- This site is optimized with the Yoast SEO plugin v16.4 - https:\/\/yoast.com\/wordpress\/plugins\/seo\/ -->\n<meta name=\"robots\" content=\"index, follow, max-snippet:-1, max-image-preview:large, max-video-preview:-1\" \/>\n<link rel=\"canonical\" href=\"https:\/\/knjiznice.nsk.hr\/senj\/prva-srijeda-za-pet-6-7-radionica-ljetni-zabavnik\/\" \/>\n<meta property=\"og:locale\" content=\"hr_HR\" \/>\n<meta property=\"og:type\" content=\"article\" \/>\n<meta property=\"og:title\" content=\"ODR\u017dANA PRVA &quot;SRIJEDA ZA PET&quot;-6.7.-radionica &quot;LJETNI ZABAVNIK&quot; - Gradska knji\u017enica Senj\" \/>\n<meta property=\"og:description\" content=\"Prva u nizu ljetnih knji\u017eni\u010dnih radionica iz serije Srijeda za 5 bila je \u2013 za 5! Edukativna radionica pod tematskim nazivom Ljetni zabavnik odr\u017eana je 6. srpnja na Dje\u010djem odjelu Gradske knji\u017enice Senj, a cilj joj je bio upoznavanje djece s \u010dasopisima koje knji\u017enica prima (Prvi izbor i Moj planet) te razvijanje interesa za \u010ditanje [&hellip;]\" \/>\n<meta property=\"og:url\" content=\"https:\/\/knjiznice.nsk.hr\/senj\/prva-srijeda-za-pet-6-7-radionica-ljetni-zabavnik\/\" \/>\n<meta property=\"og:site_name\" content=\"Gradska knji\u017enica Senj\" \/>\n<meta property=\"article:publisher\" content=\"http:\/\/facebook.com\/Gradska-knji%c5%benica-SENJ\" \/>\n<meta property=\"article:published_time\" content=\"2016-07-06T15:49:08+00:00\" \/>\n<meta property=\"article:modified_time\" content=\"2016-07-06T15:50:41+00:00\" \/>\n<meta property=\"og:image\" content=\"http:\/\/knjiznice.nsk.hr\/senj\/wp-content\/uploads\/sites\/60\/2016\/07\/image-0.02.01.bc6e2e243f600ac174b0b446dc2c8d9ed5e402eddd951bbf69da77eeedcfe8f1-V.jpg\" \/>\n\t<meta property=\"og:image:width\" content=\"400\" \/>\n\t<meta property=\"og:image:height\" content=\"300\" \/>\n<meta name=\"twitter:label1\" content=\"Procijenjeno vrijeme \u010ditanja\" \/>\n\t<meta name=\"twitter:data1\" content=\"2 minute\" \/>\n<script type=\"application\/ld+json\" class=\"yoast-schema-graph\">{\"@context\":\"https:\/\/schema.org\",\"@graph\":[{\"@type\":\"WebSite\",\"@id\":\"https:\/\/knjiznice.nsk.hr\/senj\/#website\",\"url\":\"https:\/\/knjiznice.nsk.hr\/senj\/\",\"name\":\"Gradska knji\\u017enica Senj\",\"description\":\"S vama od 1835. godine\",\"potentialAction\":[{\"@type\":\"SearchAction\",\"target\":\"https:\/\/knjiznice.nsk.hr\/senj\/?s={search_term_string}\",\"query-input\":\"required name=search_term_string\"}],\"inLanguage\":\"hr\"},{\"@type\":\"ImageObject\",\"@id\":\"https:\/\/knjiznice.nsk.hr\/senj\/prva-srijeda-za-pet-6-7-radionica-ljetni-zabavnik\/#primaryimage\",\"inLanguage\":\"hr\",\"url\":\"https:\/\/knjiznice.nsk.hr\/senj\/wp-content\/uploads\/sites\/60\/2016\/07\/image-0.02.01.bc6e2e243f600ac174b0b446dc2c8d9ed5e402eddd951bbf69da77eeedcfe8f1-V.jpg\",\"contentUrl\":\"https:\/\/knjiznice.nsk.hr\/senj\/wp-content\/uploads\/sites\/60\/2016\/07\/image-0.02.01.bc6e2e243f600ac174b0b446dc2c8d9ed5e402eddd951bbf69da77eeedcfe8f1-V.jpg\",\"width\":400,\"height\":300},{\"@type\":\"WebPage\",\"@id\":\"https:\/\/knjiznice.nsk.hr\/senj\/prva-srijeda-za-pet-6-7-radionica-ljetni-zabavnik\/#webpage\",\"url\":\"https:\/\/knjiznice.nsk.hr\/senj\/prva-srijeda-za-pet-6-7-radionica-ljetni-zabavnik\/\",\"name\":\"ODR\\u017dANA PRVA \\\"SRIJEDA ZA PET\\\"-6.7.-radionica \\\"LJETNI ZABAVNIK\\\" - Gradska knji\\u017enica Senj\",\"isPartOf\":{\"@id\":\"https:\/\/knjiznice.nsk.hr\/senj\/#website\"},\"primaryImageOfPage\":{\"@id\":\"https:\/\/knjiznice.nsk.hr\/senj\/prva-srijeda-za-pet-6-7-radionica-ljetni-zabavnik\/#primaryimage\"},\"datePublished\":\"2016-07-06T15:49:08+00:00\",\"dateModified\":\"2016-07-06T15:50:41+00:00\",\"author\":{\"@id\":\"https:\/\/knjiznice.nsk.hr\/senj\/#\/schema\/person\/c6b0893cdaca205d44fe2c322c042ac7\"},\"breadcrumb\":{\"@id\":\"https:\/\/knjiznice.nsk.hr\/senj\/prva-srijeda-za-pet-6-7-radionica-ljetni-zabavnik\/#breadcrumb\"},\"inLanguage\":\"hr\",\"potentialAction\":[{\"@type\":\"ReadAction\",\"target\":[\"https:\/\/knjiznice.nsk.hr\/senj\/prva-srijeda-za-pet-6-7-radionica-ljetni-zabavnik\/\"]}]},{\"@type\":\"BreadcrumbList\",\"@id\":\"https:\/\/knjiznice.nsk.hr\/senj\/prva-srijeda-za-pet-6-7-radionica-ljetni-zabavnik\/#breadcrumb\",\"itemListElement\":[{\"@type\":\"ListItem\",\"position\":1,\"item\":{\"@type\":\"WebPage\",\"@id\":\"https:\/\/knjiznice.nsk.hr\/senj\/\",\"url\":\"https:\/\/knjiznice.nsk.hr\/senj\/\",\"name\":\"Po\\u010detna stranica\"}},{\"@type\":\"ListItem\",\"position\":2,\"item\":{\"@id\":\"https:\/\/knjiznice.nsk.hr\/senj\/prva-srijeda-za-pet-6-7-radionica-ljetni-zabavnik\/#webpage\"}}]},{\"@type\":\"Person\",\"@id\":\"https:\/\/knjiznice.nsk.hr\/senj\/#\/schema\/person\/c6b0893cdaca205d44fe2c322c042ac7\",\"name\":\"senj\",\"image\":{\"@type\":\"ImageObject\",\"@id\":\"https:\/\/knjiznice.nsk.hr\/senj\/#personlogo\",\"inLanguage\":\"hr\",\"url\":\"https:\/\/secure.gravatar.com\/avatar\/b00e8e1a99b5ba41772fe68c6bcfd17c?s=96&d=mm&r=g\",\"contentUrl\":\"https:\/\/secure.gravatar.com\/avatar\/b00e8e1a99b5ba41772fe68c6bcfd17c?s=96&d=mm&r=g\",\"caption\":\"senj\"}}]}<\/script>\n<!-- \/ Yoast SEO plugin. -->","_links":{"self":[{"href":"https:\/\/knjiznice.nsk.hr\/senj\/wp-json\/wp\/v2\/posts\/748"}],"collection":[{"href":"https:\/\/knjiznice.nsk.hr\/senj\/wp-json\/wp\/v2\/posts"}],"about":[{"href":"https:\/\/knjiznice.nsk.hr\/senj\/wp-json\/wp\/v2\/types\/post"}],"author":[{"embeddable":true,"href":"https:\/\/knjiznice.nsk.hr\/senj\/wp-json\/wp\/v2\/users\/58"}],"replies":[{"embeddable":true,"href":"https:\/\/knjiznice.nsk.hr\/senj\/wp-json\/wp\/v2\/comments?post=748"}],"version-history":[{"count":2,"href":"https:\/\/knjiznice.nsk.hr\/senj\/wp-json\/wp\/v2\/posts\/748\/revisions"}],"predecessor-version":[{"id":751,"href":"https:\/\/knjiznice.nsk.hr\/senj\/wp-json\/wp\/v2\/posts\/748\/revisions\/751"}],"wp:featuredmedia":[{"embeddable":true,"href":"https:\/\/knjiznice.nsk.hr\/senj\/wp-json\/wp\/v2\/media\/749"}],"wp:attachment":[{"href":"https:\/\/knjiznice.nsk.hr\/senj\/wp-json\/wp\/v2\/media?parent=748"}],"wp:term":[{"taxonomy":"category","embeddable":true,"href":"https:\/\/knjiznice.nsk.hr\/senj\/wp-json\/wp\/v2\/categories?post=748"},{"taxonomy":"post_tag","embeddable":true,"href":"https:\/\/knjiznice.nsk.hr\/senj\/wp-json\/wp\/v2\/tags?post=748"}],"curies":[{"name":"wp","href":"https:\/\/api.w.org\/{rel}","templated":true}]}}