{"id":741,"date":"2016-06-26T13:07:45","date_gmt":"2016-06-26T13:07:45","guid":{"rendered":"http:\/\/knjiznice.nsk.hr\/senj\/?p=741"},"modified":"2016-06-26T13:07:45","modified_gmt":"2016-06-26T13:07:45","slug":"otvorena-izlozba-mile-tomljanovica-luce-gledam-te-grade","status":"publish","type":"post","link":"https:\/\/knjiznice.nsk.hr\/senj\/otvorena-izlozba-mile-tomljanovica-luce-gledam-te-grade\/","title":{"rendered":"OTVORENA IZLO\u017dBA MILE TOMLJANOVI\u0106A-LUCE \u201eGLEDAM TE, GRADE\u201c"},"content":{"rendered":"<p>U subotu, 25. lipnja u senjskoj je knji\u017enici otvorena izlo\u017eba slika umjetnika Mile Tomljanovi\u0107a \u2013Luce pod nazivom \u201eGledam te grade\u201c. Izlo\u017eba koju su zajedni\u010dki organizirali Gradska knji\u017enica Senj i Klub maturanata senjske gimnazije bila je dio bogatog programa u sklopu 36. Dana maturanata senjske gimnazije.<\/p>\n<p>-Jo\u0161 lani Gradska knji\u017enica Senj i Klub maturanata senjske gimnazije zajedni\u010dkim su naporima obnovili ugaslu tradiciju izlaganja slika senjskih maturanata u knji\u017enici u sklopu proslave Dana senjskih maturanata. Eto, s ponosom mo\u017eemo re\u0107i da obnovljena tradicija nije zamrla, nego se nastavlja, raspiruje i \u017eivi, a tako \u0107e biti i ubudu\u0107e. I ove godine izlo\u017eba nosi glavni naslov \u201eSlika senjskog maturanta\u201c, a ovaj put smo odlu\u010dili cijeli izlo\u017ebeni prostor prepustiti jednom maturantu iz generacije 76.-na\u0161em Luci koji neumorno slika i stvara ve\u0107 godinama, rekla je uvodno moderatorica programa, ravnateljica Knji\u017enice Ana Prpi\u0107 Rogi\u0107 te u nastavku predstavila autora, njegov opus te aktualnu izlo\u017ebu.<\/p>\n<p>Slikar i glazbenik Mile Tomljanovi\u0107- Luce \u017eivi i radi u Senju, a slikarstvom je, kako sam ka\u017ee, zara\u017een odmalena. U njegovom bogatom opusu prevladavaju Senj i senjski momenti,\u00a0 a davno je prepoznat od sugra\u0111ana kao umjetnik, majstor detalja i vje\u0161t pejza\u017eist pa njegove slike krase zidove brojnih senjskih domova, restorana te ku\u0107a u inozemstvu.<\/p>\n<p>U svom radu prete\u017eito koristi pastel i ulje, a crta po vi\u0111enju i po predlo\u0161ku. Dosad je imao 2 samostalne izlo\u017ebe, a sudjelovao je i u nizu grupnih izlo\u017ebi. Naslov ove njegove 3. samostalne izlo\u017ebe \u201eGledam te, grade\u201c sugerira da je umjetnik i ovaj put najve\u0107u inspiraciju na\u0161ao u zavi\u010dajnim motivima, a posebnost izlo\u017ebe je i u tome da je autor po prvi puta rabio tehniku ulja na platnu sa \u0161pahtlom.<\/p>\n<p>Okupljenim maturantima i sugra\u0111anima obratio se i autor zahvaliv\u0161i organizatorima te naglasiv\u0161i da je slikanje njegova ljubav od malih nogu koju \u0107e nastaviti njegovati i razvijati.<\/p>\n<p>Izlo\u017ebu je otvorila ravnateljica senjske srednje \u0161kole Pavla Rittera Vitezovi\u0107a Danijela Vukeli\u0107 istaknuv\u0161i da je veseli uspjeh i talent u\u010denika koji su ponikli iz senjske gimnazije, a ujedno je umjetniku \u010destitala na jubilarnih 40 godina mature.<\/p>\n<p>Cijeli doga\u0111aj uljep\u0161ao je sjajnim glazbenim nastupima profesionalni harmonika\u0161 Zvonimir Kos, a nakon slu\u017ebenog dijela programa brojni posjetitelji su u\u017eivali u razgledavanju slika, domjenku i ugodnom dru\u017eenju.<\/p>\n<p>Izlo\u017eba se mo\u017ee razgledati u Knji\u017enici sve do 1. kolovoza i prodajnog je karaktera. Sve informacije o cijenama, rezervaciji i preuzimanju mogu se dobiti na pultu Gradske knji\u017enice Senj.<\/p>\n<p>&nbsp;<\/p>\n<p>Gradska knji\u017enica Senj od srca zahvaljuje:<\/p>\n<p>-umjetniku Mili Tomljanovi\u0107u &#8211; Luci na divnoj izlo\u017ebi i lijepoj suradnji;<\/p>\n<p>-suorganizatorima izlo\u017ebe Klubu maturanata senjske gimnazije na dugoj i uspje\u0161noj suradnji;<\/p>\n<p>-Zvonimiru Kosu na glazbenoj kulisi;<\/p>\n<p>-Radio Senju na medijskoj pa\u017enji te<\/p>\n<p>-brojnim posjetiteljima na dolasku.<\/p>\n<p>&nbsp;<\/p>\n","protected":false},"excerpt":{"rendered":"<p>U subotu, 25. lipnja u senjskoj je knji\u017enici otvorena izlo\u017eba slika umjetnika Mile Tomljanovi\u0107a \u2013Luce pod nazivom \u201eGledam te grade\u201c. Izlo\u017eba koju su zajedni\u010dki organizirali Gradska knji\u017enica Senj i Klub maturanata senjske gimnazije bila je dio bogatog programa u sklopu 36. Dana maturanata senjske gimnazije. -Jo\u0161 lani Gradska knji\u017enica Senj i Klub maturanata senjske gimnazije [&hellip;]<\/p>\n","protected":false},"author":58,"featured_media":742,"comment_status":"closed","ping_status":"closed","sticky":false,"template":"","format":"standard","meta":{"ngg_post_thumbnail":0},"categories":[8],"tags":[],"yoast_head":"<!-- This site is optimized with the Yoast SEO plugin v16.4 - https:\/\/yoast.com\/wordpress\/plugins\/seo\/ -->\n<meta name=\"robots\" content=\"index, follow, max-snippet:-1, max-image-preview:large, max-video-preview:-1\" \/>\n<link rel=\"canonical\" href=\"https:\/\/knjiznice.nsk.hr\/senj\/otvorena-izlozba-mile-tomljanovica-luce-gledam-te-grade\/\" \/>\n<meta property=\"og:locale\" content=\"hr_HR\" \/>\n<meta property=\"og:type\" content=\"article\" \/>\n<meta property=\"og:title\" content=\"OTVORENA IZLO\u017dBA MILE TOMLJANOVI\u0106A-LUCE \u201eGLEDAM TE, GRADE\u201c - Gradska knji\u017enica Senj\" \/>\n<meta property=\"og:description\" content=\"U subotu, 25. lipnja u senjskoj je knji\u017enici otvorena izlo\u017eba slika umjetnika Mile Tomljanovi\u0107a \u2013Luce pod nazivom \u201eGledam te grade\u201c. Izlo\u017eba koju su zajedni\u010dki organizirali Gradska knji\u017enica Senj i Klub maturanata senjske gimnazije bila je dio bogatog programa u sklopu 36. Dana maturanata senjske gimnazije. -Jo\u0161 lani Gradska knji\u017enica Senj i Klub maturanata senjske gimnazije [&hellip;]\" \/>\n<meta property=\"og:url\" content=\"https:\/\/knjiznice.nsk.hr\/senj\/otvorena-izlozba-mile-tomljanovica-luce-gledam-te-grade\/\" \/>\n<meta property=\"og:site_name\" content=\"Gradska knji\u017enica Senj\" \/>\n<meta property=\"article:publisher\" content=\"http:\/\/facebook.com\/Gradska-knji%c5%benica-SENJ\" \/>\n<meta property=\"article:published_time\" content=\"2016-06-26T13:07:45+00:00\" \/>\n<meta property=\"og:image\" content=\"http:\/\/knjiznice.nsk.hr\/senj\/wp-content\/uploads\/sites\/60\/2016\/06\/IMG_1996.jpg\" \/>\n\t<meta property=\"og:image:width\" content=\"400\" \/>\n\t<meta property=\"og:image:height\" content=\"300\" \/>\n<meta name=\"twitter:label1\" content=\"Procijenjeno vrijeme \u010ditanja\" \/>\n\t<meta name=\"twitter:data1\" content=\"2 minute\" \/>\n<script type=\"application\/ld+json\" class=\"yoast-schema-graph\">{\"@context\":\"https:\/\/schema.org\",\"@graph\":[{\"@type\":\"WebSite\",\"@id\":\"https:\/\/knjiznice.nsk.hr\/senj\/#website\",\"url\":\"https:\/\/knjiznice.nsk.hr\/senj\/\",\"name\":\"Gradska knji\\u017enica Senj\",\"description\":\"S vama od 1835. godine\",\"potentialAction\":[{\"@type\":\"SearchAction\",\"target\":\"https:\/\/knjiznice.nsk.hr\/senj\/?s={search_term_string}\",\"query-input\":\"required name=search_term_string\"}],\"inLanguage\":\"hr\"},{\"@type\":\"ImageObject\",\"@id\":\"https:\/\/knjiznice.nsk.hr\/senj\/otvorena-izlozba-mile-tomljanovica-luce-gledam-te-grade\/#primaryimage\",\"inLanguage\":\"hr\",\"url\":\"https:\/\/knjiznice.nsk.hr\/senj\/wp-content\/uploads\/sites\/60\/2016\/06\/IMG_1996.jpg\",\"contentUrl\":\"https:\/\/knjiznice.nsk.hr\/senj\/wp-content\/uploads\/sites\/60\/2016\/06\/IMG_1996.jpg\",\"width\":400,\"height\":300},{\"@type\":\"WebPage\",\"@id\":\"https:\/\/knjiznice.nsk.hr\/senj\/otvorena-izlozba-mile-tomljanovica-luce-gledam-te-grade\/#webpage\",\"url\":\"https:\/\/knjiznice.nsk.hr\/senj\/otvorena-izlozba-mile-tomljanovica-luce-gledam-te-grade\/\",\"name\":\"OTVORENA IZLO\\u017dBA MILE TOMLJANOVI\\u0106A-LUCE \\u201eGLEDAM TE, GRADE\\u201c - Gradska knji\\u017enica Senj\",\"isPartOf\":{\"@id\":\"https:\/\/knjiznice.nsk.hr\/senj\/#website\"},\"primaryImageOfPage\":{\"@id\":\"https:\/\/knjiznice.nsk.hr\/senj\/otvorena-izlozba-mile-tomljanovica-luce-gledam-te-grade\/#primaryimage\"},\"datePublished\":\"2016-06-26T13:07:45+00:00\",\"dateModified\":\"2016-06-26T13:07:45+00:00\",\"author\":{\"@id\":\"https:\/\/knjiznice.nsk.hr\/senj\/#\/schema\/person\/c6b0893cdaca205d44fe2c322c042ac7\"},\"breadcrumb\":{\"@id\":\"https:\/\/knjiznice.nsk.hr\/senj\/otvorena-izlozba-mile-tomljanovica-luce-gledam-te-grade\/#breadcrumb\"},\"inLanguage\":\"hr\",\"potentialAction\":[{\"@type\":\"ReadAction\",\"target\":[\"https:\/\/knjiznice.nsk.hr\/senj\/otvorena-izlozba-mile-tomljanovica-luce-gledam-te-grade\/\"]}]},{\"@type\":\"BreadcrumbList\",\"@id\":\"https:\/\/knjiznice.nsk.hr\/senj\/otvorena-izlozba-mile-tomljanovica-luce-gledam-te-grade\/#breadcrumb\",\"itemListElement\":[{\"@type\":\"ListItem\",\"position\":1,\"item\":{\"@type\":\"WebPage\",\"@id\":\"https:\/\/knjiznice.nsk.hr\/senj\/\",\"url\":\"https:\/\/knjiznice.nsk.hr\/senj\/\",\"name\":\"Po\\u010detna stranica\"}},{\"@type\":\"ListItem\",\"position\":2,\"item\":{\"@id\":\"https:\/\/knjiznice.nsk.hr\/senj\/otvorena-izlozba-mile-tomljanovica-luce-gledam-te-grade\/#webpage\"}}]},{\"@type\":\"Person\",\"@id\":\"https:\/\/knjiznice.nsk.hr\/senj\/#\/schema\/person\/c6b0893cdaca205d44fe2c322c042ac7\",\"name\":\"senj\",\"image\":{\"@type\":\"ImageObject\",\"@id\":\"https:\/\/knjiznice.nsk.hr\/senj\/#personlogo\",\"inLanguage\":\"hr\",\"url\":\"https:\/\/secure.gravatar.com\/avatar\/b00e8e1a99b5ba41772fe68c6bcfd17c?s=96&d=mm&r=g\",\"contentUrl\":\"https:\/\/secure.gravatar.com\/avatar\/b00e8e1a99b5ba41772fe68c6bcfd17c?s=96&d=mm&r=g\",\"caption\":\"senj\"}}]}<\/script>\n<!-- \/ Yoast SEO plugin. -->","_links":{"self":[{"href":"https:\/\/knjiznice.nsk.hr\/senj\/wp-json\/wp\/v2\/posts\/741"}],"collection":[{"href":"https:\/\/knjiznice.nsk.hr\/senj\/wp-json\/wp\/v2\/posts"}],"about":[{"href":"https:\/\/knjiznice.nsk.hr\/senj\/wp-json\/wp\/v2\/types\/post"}],"author":[{"embeddable":true,"href":"https:\/\/knjiznice.nsk.hr\/senj\/wp-json\/wp\/v2\/users\/58"}],"replies":[{"embeddable":true,"href":"https:\/\/knjiznice.nsk.hr\/senj\/wp-json\/wp\/v2\/comments?post=741"}],"version-history":[{"count":1,"href":"https:\/\/knjiznice.nsk.hr\/senj\/wp-json\/wp\/v2\/posts\/741\/revisions"}],"predecessor-version":[{"id":743,"href":"https:\/\/knjiznice.nsk.hr\/senj\/wp-json\/wp\/v2\/posts\/741\/revisions\/743"}],"wp:featuredmedia":[{"embeddable":true,"href":"https:\/\/knjiznice.nsk.hr\/senj\/wp-json\/wp\/v2\/media\/742"}],"wp:attachment":[{"href":"https:\/\/knjiznice.nsk.hr\/senj\/wp-json\/wp\/v2\/media?parent=741"}],"wp:term":[{"taxonomy":"category","embeddable":true,"href":"https:\/\/knjiznice.nsk.hr\/senj\/wp-json\/wp\/v2\/categories?post=741"},{"taxonomy":"post_tag","embeddable":true,"href":"https:\/\/knjiznice.nsk.hr\/senj\/wp-json\/wp\/v2\/tags?post=741"}],"curies":[{"name":"wp","href":"https:\/\/api.w.org\/{rel}","templated":true}]}}