{"id":729,"date":"2016-06-08T11:41:09","date_gmt":"2016-06-08T11:41:09","guid":{"rendered":"http:\/\/knjiznice.nsk.hr\/senj\/?p=729"},"modified":"2016-06-08T11:41:09","modified_gmt":"2016-06-08T11:41:09","slug":"i-ovo-ljeto-druzimo-se-na-radionicama-srijeda-za-pet","status":"publish","type":"post","link":"https:\/\/knjiznice.nsk.hr\/senj\/i-ovo-ljeto-druzimo-se-na-radionicama-srijeda-za-pet\/","title":{"rendered":"I OVO LJETO DRU\u017dIMO SE NA RADIONICAMA &#8220;SRIJEDA ZA PET&#8221;"},"content":{"rendered":"<p style=\"text-align: center\">LJETO U GRADSKOJ KNJI\u017dNICI SENJ<\/p>\n<p style=\"text-align: center\">PROGRAM ZA MLA\u0110E OSNOVCE<\/p>\n<p style=\"text-align: center\"><strong>\u201eSRIJEDA ZA 5\u201c<\/strong><\/p>\n<p style=\"text-align: center\">\n<p style=\"text-align: center\">GRADSKA KNJI\u017dNICA SENJ \u2013 DJE\u010cJI ODJEL<\/p>\n<p style=\"text-align: center\">SVAKE SRIJEDE U SRPNJU OD 11.00 \u2013 12.00 SATI<\/p>\n<p>&nbsp;<\/p>\n<p>I ovo ljeto svake srijede u srpnju dru\u017eimo se na radionicama \u201eSrijeda za 5\u201c Dje\u010djeg odjela Gradske knji\u017enice Senj. Program je namijenjen u\u010denicima od 1. do 5. razreda osnovne \u0161kole. Radionice su besplatne.<\/p>\n<p>Termini odr\u017eavanja radionica su 6., 13., 20. i 27. srpnja od 11.00 do 12.00 sati. Voditeljica programa je profesorica Ivana Podol\u0161ak.<\/p>\n<p>Djecu zainteresiranu za ljetni program roditelji mogu prijaviti usmeno u radno vrijeme knji\u017enice, telefonom te putem facebook-a Knji\u017enice do 30. lipnja 2016. godine.<\/p>\n<p>Va\u0161a Knji\u017enica<\/p>\n","protected":false},"excerpt":{"rendered":"<p>LJETO U GRADSKOJ KNJI\u017dNICI SENJ PROGRAM ZA MLA\u0110E OSNOVCE \u201eSRIJEDA ZA 5\u201c GRADSKA KNJI\u017dNICA SENJ \u2013 DJE\u010cJI ODJEL SVAKE SRIJEDE U SRPNJU OD 11.00 \u2013 12.00 SATI &nbsp; I ovo ljeto svake srijede u srpnju dru\u017eimo se na radionicama \u201eSrijeda za 5\u201c Dje\u010djeg odjela Gradske knji\u017enice Senj. Program je namijenjen u\u010denicima od 1. do 5. [&hellip;]<\/p>\n","protected":false},"author":58,"featured_media":730,"comment_status":"closed","ping_status":"closed","sticky":false,"template":"","format":"standard","meta":{"ngg_post_thumbnail":0},"categories":[8],"tags":[],"yoast_head":"<!-- This site is optimized with the Yoast SEO plugin v16.4 - https:\/\/yoast.com\/wordpress\/plugins\/seo\/ -->\n<meta name=\"robots\" content=\"index, follow, max-snippet:-1, max-image-preview:large, max-video-preview:-1\" \/>\n<link rel=\"canonical\" href=\"https:\/\/knjiznice.nsk.hr\/senj\/i-ovo-ljeto-druzimo-se-na-radionicama-srijeda-za-pet\/\" \/>\n<meta property=\"og:locale\" content=\"hr_HR\" \/>\n<meta property=\"og:type\" content=\"article\" \/>\n<meta property=\"og:title\" content=\"I OVO LJETO DRU\u017dIMO SE NA RADIONICAMA &quot;SRIJEDA ZA PET&quot; - Gradska knji\u017enica Senj\" \/>\n<meta property=\"og:description\" content=\"LJETO U GRADSKOJ KNJI\u017dNICI SENJ PROGRAM ZA MLA\u0110E OSNOVCE \u201eSRIJEDA ZA 5\u201c GRADSKA KNJI\u017dNICA SENJ \u2013 DJE\u010cJI ODJEL SVAKE SRIJEDE U SRPNJU OD 11.00 \u2013 12.00 SATI &nbsp; I ovo ljeto svake srijede u srpnju dru\u017eimo se na radionicama \u201eSrijeda za 5\u201c Dje\u010djeg odjela Gradske knji\u017enice Senj. Program je namijenjen u\u010denicima od 1. do 5. [&hellip;]\" \/>\n<meta property=\"og:url\" content=\"https:\/\/knjiznice.nsk.hr\/senj\/i-ovo-ljeto-druzimo-se-na-radionicama-srijeda-za-pet\/\" \/>\n<meta property=\"og:site_name\" content=\"Gradska knji\u017enica Senj\" \/>\n<meta property=\"article:publisher\" content=\"http:\/\/facebook.com\/Gradska-knji%c5%benica-SENJ\" \/>\n<meta property=\"article:published_time\" content=\"2016-06-08T11:41:09+00:00\" \/>\n<meta property=\"og:image\" content=\"http:\/\/knjiznice.nsk.hr\/senj\/wp-content\/uploads\/sites\/60\/2016\/06\/srijeda-za-5.jpg\" \/>\n\t<meta property=\"og:image:width\" content=\"504\" \/>\n\t<meta property=\"og:image:height\" content=\"335\" \/>\n<meta name=\"twitter:label1\" content=\"Procijenjeno vrijeme \u010ditanja\" \/>\n\t<meta name=\"twitter:data1\" content=\"1 minuta\" \/>\n<script type=\"application\/ld+json\" class=\"yoast-schema-graph\">{\"@context\":\"https:\/\/schema.org\",\"@graph\":[{\"@type\":\"WebSite\",\"@id\":\"https:\/\/knjiznice.nsk.hr\/senj\/#website\",\"url\":\"https:\/\/knjiznice.nsk.hr\/senj\/\",\"name\":\"Gradska knji\\u017enica Senj\",\"description\":\"S vama od 1835. godine\",\"potentialAction\":[{\"@type\":\"SearchAction\",\"target\":\"https:\/\/knjiznice.nsk.hr\/senj\/?s={search_term_string}\",\"query-input\":\"required name=search_term_string\"}],\"inLanguage\":\"hr\"},{\"@type\":\"ImageObject\",\"@id\":\"https:\/\/knjiznice.nsk.hr\/senj\/i-ovo-ljeto-druzimo-se-na-radionicama-srijeda-za-pet\/#primaryimage\",\"inLanguage\":\"hr\",\"url\":\"https:\/\/knjiznice.nsk.hr\/senj\/wp-content\/uploads\/sites\/60\/2016\/06\/srijeda-za-5.jpg\",\"contentUrl\":\"https:\/\/knjiznice.nsk.hr\/senj\/wp-content\/uploads\/sites\/60\/2016\/06\/srijeda-za-5.jpg\",\"width\":504,\"height\":335},{\"@type\":\"WebPage\",\"@id\":\"https:\/\/knjiznice.nsk.hr\/senj\/i-ovo-ljeto-druzimo-se-na-radionicama-srijeda-za-pet\/#webpage\",\"url\":\"https:\/\/knjiznice.nsk.hr\/senj\/i-ovo-ljeto-druzimo-se-na-radionicama-srijeda-za-pet\/\",\"name\":\"I OVO LJETO DRU\\u017dIMO SE NA RADIONICAMA \\\"SRIJEDA ZA PET\\\" - Gradska knji\\u017enica Senj\",\"isPartOf\":{\"@id\":\"https:\/\/knjiznice.nsk.hr\/senj\/#website\"},\"primaryImageOfPage\":{\"@id\":\"https:\/\/knjiznice.nsk.hr\/senj\/i-ovo-ljeto-druzimo-se-na-radionicama-srijeda-za-pet\/#primaryimage\"},\"datePublished\":\"2016-06-08T11:41:09+00:00\",\"dateModified\":\"2016-06-08T11:41:09+00:00\",\"author\":{\"@id\":\"https:\/\/knjiznice.nsk.hr\/senj\/#\/schema\/person\/c6b0893cdaca205d44fe2c322c042ac7\"},\"breadcrumb\":{\"@id\":\"https:\/\/knjiznice.nsk.hr\/senj\/i-ovo-ljeto-druzimo-se-na-radionicama-srijeda-za-pet\/#breadcrumb\"},\"inLanguage\":\"hr\",\"potentialAction\":[{\"@type\":\"ReadAction\",\"target\":[\"https:\/\/knjiznice.nsk.hr\/senj\/i-ovo-ljeto-druzimo-se-na-radionicama-srijeda-za-pet\/\"]}]},{\"@type\":\"BreadcrumbList\",\"@id\":\"https:\/\/knjiznice.nsk.hr\/senj\/i-ovo-ljeto-druzimo-se-na-radionicama-srijeda-za-pet\/#breadcrumb\",\"itemListElement\":[{\"@type\":\"ListItem\",\"position\":1,\"item\":{\"@type\":\"WebPage\",\"@id\":\"https:\/\/knjiznice.nsk.hr\/senj\/\",\"url\":\"https:\/\/knjiznice.nsk.hr\/senj\/\",\"name\":\"Po\\u010detna stranica\"}},{\"@type\":\"ListItem\",\"position\":2,\"item\":{\"@id\":\"https:\/\/knjiznice.nsk.hr\/senj\/i-ovo-ljeto-druzimo-se-na-radionicama-srijeda-za-pet\/#webpage\"}}]},{\"@type\":\"Person\",\"@id\":\"https:\/\/knjiznice.nsk.hr\/senj\/#\/schema\/person\/c6b0893cdaca205d44fe2c322c042ac7\",\"name\":\"senj\",\"image\":{\"@type\":\"ImageObject\",\"@id\":\"https:\/\/knjiznice.nsk.hr\/senj\/#personlogo\",\"inLanguage\":\"hr\",\"url\":\"https:\/\/secure.gravatar.com\/avatar\/b00e8e1a99b5ba41772fe68c6bcfd17c?s=96&d=mm&r=g\",\"contentUrl\":\"https:\/\/secure.gravatar.com\/avatar\/b00e8e1a99b5ba41772fe68c6bcfd17c?s=96&d=mm&r=g\",\"caption\":\"senj\"}}]}<\/script>\n<!-- \/ Yoast SEO plugin. -->","_links":{"self":[{"href":"https:\/\/knjiznice.nsk.hr\/senj\/wp-json\/wp\/v2\/posts\/729"}],"collection":[{"href":"https:\/\/knjiznice.nsk.hr\/senj\/wp-json\/wp\/v2\/posts"}],"about":[{"href":"https:\/\/knjiznice.nsk.hr\/senj\/wp-json\/wp\/v2\/types\/post"}],"author":[{"embeddable":true,"href":"https:\/\/knjiznice.nsk.hr\/senj\/wp-json\/wp\/v2\/users\/58"}],"replies":[{"embeddable":true,"href":"https:\/\/knjiznice.nsk.hr\/senj\/wp-json\/wp\/v2\/comments?post=729"}],"version-history":[{"count":1,"href":"https:\/\/knjiznice.nsk.hr\/senj\/wp-json\/wp\/v2\/posts\/729\/revisions"}],"predecessor-version":[{"id":731,"href":"https:\/\/knjiznice.nsk.hr\/senj\/wp-json\/wp\/v2\/posts\/729\/revisions\/731"}],"wp:featuredmedia":[{"embeddable":true,"href":"https:\/\/knjiznice.nsk.hr\/senj\/wp-json\/wp\/v2\/media\/730"}],"wp:attachment":[{"href":"https:\/\/knjiznice.nsk.hr\/senj\/wp-json\/wp\/v2\/media?parent=729"}],"wp:term":[{"taxonomy":"category","embeddable":true,"href":"https:\/\/knjiznice.nsk.hr\/senj\/wp-json\/wp\/v2\/categories?post=729"},{"taxonomy":"post_tag","embeddable":true,"href":"https:\/\/knjiznice.nsk.hr\/senj\/wp-json\/wp\/v2\/tags?post=729"}],"curies":[{"name":"wp","href":"https:\/\/api.w.org\/{rel}","templated":true}]}}