{"id":645,"date":"2016-04-24T07:52:50","date_gmt":"2016-04-24T07:52:50","guid":{"rendered":"http:\/\/knjiznice.nsk.hr\/senj\/?p=645"},"modified":"2016-04-24T07:54:39","modified_gmt":"2016-04-24T07:54:39","slug":"senjska-noc-knjige-2016","status":"publish","type":"post","link":"https:\/\/knjiznice.nsk.hr\/senj\/senjska-noc-knjige-2016\/","title":{"rendered":"SENJSKA NO\u0106 KNJIGE 2016."},"content":{"rendered":"<p>NO\u0106 KNJIGE OBILJE\u017dENA U CIJELOM SVIJETU PA TAKO I U NA\u0160EM GRADU<\/p>\n<p>U petak, 22. travnja 2016. godine, u sklopu proslave Dana Grada Senja, u Gradskoj knji\u017enici Senj odr\u017eana je manifestacija No\u0107 knjige. Priredba kojom se afirmira ljubav prema knjizi i \u010ditanju te promi\u010de kultura \u010ditanja, autorstva i izdava\u0161tva trajala je od 18 sati pa sve do 1 sat iza pono\u0107i. U tom terminu slavila se knjiga u cijeloj na\u0161oj domovini i u ve\u0107ini svijeta pa tako i u na\u0161em gradu i Knji\u017enici. Ovom manifestacijom se ujedno obilje\u017eava i Svjetski dan knjige i autorskih prava te Dan hrvatske knjige. Povodom No\u0107i knjige knji\u017eare, knji\u017enice, \u0161kole, javni prostori i ustanove diljem Hrvatske i svijeta postaju mjesto raznovrsnih i zanimljivih programa. Manifestacija je medijski popra\u0107ena, vrlo omiljena me\u0111u posjetiteljima, a svake godine sve vi\u0161e gradova i mjesta ulazi u program No\u0107i knjige. Ponosni smo da Gradska knji\u017enica Senj ve\u0107 godinama sudjeluje u ovom projektu bogatim programom.<\/p>\n<p>Ovogodi\u0161nja senjska No\u0107 knjige otvorena je divnim koncertom poznatom rije\u010dkog \u0161ansonjera, skladatelja i knji\u017eevnika Sr\u0111ana Depola. Budu\u0107i da je mjesto gdje se poezija i glazba najbliskije dodiruju upravo \u0161ansona, Knji\u017enica je sugra\u0111anima u No\u0107i knjige odlu\u010dila pokloniti program pod nazivom <em>Pjesme za du\u0161u<\/em> &#8211; \u0161ansonjerski program iz svjetske glazbene ba\u0161tine. Prepuna knji\u017enica u\u017eivala je u izvedbama\u00a0najpoznatijih \u0161ansonjerskih skladbi na hrvatskom i francuskom jeziku.<\/p>\n<p>Nakon glazbene poslastice, uslijedila je ona vezana za knjigu i ljubitelje prirode. Naime, u goste su Knji\u017enici do\u0161li dragi prijatelji i suradnici iz Nacionalnog parka Sjeverni Velebit i to s krasnim ciljem-kako bi predstavili knjigu, tj. ilustrirani popularno-stru\u010dni vodi\u010d iz vlastite naklade koji omogu\u0107uje i stru\u010dnjaku i laiku da lako prepozna drvenaste vrste prilikom razgledavanja Parka. Nakon uvodnog obra\u0107anja ravnateljice NPSV Mirjane Javor, vodi\u010d pod nazivom <em>Od sjemenke do ploda <\/em>prezentirao je jedan od autora knjige dr. sc. Dario Kremer\u2013 voditelj Farmaceutskog botani\u010dkog vrta \u201eFran Ku\u0161an\u201c, Farmaceutsko-biokemijskog fakulteta Sveu\u010dili\u0161ta u Zagrebu (Koautrica knjige je i dipl. ing. \u0161umarstva Irena Kru\u0161i\u0107 Tomai\u0107 \u2013 stru\u010dna savjetnica \u0161umarica u NP Sjeverni Velebit).<\/p>\n<p>I u nastavku ve\u010deri, gra\u0111ani su do dugo u no\u0107 mogli u\u017eivati u bogatom programu:<\/p>\n<p><strong>&#8211;<\/strong>akcija <em>Pomozimo knjigom<\/em> \u2013 humanitarna prodaja knjiga u suradnji s Humanitarnom udrugom <em>Bura<\/em>.<\/p>\n<p>\u010clanovi Bure cijelu su no\u0107 prodavali knjige koje je darovala Knji\u017enica, i to po<\/p>\n<p>atraktivnim cijenama. Sav prihod od prodaje knjiga darovan je socijalno ugro\u017eenim obiteljima s podru\u010dja Senja.<\/p>\n<p>-izlo\u017eba <em>Nehajevu u \u010dast<\/em><\/p>\n<p>U sklopu No\u0107i knjige, a povodom 85. obljetnice smrti velikog senjskog knji\u017eevnika Milutina Cihlara Nehajeva senjski su knji\u017eni\u010dari priredili izlo\u017ebu koja sadr\u017ei Nehajeve knjige iz fonda Knji\u017enice te \u017eivotopis i fotografije koje svjedo\u010de o \u017eivotu i radu poznatog senjskog pisca.<\/p>\n<p>-U Dje\u010djem odjelu Knji\u017enice izlo\u017eena je slikovnica senjskih vrti\u0107ara pod nazivom <em>Cipele bez vezica<\/em> koja je nastala na edukativnoj radionici knji\u017enice i vrti\u0107a pod nazivom <em>Bura znanja<\/em>, a sve povodom Dana Grada i No\u0107i knjige.<\/p>\n<p>-Na pultu Knji\u017enice bilo je tako\u0111er vrlo \u017eivo i zanimljivo jer su gra\u0111ani mogli u\u017eivati u pogodnostima programa <em>Proslavimo zajedno-U No\u0107i knjige Va\u0161a Knji\u017enica Vas daruje<\/em> koji je uklju\u010divao:<\/p>\n<p>-vra\u0107anje knjiga bez pla\u0107anja zakasnine,<\/p>\n<p>-posudbu i kori\u0161tenje knjiga i ostale gra\u0111e kroz cijelu no\u0107,<\/p>\n<p>-nagradnu tombolu,<\/p>\n<p>-besplatno u\u010dlanjenje za posjetitelje koji imaju ro\u0111endan ili imendan i 22. i 23. travnja,<\/p>\n<p>-zakusku.<\/p>\n<p>&nbsp;<\/p>\n<p>Gradska knji\u017enica Senj od srca zahvaljuje:<\/p>\n<p>-Brojnim sugra\u0111anima i kolegama koji su rado podijelili s nama radost proslave No\u0107i knjige te do\u0161li u svoju gradsku knji\u017enici kako bi proslavili No\u0107 u kojoj knjigu slavi cijeli svijet pa tako i na\u0161 grad!<\/p>\n<p>-Sr\u0111anu Depolu<\/p>\n<p>-NP Sjeverni Velebit i Dariu Kremeru<\/p>\n<p>-Humanitarnoj udruzi Bura Senj<\/p>\n<p>-Dje\u010djem vrti\u0107u Travica<\/p>\n<p>-Radio Senju<\/p>\n<p>-Dorotei Prpi\u0107 na fotografiranju<\/p>\n<p>&nbsp;<\/p>\n<p>(galerija na fb stranicama knji\u017enice)<\/p>\n","protected":false},"excerpt":{"rendered":"<p>NO\u0106 KNJIGE OBILJE\u017dENA U CIJELOM SVIJETU PA TAKO I U NA\u0160EM GRADU U petak, 22. travnja 2016. godine, u sklopu proslave Dana Grada Senja, u Gradskoj knji\u017enici Senj odr\u017eana je manifestacija No\u0107 knjige. Priredba kojom se afirmira ljubav prema knjizi i \u010ditanju te promi\u010de kultura \u010ditanja, autorstva i izdava\u0161tva trajala je od 18 sati pa [&hellip;]<\/p>\n","protected":false},"author":58,"featured_media":646,"comment_status":"closed","ping_status":"closed","sticky":false,"template":"","format":"standard","meta":{"ngg_post_thumbnail":0},"categories":[8],"tags":[],"yoast_head":"<!-- This site is optimized with the Yoast SEO plugin v16.4 - https:\/\/yoast.com\/wordpress\/plugins\/seo\/ -->\n<meta name=\"robots\" content=\"index, follow, max-snippet:-1, max-image-preview:large, max-video-preview:-1\" \/>\n<link rel=\"canonical\" href=\"https:\/\/knjiznice.nsk.hr\/senj\/senjska-noc-knjige-2016\/\" \/>\n<meta property=\"og:locale\" content=\"hr_HR\" \/>\n<meta property=\"og:type\" content=\"article\" \/>\n<meta property=\"og:title\" content=\"SENJSKA NO\u0106 KNJIGE 2016. - Gradska knji\u017enica Senj\" \/>\n<meta property=\"og:description\" content=\"NO\u0106 KNJIGE OBILJE\u017dENA U CIJELOM SVIJETU PA TAKO I U NA\u0160EM GRADU U petak, 22. travnja 2016. godine, u sklopu proslave Dana Grada Senja, u Gradskoj knji\u017enici Senj odr\u017eana je manifestacija No\u0107 knjige. Priredba kojom se afirmira ljubav prema knjizi i \u010ditanju te promi\u010de kultura \u010ditanja, autorstva i izdava\u0161tva trajala je od 18 sati pa [&hellip;]\" \/>\n<meta property=\"og:url\" content=\"https:\/\/knjiznice.nsk.hr\/senj\/senjska-noc-knjige-2016\/\" \/>\n<meta property=\"og:site_name\" content=\"Gradska knji\u017enica Senj\" \/>\n<meta property=\"article:publisher\" content=\"http:\/\/facebook.com\/Gradska-knji%c5%benica-SENJ\" \/>\n<meta property=\"article:published_time\" content=\"2016-04-24T07:52:50+00:00\" \/>\n<meta property=\"article:modified_time\" content=\"2016-04-24T07:54:39+00:00\" \/>\n<meta property=\"og:image\" content=\"http:\/\/knjiznice.nsk.hr\/senj\/wp-content\/uploads\/sites\/60\/2016\/04\/A-6.jpg\" \/>\n\t<meta property=\"og:image:width\" content=\"448\" \/>\n\t<meta property=\"og:image:height\" content=\"300\" \/>\n<meta name=\"twitter:label1\" content=\"Procijenjeno vrijeme \u010ditanja\" \/>\n\t<meta name=\"twitter:data1\" content=\"3 minute\" \/>\n<script type=\"application\/ld+json\" class=\"yoast-schema-graph\">{\"@context\":\"https:\/\/schema.org\",\"@graph\":[{\"@type\":\"WebSite\",\"@id\":\"https:\/\/knjiznice.nsk.hr\/senj\/#website\",\"url\":\"https:\/\/knjiznice.nsk.hr\/senj\/\",\"name\":\"Gradska knji\\u017enica Senj\",\"description\":\"S vama od 1835. godine\",\"potentialAction\":[{\"@type\":\"SearchAction\",\"target\":\"https:\/\/knjiznice.nsk.hr\/senj\/?s={search_term_string}\",\"query-input\":\"required name=search_term_string\"}],\"inLanguage\":\"hr\"},{\"@type\":\"ImageObject\",\"@id\":\"https:\/\/knjiznice.nsk.hr\/senj\/senjska-noc-knjige-2016\/#primaryimage\",\"inLanguage\":\"hr\",\"url\":\"https:\/\/knjiznice.nsk.hr\/senj\/wp-content\/uploads\/sites\/60\/2016\/04\/A-6.jpg\",\"contentUrl\":\"https:\/\/knjiznice.nsk.hr\/senj\/wp-content\/uploads\/sites\/60\/2016\/04\/A-6.jpg\",\"width\":448,\"height\":300,\"caption\":\"????????????????????????????????????\"},{\"@type\":\"WebPage\",\"@id\":\"https:\/\/knjiznice.nsk.hr\/senj\/senjska-noc-knjige-2016\/#webpage\",\"url\":\"https:\/\/knjiznice.nsk.hr\/senj\/senjska-noc-knjige-2016\/\",\"name\":\"SENJSKA NO\\u0106 KNJIGE 2016. - Gradska knji\\u017enica Senj\",\"isPartOf\":{\"@id\":\"https:\/\/knjiznice.nsk.hr\/senj\/#website\"},\"primaryImageOfPage\":{\"@id\":\"https:\/\/knjiznice.nsk.hr\/senj\/senjska-noc-knjige-2016\/#primaryimage\"},\"datePublished\":\"2016-04-24T07:52:50+00:00\",\"dateModified\":\"2016-04-24T07:54:39+00:00\",\"author\":{\"@id\":\"https:\/\/knjiznice.nsk.hr\/senj\/#\/schema\/person\/c6b0893cdaca205d44fe2c322c042ac7\"},\"breadcrumb\":{\"@id\":\"https:\/\/knjiznice.nsk.hr\/senj\/senjska-noc-knjige-2016\/#breadcrumb\"},\"inLanguage\":\"hr\",\"potentialAction\":[{\"@type\":\"ReadAction\",\"target\":[\"https:\/\/knjiznice.nsk.hr\/senj\/senjska-noc-knjige-2016\/\"]}]},{\"@type\":\"BreadcrumbList\",\"@id\":\"https:\/\/knjiznice.nsk.hr\/senj\/senjska-noc-knjige-2016\/#breadcrumb\",\"itemListElement\":[{\"@type\":\"ListItem\",\"position\":1,\"item\":{\"@type\":\"WebPage\",\"@id\":\"https:\/\/knjiznice.nsk.hr\/senj\/\",\"url\":\"https:\/\/knjiznice.nsk.hr\/senj\/\",\"name\":\"Po\\u010detna stranica\"}},{\"@type\":\"ListItem\",\"position\":2,\"item\":{\"@id\":\"https:\/\/knjiznice.nsk.hr\/senj\/senjska-noc-knjige-2016\/#webpage\"}}]},{\"@type\":\"Person\",\"@id\":\"https:\/\/knjiznice.nsk.hr\/senj\/#\/schema\/person\/c6b0893cdaca205d44fe2c322c042ac7\",\"name\":\"senj\",\"image\":{\"@type\":\"ImageObject\",\"@id\":\"https:\/\/knjiznice.nsk.hr\/senj\/#personlogo\",\"inLanguage\":\"hr\",\"url\":\"https:\/\/secure.gravatar.com\/avatar\/b00e8e1a99b5ba41772fe68c6bcfd17c?s=96&d=mm&r=g\",\"contentUrl\":\"https:\/\/secure.gravatar.com\/avatar\/b00e8e1a99b5ba41772fe68c6bcfd17c?s=96&d=mm&r=g\",\"caption\":\"senj\"}}]}<\/script>\n<!-- \/ Yoast SEO plugin. -->","_links":{"self":[{"href":"https:\/\/knjiznice.nsk.hr\/senj\/wp-json\/wp\/v2\/posts\/645"}],"collection":[{"href":"https:\/\/knjiznice.nsk.hr\/senj\/wp-json\/wp\/v2\/posts"}],"about":[{"href":"https:\/\/knjiznice.nsk.hr\/senj\/wp-json\/wp\/v2\/types\/post"}],"author":[{"embeddable":true,"href":"https:\/\/knjiznice.nsk.hr\/senj\/wp-json\/wp\/v2\/users\/58"}],"replies":[{"embeddable":true,"href":"https:\/\/knjiznice.nsk.hr\/senj\/wp-json\/wp\/v2\/comments?post=645"}],"version-history":[{"count":2,"href":"https:\/\/knjiznice.nsk.hr\/senj\/wp-json\/wp\/v2\/posts\/645\/revisions"}],"predecessor-version":[{"id":648,"href":"https:\/\/knjiznice.nsk.hr\/senj\/wp-json\/wp\/v2\/posts\/645\/revisions\/648"}],"wp:featuredmedia":[{"embeddable":true,"href":"https:\/\/knjiznice.nsk.hr\/senj\/wp-json\/wp\/v2\/media\/646"}],"wp:attachment":[{"href":"https:\/\/knjiznice.nsk.hr\/senj\/wp-json\/wp\/v2\/media?parent=645"}],"wp:term":[{"taxonomy":"category","embeddable":true,"href":"https:\/\/knjiznice.nsk.hr\/senj\/wp-json\/wp\/v2\/categories?post=645"},{"taxonomy":"post_tag","embeddable":true,"href":"https:\/\/knjiznice.nsk.hr\/senj\/wp-json\/wp\/v2\/tags?post=645"}],"curies":[{"name":"wp","href":"https:\/\/api.w.org\/{rel}","templated":true}]}}