{"id":641,"date":"2016-04-20T13:17:07","date_gmt":"2016-04-20T13:17:07","guid":{"rendered":"http:\/\/knjiznice.nsk.hr\/senj\/?p=641"},"modified":"2016-04-20T13:17:43","modified_gmt":"2016-04-20T13:17:43","slug":"bura-znanja-i-cipele-bez-vezica","status":"publish","type":"post","link":"https:\/\/knjiznice.nsk.hr\/senj\/bura-znanja-i-cipele-bez-vezica\/","title":{"rendered":"BURA ZNANJA I CIPELE BEZ VEZICA"},"content":{"rendered":"<p>Povodom Dana Grada Senja i No\u0107i knjige senjska knji\u017enica i vrti\u0107 uprili\u010dili su u srijedu, 20. travnja dva lijepa doga\u0111anja. Prvo od njih je predstavljanje slikovnice <em>Cipele bez vezica<\/em> koju su izradile vrijedne ru\u010dice senjskih vrti\u0107ara na temu svojega grada. Dje\u010dica su u svom vrti\u0107u kroz razgovor, pjesmu i kroz zanimljivu priredbu koju je vodila teta Senka predstavila predivnu veliku slikovnicu punu pri\u010da i crte\u017ea o gradu Senju, uskocima i buri.<\/p>\n<p>Drugi doga\u0111aj \u2013 edukativna radionica <em>Bura znanja<\/em> &#8211; odr\u017ean je u Gradskoj knji\u017enici Senj koju je posjetila mje\u0161ovita vrti\u0107ka skupina od 3 do 6 godina. Tema radionice koju je pripremila i vodila knji\u017eni\u010darka Ivana Podol\u0161ak bila je Dan Grada te No\u0107 knjige. Cilj radionice bio je djecu upoznati s knji\u017enicom, s navedenim manifestacijama te sa simbolima grada i za\u0161titnikom Senja. S djecom se razgovaralo o tome \u0161to se u knji\u017enici radi; \u0161to se smije a \u0161to ne smije raditi u knji\u017enici; spomenuto je da se u petak obilje\u017eava No\u0107 knjige; djeca su upoznata s obilje\u017eima grada (zastava i grb), a posebna pozornost posve\u0107ena je za\u0161titniku Senja Svetom Jurju. Djeci je ispri\u010dana legenda o Svetom Jurju, nakon koje su djeca sama osmi\u0161ljavala i crtala svoj grb. Za kraj djeci je podijeljen predlo\u017eak s uskokom kojeg su svi rado obojili. Djeca su rado sura\u0111ivala i odgovarala na pitanja. Drago nam je da maleni vrlo dobro poznaju pravila pona\u0161anja u knji\u017enici kao i aktivnosti koje knji\u017enica provodi. Rado su sudjelovala u razgovoru, aktivno slu\u0161ala pri\u010du o Sv. jurju te se tra\u017eio uskok vi\u0161e za obojiti. Djeca su na radionici nau\u010dila i ponovila mnogo o zavi\u010dajnim temama te spoznala da ovaj tjedan ro\u0111endan slave i Senj i knjiga. Na kraju su svojoj knji\u017enici poklonili slikovnicu <em>Cipele bez vezica<\/em> koja \u0107e biti izlo\u017eena u No\u0107i knjige, ali i ostat \u0107e trajno na Dje\u010djem odjelu Knji\u017enice kao podsjetnik na ova lijepa dru\u017eenja i aktivnosti.<\/p>\n<p>Hvala Dje\u010djem vrti\u0107u Travica na poklonu i uvijek lijepoj i ugodnoj suradnji te na\u0161em Radio Senju koji je popratio navedena doga\u0111anja.<\/p>\n<p>VI\u0160E SLIKA NA NA\u0160OJ FACEBOOK STRANICI<\/p>\n","protected":false},"excerpt":{"rendered":"<p>Povodom Dana Grada Senja i No\u0107i knjige senjska knji\u017enica i vrti\u0107 uprili\u010dili su u srijedu, 20. travnja dva lijepa doga\u0111anja. Prvo od njih je predstavljanje slikovnice Cipele bez vezica koju su izradile vrijedne ru\u010dice senjskih vrti\u0107ara na temu svojega grada. Dje\u010dica su u svom vrti\u0107u kroz razgovor, pjesmu i kroz zanimljivu priredbu koju je vodila [&hellip;]<\/p>\n","protected":false},"author":58,"featured_media":642,"comment_status":"closed","ping_status":"closed","sticky":false,"template":"","format":"standard","meta":{"ngg_post_thumbnail":0},"categories":[8],"tags":[],"yoast_head":"<!-- This site is optimized with the Yoast SEO plugin v16.4 - https:\/\/yoast.com\/wordpress\/plugins\/seo\/ -->\n<meta name=\"robots\" content=\"index, follow, max-snippet:-1, max-image-preview:large, max-video-preview:-1\" \/>\n<link rel=\"canonical\" href=\"https:\/\/knjiznice.nsk.hr\/senj\/bura-znanja-i-cipele-bez-vezica\/\" \/>\n<meta property=\"og:locale\" content=\"hr_HR\" \/>\n<meta property=\"og:type\" content=\"article\" \/>\n<meta property=\"og:title\" content=\"BURA ZNANJA I CIPELE BEZ VEZICA - Gradska knji\u017enica Senj\" \/>\n<meta property=\"og:description\" content=\"Povodom Dana Grada Senja i No\u0107i knjige senjska knji\u017enica i vrti\u0107 uprili\u010dili su u srijedu, 20. travnja dva lijepa doga\u0111anja. Prvo od njih je predstavljanje slikovnice Cipele bez vezica koju su izradile vrijedne ru\u010dice senjskih vrti\u0107ara na temu svojega grada. Dje\u010dica su u svom vrti\u0107u kroz razgovor, pjesmu i kroz zanimljivu priredbu koju je vodila [&hellip;]\" \/>\n<meta property=\"og:url\" content=\"https:\/\/knjiznice.nsk.hr\/senj\/bura-znanja-i-cipele-bez-vezica\/\" \/>\n<meta property=\"og:site_name\" content=\"Gradska knji\u017enica Senj\" \/>\n<meta property=\"article:publisher\" content=\"http:\/\/facebook.com\/Gradska-knji%c5%benica-SENJ\" \/>\n<meta property=\"article:published_time\" content=\"2016-04-20T13:17:07+00:00\" \/>\n<meta property=\"article:modified_time\" content=\"2016-04-20T13:17:43+00:00\" \/>\n<meta property=\"og:image\" content=\"http:\/\/knjiznice.nsk.hr\/senj\/wp-content\/uploads\/sites\/60\/2016\/04\/IMG_1743.jpg\" \/>\n\t<meta property=\"og:image:width\" content=\"400\" \/>\n\t<meta property=\"og:image:height\" content=\"300\" \/>\n<meta name=\"twitter:label1\" content=\"Procijenjeno vrijeme \u010ditanja\" \/>\n\t<meta name=\"twitter:data1\" content=\"2 minute\" \/>\n<script type=\"application\/ld+json\" class=\"yoast-schema-graph\">{\"@context\":\"https:\/\/schema.org\",\"@graph\":[{\"@type\":\"WebSite\",\"@id\":\"https:\/\/knjiznice.nsk.hr\/senj\/#website\",\"url\":\"https:\/\/knjiznice.nsk.hr\/senj\/\",\"name\":\"Gradska knji\\u017enica Senj\",\"description\":\"S vama od 1835. godine\",\"potentialAction\":[{\"@type\":\"SearchAction\",\"target\":\"https:\/\/knjiznice.nsk.hr\/senj\/?s={search_term_string}\",\"query-input\":\"required name=search_term_string\"}],\"inLanguage\":\"hr\"},{\"@type\":\"ImageObject\",\"@id\":\"https:\/\/knjiznice.nsk.hr\/senj\/bura-znanja-i-cipele-bez-vezica\/#primaryimage\",\"inLanguage\":\"hr\",\"url\":\"https:\/\/knjiznice.nsk.hr\/senj\/wp-content\/uploads\/sites\/60\/2016\/04\/IMG_1743.jpg\",\"contentUrl\":\"https:\/\/knjiznice.nsk.hr\/senj\/wp-content\/uploads\/sites\/60\/2016\/04\/IMG_1743.jpg\",\"width\":400,\"height\":300},{\"@type\":\"WebPage\",\"@id\":\"https:\/\/knjiznice.nsk.hr\/senj\/bura-znanja-i-cipele-bez-vezica\/#webpage\",\"url\":\"https:\/\/knjiznice.nsk.hr\/senj\/bura-znanja-i-cipele-bez-vezica\/\",\"name\":\"BURA ZNANJA I CIPELE BEZ VEZICA - Gradska knji\\u017enica Senj\",\"isPartOf\":{\"@id\":\"https:\/\/knjiznice.nsk.hr\/senj\/#website\"},\"primaryImageOfPage\":{\"@id\":\"https:\/\/knjiznice.nsk.hr\/senj\/bura-znanja-i-cipele-bez-vezica\/#primaryimage\"},\"datePublished\":\"2016-04-20T13:17:07+00:00\",\"dateModified\":\"2016-04-20T13:17:43+00:00\",\"author\":{\"@id\":\"https:\/\/knjiznice.nsk.hr\/senj\/#\/schema\/person\/c6b0893cdaca205d44fe2c322c042ac7\"},\"breadcrumb\":{\"@id\":\"https:\/\/knjiznice.nsk.hr\/senj\/bura-znanja-i-cipele-bez-vezica\/#breadcrumb\"},\"inLanguage\":\"hr\",\"potentialAction\":[{\"@type\":\"ReadAction\",\"target\":[\"https:\/\/knjiznice.nsk.hr\/senj\/bura-znanja-i-cipele-bez-vezica\/\"]}]},{\"@type\":\"BreadcrumbList\",\"@id\":\"https:\/\/knjiznice.nsk.hr\/senj\/bura-znanja-i-cipele-bez-vezica\/#breadcrumb\",\"itemListElement\":[{\"@type\":\"ListItem\",\"position\":1,\"item\":{\"@type\":\"WebPage\",\"@id\":\"https:\/\/knjiznice.nsk.hr\/senj\/\",\"url\":\"https:\/\/knjiznice.nsk.hr\/senj\/\",\"name\":\"Po\\u010detna stranica\"}},{\"@type\":\"ListItem\",\"position\":2,\"item\":{\"@id\":\"https:\/\/knjiznice.nsk.hr\/senj\/bura-znanja-i-cipele-bez-vezica\/#webpage\"}}]},{\"@type\":\"Person\",\"@id\":\"https:\/\/knjiznice.nsk.hr\/senj\/#\/schema\/person\/c6b0893cdaca205d44fe2c322c042ac7\",\"name\":\"senj\",\"image\":{\"@type\":\"ImageObject\",\"@id\":\"https:\/\/knjiznice.nsk.hr\/senj\/#personlogo\",\"inLanguage\":\"hr\",\"url\":\"https:\/\/secure.gravatar.com\/avatar\/b00e8e1a99b5ba41772fe68c6bcfd17c?s=96&d=mm&r=g\",\"contentUrl\":\"https:\/\/secure.gravatar.com\/avatar\/b00e8e1a99b5ba41772fe68c6bcfd17c?s=96&d=mm&r=g\",\"caption\":\"senj\"}}]}<\/script>\n<!-- \/ Yoast SEO plugin. -->","_links":{"self":[{"href":"https:\/\/knjiznice.nsk.hr\/senj\/wp-json\/wp\/v2\/posts\/641"}],"collection":[{"href":"https:\/\/knjiznice.nsk.hr\/senj\/wp-json\/wp\/v2\/posts"}],"about":[{"href":"https:\/\/knjiznice.nsk.hr\/senj\/wp-json\/wp\/v2\/types\/post"}],"author":[{"embeddable":true,"href":"https:\/\/knjiznice.nsk.hr\/senj\/wp-json\/wp\/v2\/users\/58"}],"replies":[{"embeddable":true,"href":"https:\/\/knjiznice.nsk.hr\/senj\/wp-json\/wp\/v2\/comments?post=641"}],"version-history":[{"count":2,"href":"https:\/\/knjiznice.nsk.hr\/senj\/wp-json\/wp\/v2\/posts\/641\/revisions"}],"predecessor-version":[{"id":644,"href":"https:\/\/knjiznice.nsk.hr\/senj\/wp-json\/wp\/v2\/posts\/641\/revisions\/644"}],"wp:featuredmedia":[{"embeddable":true,"href":"https:\/\/knjiznice.nsk.hr\/senj\/wp-json\/wp\/v2\/media\/642"}],"wp:attachment":[{"href":"https:\/\/knjiznice.nsk.hr\/senj\/wp-json\/wp\/v2\/media?parent=641"}],"wp:term":[{"taxonomy":"category","embeddable":true,"href":"https:\/\/knjiznice.nsk.hr\/senj\/wp-json\/wp\/v2\/categories?post=641"},{"taxonomy":"post_tag","embeddable":true,"href":"https:\/\/knjiznice.nsk.hr\/senj\/wp-json\/wp\/v2\/tags?post=641"}],"curies":[{"name":"wp","href":"https:\/\/api.w.org\/{rel}","templated":true}]}}