{"id":637,"date":"2016-04-19T15:09:00","date_gmt":"2016-04-19T15:09:00","guid":{"rendered":"http:\/\/knjiznice.nsk.hr\/senj\/?p=637"},"modified":"2016-04-19T15:09:00","modified_gmt":"2016-04-19T15:09:00","slug":"otvorena-izlozba-u-prolazu-ines-prpic","status":"publish","type":"post","link":"https:\/\/knjiznice.nsk.hr\/senj\/otvorena-izlozba-u-prolazu-ines-prpic\/","title":{"rendered":"Otvorena izlo\u017eba U prolazu Ines Prpi\u0107"},"content":{"rendered":"<p><em><\/em><\/p>\n<p>Ju\u010der (18.travnja 2016.) je u prepunoj senjskoj knji\u017enici otvorena izlo\u017eba slika umjetnice Ines Prpi\u0107 pod nazivom <em>U prolazu. <\/em><\/p>\n<p>Ines Prpi\u0107 slika od malih nogu, a strast za umjetno\u0161\u0107u formirala je i odabir njezinog \u017eivotnog poziva. Diplomirala je na rije\u010dkoj Akademiji primijenjenih umjetnosti\u00a0\u2013 na Odsjeku likovne pedagogije u klasi prof. Jasne \u0160ikanje. Iako je ve\u0107 izlagala u sklopu priprema za fakultet te na grupnim izlo\u017ebama, <em>U prolazu<\/em> je prva samostalna izlo\u017eba Ines kao formirane umjetnice.<\/p>\n<p>-Drago nem je da je umjetnica Prpi\u0107 odabrala na\u0161u knji\u017enicu za po\u010detak svoje izlaga\u010dke karijere koja \u0107e, vjerujemo, biti duga i uspje\u0161na. Ines je beskrajno talentirana, a opet skromna i jednostavna osoba s kojom je veliko zadovoljstvo sura\u0111ivati i veselimo i budu\u0107im zajedni\u010dkim projektima. Iako Ines nerijetko i vrlo uspje\u0161no pose\u017ee i za apstraktnim motivima, ovom izlo\u017ebom prestavlja se kao vrstan pejza\u017eist koji figurativno, a opet na svoj specifi\u010dan na\u010din donosi atraktivne cvjetne motive u akrilu, rekla je moderatorica otvorenja Ana Prpi\u0107 Rogi\u0107, ravnateljica Gradska knji\u017enice Senj.<\/p>\n<p>Brojnim okupljenima obratila se i autorica zahvaliv\u0161i svima s kojima je sura\u0111ivala spremaju\u0107i izlo\u017ebu.<\/p>\n<p>Izlo\u017ebu koju je organizirala Gradska knji\u017enica Senj povodom Dana Grada Senja otvorio je dogradona\u010delnik Grada Senja Filip Samar\u017eija pohvaliv\u0161i organizatora te po\u017eeljev\u0161i umjetnici Prpi\u0107 puno uspjeha u daljnjem radu.<\/p>\n<p>Otvorenje je svojim nastupom uljep\u0161ala klapa Senjkinje, a nakon slu\u017ebenog dijela otvorenja gra\u0111ani su se zadr\u017eali u knji\u017enici u\u017eivaju\u0107i u razgledavanju slika, domjenku i dru\u017eenju.<\/p>\n<p>Izlo\u017eba je prodajnog karaktera, a sve informacije o cijenama slika mogu se dobiti na pultu Gradske knji\u017enice Senj cijelo vrijeme trajanja postava, tj. do 1. lipnja 2016.godine.<\/p>\n<p>Knji\u017enica zahvaljuje umjetnici Prpi\u0107 na divnim slikama i suradnji, Senjkinjama na lijepom nastupu, medijima na pra\u0107enju te gra\u0111anima na pa\u017enji i dolasku.<\/p>\n<p>&nbsp;<\/p>\n<p>VELIKA FOTOGALERIJA NA NA\u0160IM FACEBOOK STRANICAMA<\/p>\n","protected":false},"excerpt":{"rendered":"<p>Ju\u010der (18.travnja 2016.) je u prepunoj senjskoj knji\u017enici otvorena izlo\u017eba slika umjetnice Ines Prpi\u0107 pod nazivom U prolazu. Ines Prpi\u0107 slika od malih nogu, a strast za umjetno\u0161\u0107u formirala je i odabir njezinog \u017eivotnog poziva. Diplomirala je na rije\u010dkoj Akademiji primijenjenih umjetnosti\u00a0\u2013 na Odsjeku likovne pedagogije u klasi prof. Jasne \u0160ikanje. Iako je ve\u0107 izlagala [&hellip;]<\/p>\n","protected":false},"author":58,"featured_media":638,"comment_status":"closed","ping_status":"closed","sticky":false,"template":"","format":"standard","meta":{"ngg_post_thumbnail":0},"categories":[8],"tags":[],"yoast_head":"<!-- This site is optimized with the Yoast SEO plugin v16.4 - https:\/\/yoast.com\/wordpress\/plugins\/seo\/ -->\n<meta name=\"robots\" content=\"index, follow, max-snippet:-1, max-image-preview:large, max-video-preview:-1\" \/>\n<link rel=\"canonical\" href=\"https:\/\/knjiznice.nsk.hr\/senj\/otvorena-izlozba-u-prolazu-ines-prpic\/\" \/>\n<meta property=\"og:locale\" content=\"hr_HR\" \/>\n<meta property=\"og:type\" content=\"article\" \/>\n<meta property=\"og:title\" content=\"Otvorena izlo\u017eba U prolazu Ines Prpi\u0107 - Gradska knji\u017enica Senj\" \/>\n<meta property=\"og:description\" content=\"Ju\u010der (18.travnja 2016.) je u prepunoj senjskoj knji\u017enici otvorena izlo\u017eba slika umjetnice Ines Prpi\u0107 pod nazivom U prolazu. Ines Prpi\u0107 slika od malih nogu, a strast za umjetno\u0161\u0107u formirala je i odabir njezinog \u017eivotnog poziva. Diplomirala je na rije\u010dkoj Akademiji primijenjenih umjetnosti\u00a0\u2013 na Odsjeku likovne pedagogije u klasi prof. Jasne \u0160ikanje. Iako je ve\u0107 izlagala [&hellip;]\" \/>\n<meta property=\"og:url\" content=\"https:\/\/knjiznice.nsk.hr\/senj\/otvorena-izlozba-u-prolazu-ines-prpic\/\" \/>\n<meta property=\"og:site_name\" content=\"Gradska knji\u017enica Senj\" \/>\n<meta property=\"article:publisher\" content=\"http:\/\/facebook.com\/Gradska-knji%c5%benica-SENJ\" \/>\n<meta property=\"article:published_time\" content=\"2016-04-19T15:09:00+00:00\" \/>\n<meta property=\"og:image\" content=\"http:\/\/knjiznice.nsk.hr\/senj\/wp-content\/uploads\/sites\/60\/2016\/04\/IMG_1691.jpg\" \/>\n\t<meta property=\"og:image:width\" content=\"400\" \/>\n\t<meta property=\"og:image:height\" content=\"300\" \/>\n<meta name=\"twitter:label1\" content=\"Procijenjeno vrijeme \u010ditanja\" \/>\n\t<meta name=\"twitter:data1\" content=\"2 minute\" \/>\n<script type=\"application\/ld+json\" class=\"yoast-schema-graph\">{\"@context\":\"https:\/\/schema.org\",\"@graph\":[{\"@type\":\"WebSite\",\"@id\":\"https:\/\/knjiznice.nsk.hr\/senj\/#website\",\"url\":\"https:\/\/knjiznice.nsk.hr\/senj\/\",\"name\":\"Gradska knji\\u017enica Senj\",\"description\":\"S vama od 1835. godine\",\"potentialAction\":[{\"@type\":\"SearchAction\",\"target\":\"https:\/\/knjiznice.nsk.hr\/senj\/?s={search_term_string}\",\"query-input\":\"required name=search_term_string\"}],\"inLanguage\":\"hr\"},{\"@type\":\"ImageObject\",\"@id\":\"https:\/\/knjiznice.nsk.hr\/senj\/otvorena-izlozba-u-prolazu-ines-prpic\/#primaryimage\",\"inLanguage\":\"hr\",\"url\":\"https:\/\/knjiznice.nsk.hr\/senj\/wp-content\/uploads\/sites\/60\/2016\/04\/IMG_1691.jpg\",\"contentUrl\":\"https:\/\/knjiznice.nsk.hr\/senj\/wp-content\/uploads\/sites\/60\/2016\/04\/IMG_1691.jpg\",\"width\":400,\"height\":300},{\"@type\":\"WebPage\",\"@id\":\"https:\/\/knjiznice.nsk.hr\/senj\/otvorena-izlozba-u-prolazu-ines-prpic\/#webpage\",\"url\":\"https:\/\/knjiznice.nsk.hr\/senj\/otvorena-izlozba-u-prolazu-ines-prpic\/\",\"name\":\"Otvorena izlo\\u017eba U prolazu Ines Prpi\\u0107 - Gradska knji\\u017enica Senj\",\"isPartOf\":{\"@id\":\"https:\/\/knjiznice.nsk.hr\/senj\/#website\"},\"primaryImageOfPage\":{\"@id\":\"https:\/\/knjiznice.nsk.hr\/senj\/otvorena-izlozba-u-prolazu-ines-prpic\/#primaryimage\"},\"datePublished\":\"2016-04-19T15:09:00+00:00\",\"dateModified\":\"2016-04-19T15:09:00+00:00\",\"author\":{\"@id\":\"https:\/\/knjiznice.nsk.hr\/senj\/#\/schema\/person\/c6b0893cdaca205d44fe2c322c042ac7\"},\"breadcrumb\":{\"@id\":\"https:\/\/knjiznice.nsk.hr\/senj\/otvorena-izlozba-u-prolazu-ines-prpic\/#breadcrumb\"},\"inLanguage\":\"hr\",\"potentialAction\":[{\"@type\":\"ReadAction\",\"target\":[\"https:\/\/knjiznice.nsk.hr\/senj\/otvorena-izlozba-u-prolazu-ines-prpic\/\"]}]},{\"@type\":\"BreadcrumbList\",\"@id\":\"https:\/\/knjiznice.nsk.hr\/senj\/otvorena-izlozba-u-prolazu-ines-prpic\/#breadcrumb\",\"itemListElement\":[{\"@type\":\"ListItem\",\"position\":1,\"item\":{\"@type\":\"WebPage\",\"@id\":\"https:\/\/knjiznice.nsk.hr\/senj\/\",\"url\":\"https:\/\/knjiznice.nsk.hr\/senj\/\",\"name\":\"Po\\u010detna stranica\"}},{\"@type\":\"ListItem\",\"position\":2,\"item\":{\"@id\":\"https:\/\/knjiznice.nsk.hr\/senj\/otvorena-izlozba-u-prolazu-ines-prpic\/#webpage\"}}]},{\"@type\":\"Person\",\"@id\":\"https:\/\/knjiznice.nsk.hr\/senj\/#\/schema\/person\/c6b0893cdaca205d44fe2c322c042ac7\",\"name\":\"senj\",\"image\":{\"@type\":\"ImageObject\",\"@id\":\"https:\/\/knjiznice.nsk.hr\/senj\/#personlogo\",\"inLanguage\":\"hr\",\"url\":\"https:\/\/secure.gravatar.com\/avatar\/b00e8e1a99b5ba41772fe68c6bcfd17c?s=96&d=mm&r=g\",\"contentUrl\":\"https:\/\/secure.gravatar.com\/avatar\/b00e8e1a99b5ba41772fe68c6bcfd17c?s=96&d=mm&r=g\",\"caption\":\"senj\"}}]}<\/script>\n<!-- \/ Yoast SEO plugin. -->","_links":{"self":[{"href":"https:\/\/knjiznice.nsk.hr\/senj\/wp-json\/wp\/v2\/posts\/637"}],"collection":[{"href":"https:\/\/knjiznice.nsk.hr\/senj\/wp-json\/wp\/v2\/posts"}],"about":[{"href":"https:\/\/knjiznice.nsk.hr\/senj\/wp-json\/wp\/v2\/types\/post"}],"author":[{"embeddable":true,"href":"https:\/\/knjiznice.nsk.hr\/senj\/wp-json\/wp\/v2\/users\/58"}],"replies":[{"embeddable":true,"href":"https:\/\/knjiznice.nsk.hr\/senj\/wp-json\/wp\/v2\/comments?post=637"}],"version-history":[{"count":1,"href":"https:\/\/knjiznice.nsk.hr\/senj\/wp-json\/wp\/v2\/posts\/637\/revisions"}],"predecessor-version":[{"id":639,"href":"https:\/\/knjiznice.nsk.hr\/senj\/wp-json\/wp\/v2\/posts\/637\/revisions\/639"}],"wp:featuredmedia":[{"embeddable":true,"href":"https:\/\/knjiznice.nsk.hr\/senj\/wp-json\/wp\/v2\/media\/638"}],"wp:attachment":[{"href":"https:\/\/knjiznice.nsk.hr\/senj\/wp-json\/wp\/v2\/media?parent=637"}],"wp:term":[{"taxonomy":"category","embeddable":true,"href":"https:\/\/knjiznice.nsk.hr\/senj\/wp-json\/wp\/v2\/categories?post=637"},{"taxonomy":"post_tag","embeddable":true,"href":"https:\/\/knjiznice.nsk.hr\/senj\/wp-json\/wp\/v2\/tags?post=637"}],"curies":[{"name":"wp","href":"https:\/\/api.w.org\/{rel}","templated":true}]}}