{"id":628,"date":"2016-04-13T14:10:33","date_gmt":"2016-04-13T14:10:33","guid":{"rendered":"http:\/\/knjiznice.nsk.hr\/senj\/?p=628"},"modified":"2016-04-13T14:10:33","modified_gmt":"2016-04-13T14:10:33","slug":"posjet-knjiznici-i-sat-lektire-u-djecjem-odjelu","status":"publish","type":"post","link":"https:\/\/knjiznice.nsk.hr\/senj\/posjet-knjiznici-i-sat-lektire-u-djecjem-odjelu\/","title":{"rendered":"POSJET KNJI\u017dNICI I SAT LEKTIRE U DJE\u010cJEM ODJELU"},"content":{"rendered":"<p>U utorak, 12. travnja u goste su nam do\u0161li u\u010denici 2. a razreda senjske osnovne \u0161kole Silvija Strahimira Kranj\u010devi\u0107a i njihova u\u010diteljica Anastazija Viatoris Matijevi\u0107. Knji\u017eni\u010dari su u\u010denike proveli po knji\u017enici i pokazali im \u0161to sve ona posjetitelju nudi i koje odjele sadr\u017ei te naglasili koja je zada\u0107a i uloga gradske knji\u017enice.<\/p>\n<p>U\u010denici su saznali da knji\u017enica nije samo mjesto gdje se posu\u0111uju knjige i DVD-i, ve\u0107 da u knji\u017enici mogu i pretra\u017eivati internet, pisati zada\u0107u, \u010ditati novine, dje\u010dje \u010dasopise i stripove te sudjelovati u raznim radionicama te posjetiti brojne kulturne doga\u0111aje poput izlo\u017ebi, knji\u017eevnih ve\u010deri i predavanja raznih tematika.<\/p>\n<p>Knji\u017eni\u010dari su \u0111ake podu\u010dili i pravilima pona\u0161anja u knji\u017enici, posebno naglasiv\u0161i da se mora s knjigama postupati pa\u017eljivo i s oprezom.<\/p>\n<p>Nakon obilaska i razgledavanja u Dje\u010djem odjelu knji\u017enice odr\u017ean je i sat lektire \u2013 obrada \u0161tiva <em>Mi\u0161 <\/em>Bo\u017eidara Prosenjaka. \u010citanje i razgovor na temu iz spomenute knjige okon\u010dano je uz pou\u010dni zaklju\u010dak o potrebi odgovornog i humanog postupanja prema svim \u017eivotinjama.<\/p>\n<p>Na samom kraju dru\u017eenja u\u010denici su knji\u017eni\u010darima poklonili svojih ruku djela izra\u0111ena na <em>Mi\u0107im \u010dakavcima<\/em>. Vrijedan poklon na\u0107i \u0107e svoje mjesto u Zavi\u010dajnoj zbirci Gradske knji\u017enice Senj.<\/p>\n<p>Zahvaljujemo na\u0161im gostima na lijepom poklonu i ugodnom dru\u017eenju, uz poziv-Do\u0111ite nam opet!<\/p>\n","protected":false},"excerpt":{"rendered":"<p>U utorak, 12. travnja u goste su nam do\u0161li u\u010denici 2. a razreda senjske osnovne \u0161kole Silvija Strahimira Kranj\u010devi\u0107a i njihova u\u010diteljica Anastazija Viatoris Matijevi\u0107. Knji\u017eni\u010dari su u\u010denike proveli po knji\u017enici i pokazali im \u0161to sve ona posjetitelju nudi i koje odjele sadr\u017ei te naglasili koja je zada\u0107a i uloga gradske knji\u017enice. U\u010denici su saznali [&hellip;]<\/p>\n","protected":false},"author":58,"featured_media":629,"comment_status":"closed","ping_status":"closed","sticky":false,"template":"","format":"standard","meta":{"ngg_post_thumbnail":0},"categories":[8],"tags":[],"yoast_head":"<!-- This site is optimized with the Yoast SEO plugin v16.4 - https:\/\/yoast.com\/wordpress\/plugins\/seo\/ -->\n<meta name=\"robots\" content=\"index, follow, max-snippet:-1, max-image-preview:large, max-video-preview:-1\" \/>\n<link rel=\"canonical\" href=\"https:\/\/knjiznice.nsk.hr\/senj\/posjet-knjiznici-i-sat-lektire-u-djecjem-odjelu\/\" \/>\n<meta property=\"og:locale\" content=\"hr_HR\" \/>\n<meta property=\"og:type\" content=\"article\" \/>\n<meta property=\"og:title\" content=\"POSJET KNJI\u017dNICI I SAT LEKTIRE U DJE\u010cJEM ODJELU - Gradska knji\u017enica Senj\" \/>\n<meta property=\"og:description\" content=\"U utorak, 12. travnja u goste su nam do\u0161li u\u010denici 2. a razreda senjske osnovne \u0161kole Silvija Strahimira Kranj\u010devi\u0107a i njihova u\u010diteljica Anastazija Viatoris Matijevi\u0107. Knji\u017eni\u010dari su u\u010denike proveli po knji\u017enici i pokazali im \u0161to sve ona posjetitelju nudi i koje odjele sadr\u017ei te naglasili koja je zada\u0107a i uloga gradske knji\u017enice. U\u010denici su saznali [&hellip;]\" \/>\n<meta property=\"og:url\" content=\"https:\/\/knjiznice.nsk.hr\/senj\/posjet-knjiznici-i-sat-lektire-u-djecjem-odjelu\/\" \/>\n<meta property=\"og:site_name\" content=\"Gradska knji\u017enica Senj\" \/>\n<meta property=\"article:publisher\" content=\"http:\/\/facebook.com\/Gradska-knji%c5%benica-SENJ\" \/>\n<meta property=\"article:published_time\" content=\"2016-04-13T14:10:33+00:00\" \/>\n<meta property=\"og:image\" content=\"http:\/\/knjiznice.nsk.hr\/senj\/wp-content\/uploads\/sites\/60\/2016\/04\/IMG_1647.jpg\" \/>\n\t<meta property=\"og:image:width\" content=\"400\" \/>\n\t<meta property=\"og:image:height\" content=\"300\" \/>\n<meta name=\"twitter:label1\" content=\"Procijenjeno vrijeme \u010ditanja\" \/>\n\t<meta name=\"twitter:data1\" content=\"1 minuta\" \/>\n<script type=\"application\/ld+json\" class=\"yoast-schema-graph\">{\"@context\":\"https:\/\/schema.org\",\"@graph\":[{\"@type\":\"WebSite\",\"@id\":\"https:\/\/knjiznice.nsk.hr\/senj\/#website\",\"url\":\"https:\/\/knjiznice.nsk.hr\/senj\/\",\"name\":\"Gradska knji\\u017enica Senj\",\"description\":\"S vama od 1835. godine\",\"potentialAction\":[{\"@type\":\"SearchAction\",\"target\":\"https:\/\/knjiznice.nsk.hr\/senj\/?s={search_term_string}\",\"query-input\":\"required name=search_term_string\"}],\"inLanguage\":\"hr\"},{\"@type\":\"ImageObject\",\"@id\":\"https:\/\/knjiznice.nsk.hr\/senj\/posjet-knjiznici-i-sat-lektire-u-djecjem-odjelu\/#primaryimage\",\"inLanguage\":\"hr\",\"url\":\"https:\/\/knjiznice.nsk.hr\/senj\/wp-content\/uploads\/sites\/60\/2016\/04\/IMG_1647.jpg\",\"contentUrl\":\"https:\/\/knjiznice.nsk.hr\/senj\/wp-content\/uploads\/sites\/60\/2016\/04\/IMG_1647.jpg\",\"width\":400,\"height\":300},{\"@type\":\"WebPage\",\"@id\":\"https:\/\/knjiznice.nsk.hr\/senj\/posjet-knjiznici-i-sat-lektire-u-djecjem-odjelu\/#webpage\",\"url\":\"https:\/\/knjiznice.nsk.hr\/senj\/posjet-knjiznici-i-sat-lektire-u-djecjem-odjelu\/\",\"name\":\"POSJET KNJI\\u017dNICI I SAT LEKTIRE U DJE\\u010cJEM ODJELU - Gradska knji\\u017enica Senj\",\"isPartOf\":{\"@id\":\"https:\/\/knjiznice.nsk.hr\/senj\/#website\"},\"primaryImageOfPage\":{\"@id\":\"https:\/\/knjiznice.nsk.hr\/senj\/posjet-knjiznici-i-sat-lektire-u-djecjem-odjelu\/#primaryimage\"},\"datePublished\":\"2016-04-13T14:10:33+00:00\",\"dateModified\":\"2016-04-13T14:10:33+00:00\",\"author\":{\"@id\":\"https:\/\/knjiznice.nsk.hr\/senj\/#\/schema\/person\/c6b0893cdaca205d44fe2c322c042ac7\"},\"breadcrumb\":{\"@id\":\"https:\/\/knjiznice.nsk.hr\/senj\/posjet-knjiznici-i-sat-lektire-u-djecjem-odjelu\/#breadcrumb\"},\"inLanguage\":\"hr\",\"potentialAction\":[{\"@type\":\"ReadAction\",\"target\":[\"https:\/\/knjiznice.nsk.hr\/senj\/posjet-knjiznici-i-sat-lektire-u-djecjem-odjelu\/\"]}]},{\"@type\":\"BreadcrumbList\",\"@id\":\"https:\/\/knjiznice.nsk.hr\/senj\/posjet-knjiznici-i-sat-lektire-u-djecjem-odjelu\/#breadcrumb\",\"itemListElement\":[{\"@type\":\"ListItem\",\"position\":1,\"item\":{\"@type\":\"WebPage\",\"@id\":\"https:\/\/knjiznice.nsk.hr\/senj\/\",\"url\":\"https:\/\/knjiznice.nsk.hr\/senj\/\",\"name\":\"Po\\u010detna stranica\"}},{\"@type\":\"ListItem\",\"position\":2,\"item\":{\"@id\":\"https:\/\/knjiznice.nsk.hr\/senj\/posjet-knjiznici-i-sat-lektire-u-djecjem-odjelu\/#webpage\"}}]},{\"@type\":\"Person\",\"@id\":\"https:\/\/knjiznice.nsk.hr\/senj\/#\/schema\/person\/c6b0893cdaca205d44fe2c322c042ac7\",\"name\":\"senj\",\"image\":{\"@type\":\"ImageObject\",\"@id\":\"https:\/\/knjiznice.nsk.hr\/senj\/#personlogo\",\"inLanguage\":\"hr\",\"url\":\"https:\/\/secure.gravatar.com\/avatar\/b00e8e1a99b5ba41772fe68c6bcfd17c?s=96&d=mm&r=g\",\"contentUrl\":\"https:\/\/secure.gravatar.com\/avatar\/b00e8e1a99b5ba41772fe68c6bcfd17c?s=96&d=mm&r=g\",\"caption\":\"senj\"}}]}<\/script>\n<!-- \/ Yoast SEO plugin. -->","_links":{"self":[{"href":"https:\/\/knjiznice.nsk.hr\/senj\/wp-json\/wp\/v2\/posts\/628"}],"collection":[{"href":"https:\/\/knjiznice.nsk.hr\/senj\/wp-json\/wp\/v2\/posts"}],"about":[{"href":"https:\/\/knjiznice.nsk.hr\/senj\/wp-json\/wp\/v2\/types\/post"}],"author":[{"embeddable":true,"href":"https:\/\/knjiznice.nsk.hr\/senj\/wp-json\/wp\/v2\/users\/58"}],"replies":[{"embeddable":true,"href":"https:\/\/knjiznice.nsk.hr\/senj\/wp-json\/wp\/v2\/comments?post=628"}],"version-history":[{"count":1,"href":"https:\/\/knjiznice.nsk.hr\/senj\/wp-json\/wp\/v2\/posts\/628\/revisions"}],"predecessor-version":[{"id":630,"href":"https:\/\/knjiznice.nsk.hr\/senj\/wp-json\/wp\/v2\/posts\/628\/revisions\/630"}],"wp:featuredmedia":[{"embeddable":true,"href":"https:\/\/knjiznice.nsk.hr\/senj\/wp-json\/wp\/v2\/media\/629"}],"wp:attachment":[{"href":"https:\/\/knjiznice.nsk.hr\/senj\/wp-json\/wp\/v2\/media?parent=628"}],"wp:term":[{"taxonomy":"category","embeddable":true,"href":"https:\/\/knjiznice.nsk.hr\/senj\/wp-json\/wp\/v2\/categories?post=628"},{"taxonomy":"post_tag","embeddable":true,"href":"https:\/\/knjiznice.nsk.hr\/senj\/wp-json\/wp\/v2\/tags?post=628"}],"curies":[{"name":"wp","href":"https:\/\/api.w.org\/{rel}","templated":true}]}}