{"id":623,"date":"2016-04-12T09:14:21","date_gmt":"2016-04-12T09:14:21","guid":{"rendered":"http:\/\/knjiznice.nsk.hr\/senj\/?p=623"},"modified":"2016-04-12T09:14:21","modified_gmt":"2016-04-12T09:14:21","slug":"gradska-knjiznica-senj-program-dogadanja-povodom-proslave-dana-grada-senja-2016-g","status":"publish","type":"post","link":"https:\/\/knjiznice.nsk.hr\/senj\/gradska-knjiznica-senj-program-dogadanja-povodom-proslave-dana-grada-senja-2016-g\/","title":{"rendered":"GRADSKA KNJI\u017dNICA SENJ &#8211; PROGRAM DOGA\u0110ANJA POVODOM PROSLAVE DANA GRADA SENJA 2016.g:"},"content":{"rendered":"<p>&nbsp;<\/p>\n<ul>\n<li>Ponedjeljak, 18. travnja, 18.30 h &#8211; Gradska knji\u017enica Senj \u2013 <strong>Otvorenje izlo\u017ebe <em>U prolazu<\/em> umjetnice Ines Prpi\u0107 <\/strong>&#8211; organizator Gradska knji\u017enica Senj<\/li>\n<\/ul>\n<p>&nbsp;<\/p>\n<ul>\n<li>Srijeda, 20. travnja, 10 h &#8211; Gradska knji\u017enica Senj \u2013 <strong><em>Bura znanja<\/em>-edukacijska radionica za djecu &#8211; <\/strong>organizatori Gradska knji\u017enica Senj i Dje\u010dji vrti\u0107 <em>Travica <\/em><\/li>\n<\/ul>\n<p>&nbsp;<\/p>\n<ul>\n<li>Petak, 22. travnja, 18-01 h &#8211; Gradska knji\u017enica Senj \u2013 <strong>No\u0107 knjige <\/strong>&#8211; organizator Gradska knji\u017enica Senj:<\/li>\n<li>18 sati- <strong><em>Pjesme za du\u0161u<\/em>-nastup \u0161ansonjera Sr\u0111ana Depola<\/strong><\/li>\n<li>19 sati-<strong>Promocija vodi\u010da <em>Od sjemenke do ploda<\/em><\/strong>-suorganizator-NP Sjeverni Velebit<\/li>\n<\/ul>\n<p>U nastavku ve\u010deri:<\/p>\n<ul>\n<li><strong>humanitarna akcija <em>Pomozimo knjigom<\/em> &#8211; prodaja knjiga u suradnji s Humanitarnom udrugom <em>Bura<\/em><\/strong>,<\/li>\n<li><strong>izlo\u017eba <em>Nehajevu u \u010dast<\/em><\/strong>,<\/li>\n<li><strong>izlo\u017eba radova senjskih vrti\u0107ara-slikovnica <em>Cipele bez vezica<\/em><\/strong><em>,<\/em><\/li>\n<li><strong>brojne akcije i pogodnosti za korisnike<\/strong>,<\/li>\n<li><strong>tombola i zakuska<\/strong>.<\/li>\n<\/ul>\n<p>&nbsp;<\/p>\n<ul>\n<li>Subota, 23. travnja, 9 h &#8211; hotel Libra &#8211; <strong><em>Dobro jutro, Senju grade &#8211; <\/em>knji\u017eevno jutro uz besplatnu kavu i kola\u010di\u0107e &#8211; <\/strong>organizatori Gradska knji\u017enica Senj i Turisti\u010dka zajednica Grada Senja<\/li>\n<\/ul>\n<p><strong>\u00a0<\/strong><\/p>\n<p><strong>VESELIMO SE VA\u0160EM DOLASKU!<\/strong><\/p>\n","protected":false},"excerpt":{"rendered":"<p>&nbsp; Ponedjeljak, 18. travnja, 18.30 h &#8211; Gradska knji\u017enica Senj \u2013 Otvorenje izlo\u017ebe U prolazu umjetnice Ines Prpi\u0107 &#8211; organizator Gradska knji\u017enica Senj &nbsp; Srijeda, 20. travnja, 10 h &#8211; Gradska knji\u017enica Senj \u2013 Bura znanja-edukacijska radionica za djecu &#8211; organizatori Gradska knji\u017enica Senj i Dje\u010dji vrti\u0107 Travica &nbsp; Petak, 22. travnja, 18-01 h &#8211; [&hellip;]<\/p>\n","protected":false},"author":58,"featured_media":624,"comment_status":"closed","ping_status":"closed","sticky":false,"template":"","format":"standard","meta":{"ngg_post_thumbnail":0},"categories":[8],"tags":[],"yoast_head":"<!-- This site is optimized with the Yoast SEO plugin v16.4 - https:\/\/yoast.com\/wordpress\/plugins\/seo\/ -->\n<meta name=\"robots\" content=\"index, follow, max-snippet:-1, max-image-preview:large, max-video-preview:-1\" \/>\n<link rel=\"canonical\" href=\"https:\/\/knjiznice.nsk.hr\/senj\/gradska-knjiznica-senj-program-dogadanja-povodom-proslave-dana-grada-senja-2016-g\/\" \/>\n<meta property=\"og:locale\" content=\"hr_HR\" \/>\n<meta property=\"og:type\" content=\"article\" \/>\n<meta property=\"og:title\" content=\"GRADSKA KNJI\u017dNICA SENJ - PROGRAM DOGA\u0110ANJA POVODOM PROSLAVE DANA GRADA SENJA 2016.g: - Gradska knji\u017enica Senj\" \/>\n<meta property=\"og:description\" content=\"&nbsp; Ponedjeljak, 18. travnja, 18.30 h &#8211; Gradska knji\u017enica Senj \u2013 Otvorenje izlo\u017ebe U prolazu umjetnice Ines Prpi\u0107 &#8211; organizator Gradska knji\u017enica Senj &nbsp; Srijeda, 20. travnja, 10 h &#8211; Gradska knji\u017enica Senj \u2013 Bura znanja-edukacijska radionica za djecu &#8211; organizatori Gradska knji\u017enica Senj i Dje\u010dji vrti\u0107 Travica &nbsp; Petak, 22. travnja, 18-01 h &#8211; [&hellip;]\" \/>\n<meta property=\"og:url\" content=\"https:\/\/knjiznice.nsk.hr\/senj\/gradska-knjiznica-senj-program-dogadanja-povodom-proslave-dana-grada-senja-2016-g\/\" \/>\n<meta property=\"og:site_name\" content=\"Gradska knji\u017enica Senj\" \/>\n<meta property=\"article:publisher\" content=\"http:\/\/facebook.com\/Gradska-knji%c5%benica-SENJ\" \/>\n<meta property=\"article:published_time\" content=\"2016-04-12T09:14:21+00:00\" \/>\n<meta property=\"og:image\" content=\"http:\/\/knjiznice.nsk.hr\/senj\/wp-content\/uploads\/sites\/60\/2016\/04\/zastava_max.jpg\" \/>\n\t<meta property=\"og:image:width\" content=\"400\" \/>\n\t<meta property=\"og:image:height\" content=\"201\" \/>\n<meta name=\"twitter:label1\" content=\"Procijenjeno vrijeme \u010ditanja\" \/>\n\t<meta name=\"twitter:data1\" content=\"1 minuta\" \/>\n<script type=\"application\/ld+json\" class=\"yoast-schema-graph\">{\"@context\":\"https:\/\/schema.org\",\"@graph\":[{\"@type\":\"WebSite\",\"@id\":\"https:\/\/knjiznice.nsk.hr\/senj\/#website\",\"url\":\"https:\/\/knjiznice.nsk.hr\/senj\/\",\"name\":\"Gradska knji\\u017enica Senj\",\"description\":\"S vama od 1835. godine\",\"potentialAction\":[{\"@type\":\"SearchAction\",\"target\":\"https:\/\/knjiznice.nsk.hr\/senj\/?s={search_term_string}\",\"query-input\":\"required name=search_term_string\"}],\"inLanguage\":\"hr\"},{\"@type\":\"ImageObject\",\"@id\":\"https:\/\/knjiznice.nsk.hr\/senj\/gradska-knjiznica-senj-program-dogadanja-povodom-proslave-dana-grada-senja-2016-g\/#primaryimage\",\"inLanguage\":\"hr\",\"url\":\"https:\/\/knjiznice.nsk.hr\/senj\/wp-content\/uploads\/sites\/60\/2016\/04\/zastava_max.jpg\",\"contentUrl\":\"https:\/\/knjiznice.nsk.hr\/senj\/wp-content\/uploads\/sites\/60\/2016\/04\/zastava_max.jpg\",\"width\":400,\"height\":201},{\"@type\":\"WebPage\",\"@id\":\"https:\/\/knjiznice.nsk.hr\/senj\/gradska-knjiznica-senj-program-dogadanja-povodom-proslave-dana-grada-senja-2016-g\/#webpage\",\"url\":\"https:\/\/knjiznice.nsk.hr\/senj\/gradska-knjiznica-senj-program-dogadanja-povodom-proslave-dana-grada-senja-2016-g\/\",\"name\":\"GRADSKA KNJI\\u017dNICA SENJ - PROGRAM DOGA\\u0110ANJA POVODOM PROSLAVE DANA GRADA SENJA 2016.g: - Gradska knji\\u017enica Senj\",\"isPartOf\":{\"@id\":\"https:\/\/knjiznice.nsk.hr\/senj\/#website\"},\"primaryImageOfPage\":{\"@id\":\"https:\/\/knjiznice.nsk.hr\/senj\/gradska-knjiznica-senj-program-dogadanja-povodom-proslave-dana-grada-senja-2016-g\/#primaryimage\"},\"datePublished\":\"2016-04-12T09:14:21+00:00\",\"dateModified\":\"2016-04-12T09:14:21+00:00\",\"author\":{\"@id\":\"https:\/\/knjiznice.nsk.hr\/senj\/#\/schema\/person\/c6b0893cdaca205d44fe2c322c042ac7\"},\"breadcrumb\":{\"@id\":\"https:\/\/knjiznice.nsk.hr\/senj\/gradska-knjiznica-senj-program-dogadanja-povodom-proslave-dana-grada-senja-2016-g\/#breadcrumb\"},\"inLanguage\":\"hr\",\"potentialAction\":[{\"@type\":\"ReadAction\",\"target\":[\"https:\/\/knjiznice.nsk.hr\/senj\/gradska-knjiznica-senj-program-dogadanja-povodom-proslave-dana-grada-senja-2016-g\/\"]}]},{\"@type\":\"BreadcrumbList\",\"@id\":\"https:\/\/knjiznice.nsk.hr\/senj\/gradska-knjiznica-senj-program-dogadanja-povodom-proslave-dana-grada-senja-2016-g\/#breadcrumb\",\"itemListElement\":[{\"@type\":\"ListItem\",\"position\":1,\"item\":{\"@type\":\"WebPage\",\"@id\":\"https:\/\/knjiznice.nsk.hr\/senj\/\",\"url\":\"https:\/\/knjiznice.nsk.hr\/senj\/\",\"name\":\"Po\\u010detna stranica\"}},{\"@type\":\"ListItem\",\"position\":2,\"item\":{\"@id\":\"https:\/\/knjiznice.nsk.hr\/senj\/gradska-knjiznica-senj-program-dogadanja-povodom-proslave-dana-grada-senja-2016-g\/#webpage\"}}]},{\"@type\":\"Person\",\"@id\":\"https:\/\/knjiznice.nsk.hr\/senj\/#\/schema\/person\/c6b0893cdaca205d44fe2c322c042ac7\",\"name\":\"senj\",\"image\":{\"@type\":\"ImageObject\",\"@id\":\"https:\/\/knjiznice.nsk.hr\/senj\/#personlogo\",\"inLanguage\":\"hr\",\"url\":\"https:\/\/secure.gravatar.com\/avatar\/b00e8e1a99b5ba41772fe68c6bcfd17c?s=96&d=mm&r=g\",\"contentUrl\":\"https:\/\/secure.gravatar.com\/avatar\/b00e8e1a99b5ba41772fe68c6bcfd17c?s=96&d=mm&r=g\",\"caption\":\"senj\"}}]}<\/script>\n<!-- \/ Yoast SEO plugin. -->","_links":{"self":[{"href":"https:\/\/knjiznice.nsk.hr\/senj\/wp-json\/wp\/v2\/posts\/623"}],"collection":[{"href":"https:\/\/knjiznice.nsk.hr\/senj\/wp-json\/wp\/v2\/posts"}],"about":[{"href":"https:\/\/knjiznice.nsk.hr\/senj\/wp-json\/wp\/v2\/types\/post"}],"author":[{"embeddable":true,"href":"https:\/\/knjiznice.nsk.hr\/senj\/wp-json\/wp\/v2\/users\/58"}],"replies":[{"embeddable":true,"href":"https:\/\/knjiznice.nsk.hr\/senj\/wp-json\/wp\/v2\/comments?post=623"}],"version-history":[{"count":1,"href":"https:\/\/knjiznice.nsk.hr\/senj\/wp-json\/wp\/v2\/posts\/623\/revisions"}],"predecessor-version":[{"id":625,"href":"https:\/\/knjiznice.nsk.hr\/senj\/wp-json\/wp\/v2\/posts\/623\/revisions\/625"}],"wp:featuredmedia":[{"embeddable":true,"href":"https:\/\/knjiznice.nsk.hr\/senj\/wp-json\/wp\/v2\/media\/624"}],"wp:attachment":[{"href":"https:\/\/knjiznice.nsk.hr\/senj\/wp-json\/wp\/v2\/media?parent=623"}],"wp:term":[{"taxonomy":"category","embeddable":true,"href":"https:\/\/knjiznice.nsk.hr\/senj\/wp-json\/wp\/v2\/categories?post=623"},{"taxonomy":"post_tag","embeddable":true,"href":"https:\/\/knjiznice.nsk.hr\/senj\/wp-json\/wp\/v2\/tags?post=623"}],"curies":[{"name":"wp","href":"https:\/\/api.w.org\/{rel}","templated":true}]}}