{"id":610,"date":"2016-03-24T14:10:58","date_gmt":"2016-03-24T14:10:58","guid":{"rendered":"http:\/\/knjiznice.nsk.hr\/senj\/?p=610"},"modified":"2016-03-24T14:10:58","modified_gmt":"2016-03-24T14:10:58","slug":"odrzana-nova-biblioterapijska-radionica","status":"publish","type":"post","link":"https:\/\/knjiznice.nsk.hr\/senj\/odrzana-nova-biblioterapijska-radionica\/","title":{"rendered":"ODR\u017dANA NOVA BIBLIOTERAPIJSKA RADIONICA"},"content":{"rendered":"<p>U utorak, 22. o\u017eujka s po\u010detkom u pola 6 dne odr\u017eana je u senjskoj knji\u017enici nova biblioterapijska radionica vrlo zanimljive i aktualne tematike- <em>Uloga dana\u0161njih o\u010deva u trudno\u0107i, porodu i odgoju djece<\/em>. Radionicu su odr\u017eali psiholog Obiteljskog centra Senj Danko Butorac i knji\u017eni\u010darka Ana Prpi\u0107 Rogi\u0107. Kroz powerpoint prezentaciju, prijedloge za \u010ditanje i razgovor dati su odgovori na interesantna pitanja:<\/p>\n<ul>\n<li>Jesu li dana\u0161nji o\u010devi druga\u010diji od onih prije 30 godina?<\/li>\n<li>Kako rana uklju\u010denost oca mo\u017ee utjecati na razvoj djeteta?<\/li>\n<li>\u0160to \u017eena treba od partnera za vrijeme trudno\u0107e, poroda i roditeljstva?<\/li>\n<li>Za\u0161to je va\u017eno da je otac aktivno uklju\u010den u cijelom procesu?<\/li>\n<li>Jesu li o\u010devi koji sudjeluju u odgoju manje mu\u0161karci?<\/li>\n<li>\u0160to o\u010devi \u010desto ne znaju o trudno\u0107i i dojena\u0161tvu?<\/li>\n<li>Koje su prednosti rane uklju\u010denosti oba roditelja?<\/li>\n<\/ul>\n<p>Kroz edukaciju i dru\u017eenje najve\u0107i je naglasak stavljen na prednosti rane uklju\u010denosti i op\u0107enito anga\u017eiranosti oca u odgoju djeteta. Okupljeni su dobili pregr\u0161t savjeta kako mame i tate mogu podijeliti i teret i radost roditeljstva i u\u017eivati u njemu.<\/p>\n<p>&nbsp;<\/p>\n","protected":false},"excerpt":{"rendered":"<p>U utorak, 22. o\u017eujka s po\u010detkom u pola 6 dne odr\u017eana je u senjskoj knji\u017enici nova biblioterapijska radionica vrlo zanimljive i aktualne tematike- Uloga dana\u0161njih o\u010deva u trudno\u0107i, porodu i odgoju djece. Radionicu su odr\u017eali psiholog Obiteljskog centra Senj Danko Butorac i knji\u017eni\u010darka Ana Prpi\u0107 Rogi\u0107. Kroz powerpoint prezentaciju, prijedloge za \u010ditanje i razgovor dati [&hellip;]<\/p>\n","protected":false},"author":58,"featured_media":611,"comment_status":"closed","ping_status":"closed","sticky":false,"template":"","format":"standard","meta":{"ngg_post_thumbnail":0},"categories":[8],"tags":[],"yoast_head":"<!-- This site is optimized with the Yoast SEO plugin v16.4 - https:\/\/yoast.com\/wordpress\/plugins\/seo\/ -->\n<meta name=\"robots\" content=\"index, follow, max-snippet:-1, max-image-preview:large, max-video-preview:-1\" \/>\n<link rel=\"canonical\" href=\"https:\/\/knjiznice.nsk.hr\/senj\/odrzana-nova-biblioterapijska-radionica\/\" \/>\n<meta property=\"og:locale\" content=\"hr_HR\" \/>\n<meta property=\"og:type\" content=\"article\" \/>\n<meta property=\"og:title\" content=\"ODR\u017dANA NOVA BIBLIOTERAPIJSKA RADIONICA - Gradska knji\u017enica Senj\" \/>\n<meta property=\"og:description\" content=\"U utorak, 22. o\u017eujka s po\u010detkom u pola 6 dne odr\u017eana je u senjskoj knji\u017enici nova biblioterapijska radionica vrlo zanimljive i aktualne tematike- Uloga dana\u0161njih o\u010deva u trudno\u0107i, porodu i odgoju djece. Radionicu su odr\u017eali psiholog Obiteljskog centra Senj Danko Butorac i knji\u017eni\u010darka Ana Prpi\u0107 Rogi\u0107. Kroz powerpoint prezentaciju, prijedloge za \u010ditanje i razgovor dati [&hellip;]\" \/>\n<meta property=\"og:url\" content=\"https:\/\/knjiznice.nsk.hr\/senj\/odrzana-nova-biblioterapijska-radionica\/\" \/>\n<meta property=\"og:site_name\" content=\"Gradska knji\u017enica Senj\" \/>\n<meta property=\"article:publisher\" content=\"http:\/\/facebook.com\/Gradska-knji%c5%benica-SENJ\" \/>\n<meta property=\"article:published_time\" content=\"2016-03-24T14:10:58+00:00\" \/>\n<meta property=\"og:image\" content=\"http:\/\/knjiznice.nsk.hr\/senj\/wp-content\/uploads\/sites\/60\/2016\/03\/IMG_1581.jpg\" \/>\n\t<meta property=\"og:image:width\" content=\"465\" \/>\n\t<meta property=\"og:image:height\" content=\"300\" \/>\n<meta name=\"twitter:label1\" content=\"Procijenjeno vrijeme \u010ditanja\" \/>\n\t<meta name=\"twitter:data1\" content=\"1 minuta\" \/>\n<script type=\"application\/ld+json\" class=\"yoast-schema-graph\">{\"@context\":\"https:\/\/schema.org\",\"@graph\":[{\"@type\":\"WebSite\",\"@id\":\"http:\/\/knjiznice.nsk.hr\/senj\/#website\",\"url\":\"http:\/\/knjiznice.nsk.hr\/senj\/\",\"name\":\"Gradska knji\\u017enica Senj\",\"description\":\"S vama od 1835. godine\",\"potentialAction\":[{\"@type\":\"SearchAction\",\"target\":\"http:\/\/knjiznice.nsk.hr\/senj\/?s={search_term_string}\",\"query-input\":\"required name=search_term_string\"}],\"inLanguage\":\"hr\"},{\"@type\":\"ImageObject\",\"@id\":\"https:\/\/knjiznice.nsk.hr\/senj\/odrzana-nova-biblioterapijska-radionica\/#primaryimage\",\"inLanguage\":\"hr\",\"url\":\"https:\/\/knjiznice.nsk.hr\/senj\/wp-content\/uploads\/sites\/60\/2016\/03\/IMG_1581.jpg\",\"contentUrl\":\"https:\/\/knjiznice.nsk.hr\/senj\/wp-content\/uploads\/sites\/60\/2016\/03\/IMG_1581.jpg\",\"width\":465,\"height\":300},{\"@type\":\"WebPage\",\"@id\":\"https:\/\/knjiznice.nsk.hr\/senj\/odrzana-nova-biblioterapijska-radionica\/#webpage\",\"url\":\"https:\/\/knjiznice.nsk.hr\/senj\/odrzana-nova-biblioterapijska-radionica\/\",\"name\":\"ODR\\u017dANA NOVA BIBLIOTERAPIJSKA RADIONICA - Gradska knji\\u017enica Senj\",\"isPartOf\":{\"@id\":\"http:\/\/knjiznice.nsk.hr\/senj\/#website\"},\"primaryImageOfPage\":{\"@id\":\"https:\/\/knjiznice.nsk.hr\/senj\/odrzana-nova-biblioterapijska-radionica\/#primaryimage\"},\"datePublished\":\"2016-03-24T14:10:58+00:00\",\"dateModified\":\"2016-03-24T14:10:58+00:00\",\"author\":{\"@id\":\"http:\/\/knjiznice.nsk.hr\/senj\/#\/schema\/person\/c6b0893cdaca205d44fe2c322c042ac7\"},\"breadcrumb\":{\"@id\":\"https:\/\/knjiznice.nsk.hr\/senj\/odrzana-nova-biblioterapijska-radionica\/#breadcrumb\"},\"inLanguage\":\"hr\",\"potentialAction\":[{\"@type\":\"ReadAction\",\"target\":[\"https:\/\/knjiznice.nsk.hr\/senj\/odrzana-nova-biblioterapijska-radionica\/\"]}]},{\"@type\":\"BreadcrumbList\",\"@id\":\"https:\/\/knjiznice.nsk.hr\/senj\/odrzana-nova-biblioterapijska-radionica\/#breadcrumb\",\"itemListElement\":[{\"@type\":\"ListItem\",\"position\":1,\"item\":{\"@type\":\"WebPage\",\"@id\":\"http:\/\/knjiznice.nsk.hr\/senj\/\",\"url\":\"http:\/\/knjiznice.nsk.hr\/senj\/\",\"name\":\"Po\\u010detna stranica\"}},{\"@type\":\"ListItem\",\"position\":2,\"item\":{\"@id\":\"https:\/\/knjiznice.nsk.hr\/senj\/odrzana-nova-biblioterapijska-radionica\/#webpage\"}}]},{\"@type\":\"Person\",\"@id\":\"http:\/\/knjiznice.nsk.hr\/senj\/#\/schema\/person\/c6b0893cdaca205d44fe2c322c042ac7\",\"name\":\"senj\",\"image\":{\"@type\":\"ImageObject\",\"@id\":\"http:\/\/knjiznice.nsk.hr\/senj\/#personlogo\",\"inLanguage\":\"hr\",\"url\":\"https:\/\/secure.gravatar.com\/avatar\/b00e8e1a99b5ba41772fe68c6bcfd17c?s=96&d=mm&r=g\",\"contentUrl\":\"https:\/\/secure.gravatar.com\/avatar\/b00e8e1a99b5ba41772fe68c6bcfd17c?s=96&d=mm&r=g\",\"caption\":\"senj\"}}]}<\/script>\n<!-- \/ Yoast SEO plugin. -->","_links":{"self":[{"href":"https:\/\/knjiznice.nsk.hr\/senj\/wp-json\/wp\/v2\/posts\/610"}],"collection":[{"href":"https:\/\/knjiznice.nsk.hr\/senj\/wp-json\/wp\/v2\/posts"}],"about":[{"href":"https:\/\/knjiznice.nsk.hr\/senj\/wp-json\/wp\/v2\/types\/post"}],"author":[{"embeddable":true,"href":"https:\/\/knjiznice.nsk.hr\/senj\/wp-json\/wp\/v2\/users\/58"}],"replies":[{"embeddable":true,"href":"https:\/\/knjiznice.nsk.hr\/senj\/wp-json\/wp\/v2\/comments?post=610"}],"version-history":[{"count":1,"href":"https:\/\/knjiznice.nsk.hr\/senj\/wp-json\/wp\/v2\/posts\/610\/revisions"}],"predecessor-version":[{"id":612,"href":"https:\/\/knjiznice.nsk.hr\/senj\/wp-json\/wp\/v2\/posts\/610\/revisions\/612"}],"wp:featuredmedia":[{"embeddable":true,"href":"https:\/\/knjiznice.nsk.hr\/senj\/wp-json\/wp\/v2\/media\/611"}],"wp:attachment":[{"href":"https:\/\/knjiznice.nsk.hr\/senj\/wp-json\/wp\/v2\/media?parent=610"}],"wp:term":[{"taxonomy":"category","embeddable":true,"href":"https:\/\/knjiznice.nsk.hr\/senj\/wp-json\/wp\/v2\/categories?post=610"},{"taxonomy":"post_tag","embeddable":true,"href":"https:\/\/knjiznice.nsk.hr\/senj\/wp-json\/wp\/v2\/tags?post=610"}],"curies":[{"name":"wp","href":"https:\/\/api.w.org\/{rel}","templated":true}]}}