{"id":600,"date":"2016-03-16T15:46:12","date_gmt":"2016-03-16T15:46:12","guid":{"rendered":"http:\/\/knjiznice.nsk.hr\/senj\/?p=600"},"modified":"2016-03-16T15:46:12","modified_gmt":"2016-03-16T15:46:12","slug":"obiljezen-medunarodni-dan-borbe-protiv-rasne-diskriminacije","status":"publish","type":"post","link":"https:\/\/knjiznice.nsk.hr\/senj\/obiljezen-medunarodni-dan-borbe-protiv-rasne-diskriminacije\/","title":{"rendered":"OBILJE\u017dEN ME\u0110UNARODNI DAN BORBE PROTIV RASNE DISKRIMINACIJE"},"content":{"rendered":"<p>&nbsp;<\/p>\n<p>Ovaj tjedan je Gradska knji\u017enica Senj u suradnji sa Srednjom \u0161kolom Pavla R.Vitezovi\u0107a Senj obilje\u017eila <em>Me\u0111unarodni dan borbe protiv rasne diskriminacije<\/em>. O\u017eujak je mjesec kada se cijeli svijet intenzivno prisje\u0107a \u017ertava rasizma i rasisti\u010dkih anti\u010dovje\u010dnih re\u017eima. I knji\u017enica se odlu\u010dila priklju\u010diti tom obilje\u017eavanju, a na taj na\u010din nastavlja i dobru praksu edukacijskih programa za na\u0161e srednjo\u0161kolce koja je uvedena jo\u0161 lani obradom teme holokausta.<\/p>\n<p>Na takvim susretima uvijek je naglasak na \u017eivotnim temama kojima se \u017eeli mlade podsjetiti i uputiti na prave \u017eivotne vrijednosti. Odli\u010dnu suradnju u tom smislu Knji\u017enica ostvaruje s profesorom povijesti senjske gimnazije Silvijem \u0160ojatom s kojim planira dogodine ve\u0107 i nove projekte i kojemu se zahvaljuje na susretljivosti i uvijek dobroj suradnji.<\/p>\n<p>Dru\u017eenje i edukacija antirasisti\u010dke tematike osmi\u0161ljena je kao predavanje, ali i kao razgovor u koji su se mladi aktivno uklju\u010divali, a to je dobar pokazatelj da su se zainteresirali i senzibilizirali za temu. Predavao je prof. Silvije \u0160ojat i prof. Ana Prpi\u0107 Rogi\u0107.<\/p>\n<p>Kroz izlaganja mladi su upoznati s pojmom rasizma i na\u010dinima borbe protiv istoga te ih se podsjetilo na momente u povijesti kada je rasizam uzimao danak \u010dovje\u010danstvu, ali i na ponosne trenutke kada se kalila ljudska sloboda i prava svih ljudi. Pripremljeni su za njih i edukativni panoi na kojima su izlo\u017eeni \u010dlanci o rasizmu koji dokazuju da on jo\u0161 nije, na\u017ealost,\u00a0 ni dan-danas iskorijenjen. Pripremljene su za srednjo\u0161kolce i preporuke knjiga i filmova na ovu temu. Po\u017eeljno je da takve sadr\u017eaje gledaju odnosno \u010ditaju kako bi uvidjeli svu apsurdnost rasisti\u010dkih ideja i razvili empatiju prema \u017ertvama rasizma.<\/p>\n<p>Najve\u0107i cilj ovog dru\u017eenja bio je prenijeti mladima poruku da je rasizam zlo te da trebaju sve ljude po\u0161tivati i prihva\u0107ati u svim njihovim razli\u010ditostima jer svi ljudi moraju imati jednaka prava i jednake \u0161anse u ovome svijetu. Nitko ne smije biti ugnjetavan zato jer je druga\u010diji od ve\u0107ine. Nedopustivo je da ljudi ispa\u0161taju ili su zakinuti zbog boje svoje ko\u017ee, ali i po bilo kojoj drugoj osnovi-zbog spola, seksualne orijentacije, nacionalnosti, vjere. Ako njegujemo svoju ljudskost, onda \u0107emo se uvijek prema drugim ljudima pona\u0161ati onako kako treba-ljudski. Zato je svaka poruka mladima u tom smislu zlata vrijedna jer na njima svijet ostaje.<\/p>\n","protected":false},"excerpt":{"rendered":"<p>&nbsp; Ovaj tjedan je Gradska knji\u017enica Senj u suradnji sa Srednjom \u0161kolom Pavla R.Vitezovi\u0107a Senj obilje\u017eila Me\u0111unarodni dan borbe protiv rasne diskriminacije. O\u017eujak je mjesec kada se cijeli svijet intenzivno prisje\u0107a \u017ertava rasizma i rasisti\u010dkih anti\u010dovje\u010dnih re\u017eima. I knji\u017enica se odlu\u010dila priklju\u010diti tom obilje\u017eavanju, a na taj na\u010din nastavlja i dobru praksu edukacijskih programa za [&hellip;]<\/p>\n","protected":false},"author":58,"featured_media":601,"comment_status":"closed","ping_status":"closed","sticky":false,"template":"","format":"standard","meta":{"ngg_post_thumbnail":0},"categories":[8],"tags":[],"yoast_head":"<!-- This site is optimized with the Yoast SEO plugin v16.4 - https:\/\/yoast.com\/wordpress\/plugins\/seo\/ -->\n<meta name=\"robots\" content=\"index, follow, max-snippet:-1, max-image-preview:large, max-video-preview:-1\" \/>\n<link rel=\"canonical\" href=\"https:\/\/knjiznice.nsk.hr\/senj\/obiljezen-medunarodni-dan-borbe-protiv-rasne-diskriminacije\/\" \/>\n<meta property=\"og:locale\" content=\"hr_HR\" \/>\n<meta property=\"og:type\" content=\"article\" \/>\n<meta property=\"og:title\" content=\"OBILJE\u017dEN ME\u0110UNARODNI DAN BORBE PROTIV RASNE DISKRIMINACIJE - Gradska knji\u017enica Senj\" \/>\n<meta property=\"og:description\" content=\"&nbsp; Ovaj tjedan je Gradska knji\u017enica Senj u suradnji sa Srednjom \u0161kolom Pavla R.Vitezovi\u0107a Senj obilje\u017eila Me\u0111unarodni dan borbe protiv rasne diskriminacije. O\u017eujak je mjesec kada se cijeli svijet intenzivno prisje\u0107a \u017ertava rasizma i rasisti\u010dkih anti\u010dovje\u010dnih re\u017eima. I knji\u017enica se odlu\u010dila priklju\u010diti tom obilje\u017eavanju, a na taj na\u010din nastavlja i dobru praksu edukacijskih programa za [&hellip;]\" \/>\n<meta property=\"og:url\" content=\"https:\/\/knjiznice.nsk.hr\/senj\/obiljezen-medunarodni-dan-borbe-protiv-rasne-diskriminacije\/\" \/>\n<meta property=\"og:site_name\" content=\"Gradska knji\u017enica Senj\" \/>\n<meta property=\"article:publisher\" content=\"http:\/\/facebook.com\/Gradska-knji%c5%benica-SENJ\" \/>\n<meta property=\"article:published_time\" content=\"2016-03-16T15:46:12+00:00\" \/>\n<meta property=\"og:image\" content=\"http:\/\/knjiznice.nsk.hr\/senj\/wp-content\/uploads\/sites\/60\/2016\/03\/IMG_1540.jpg\" \/>\n\t<meta property=\"og:image:width\" content=\"400\" \/>\n\t<meta property=\"og:image:height\" content=\"300\" \/>\n<meta name=\"twitter:label1\" content=\"Procijenjeno vrijeme \u010ditanja\" \/>\n\t<meta name=\"twitter:data1\" content=\"2 minute\" \/>\n<script type=\"application\/ld+json\" class=\"yoast-schema-graph\">{\"@context\":\"https:\/\/schema.org\",\"@graph\":[{\"@type\":\"WebSite\",\"@id\":\"https:\/\/knjiznice.nsk.hr\/senj\/#website\",\"url\":\"https:\/\/knjiznice.nsk.hr\/senj\/\",\"name\":\"Gradska knji\\u017enica Senj\",\"description\":\"S vama od 1835. godine\",\"potentialAction\":[{\"@type\":\"SearchAction\",\"target\":\"https:\/\/knjiznice.nsk.hr\/senj\/?s={search_term_string}\",\"query-input\":\"required name=search_term_string\"}],\"inLanguage\":\"hr\"},{\"@type\":\"ImageObject\",\"@id\":\"https:\/\/knjiznice.nsk.hr\/senj\/obiljezen-medunarodni-dan-borbe-protiv-rasne-diskriminacije\/#primaryimage\",\"inLanguage\":\"hr\",\"url\":\"https:\/\/knjiznice.nsk.hr\/senj\/wp-content\/uploads\/sites\/60\/2016\/03\/IMG_1540.jpg\",\"contentUrl\":\"https:\/\/knjiznice.nsk.hr\/senj\/wp-content\/uploads\/sites\/60\/2016\/03\/IMG_1540.jpg\",\"width\":400,\"height\":300},{\"@type\":\"WebPage\",\"@id\":\"https:\/\/knjiznice.nsk.hr\/senj\/obiljezen-medunarodni-dan-borbe-protiv-rasne-diskriminacije\/#webpage\",\"url\":\"https:\/\/knjiznice.nsk.hr\/senj\/obiljezen-medunarodni-dan-borbe-protiv-rasne-diskriminacije\/\",\"name\":\"OBILJE\\u017dEN ME\\u0110UNARODNI DAN BORBE PROTIV RASNE DISKRIMINACIJE - Gradska knji\\u017enica Senj\",\"isPartOf\":{\"@id\":\"https:\/\/knjiznice.nsk.hr\/senj\/#website\"},\"primaryImageOfPage\":{\"@id\":\"https:\/\/knjiznice.nsk.hr\/senj\/obiljezen-medunarodni-dan-borbe-protiv-rasne-diskriminacije\/#primaryimage\"},\"datePublished\":\"2016-03-16T15:46:12+00:00\",\"dateModified\":\"2016-03-16T15:46:12+00:00\",\"author\":{\"@id\":\"https:\/\/knjiznice.nsk.hr\/senj\/#\/schema\/person\/c6b0893cdaca205d44fe2c322c042ac7\"},\"breadcrumb\":{\"@id\":\"https:\/\/knjiznice.nsk.hr\/senj\/obiljezen-medunarodni-dan-borbe-protiv-rasne-diskriminacije\/#breadcrumb\"},\"inLanguage\":\"hr\",\"potentialAction\":[{\"@type\":\"ReadAction\",\"target\":[\"https:\/\/knjiznice.nsk.hr\/senj\/obiljezen-medunarodni-dan-borbe-protiv-rasne-diskriminacije\/\"]}]},{\"@type\":\"BreadcrumbList\",\"@id\":\"https:\/\/knjiznice.nsk.hr\/senj\/obiljezen-medunarodni-dan-borbe-protiv-rasne-diskriminacije\/#breadcrumb\",\"itemListElement\":[{\"@type\":\"ListItem\",\"position\":1,\"item\":{\"@type\":\"WebPage\",\"@id\":\"https:\/\/knjiznice.nsk.hr\/senj\/\",\"url\":\"https:\/\/knjiznice.nsk.hr\/senj\/\",\"name\":\"Po\\u010detna stranica\"}},{\"@type\":\"ListItem\",\"position\":2,\"item\":{\"@id\":\"https:\/\/knjiznice.nsk.hr\/senj\/obiljezen-medunarodni-dan-borbe-protiv-rasne-diskriminacije\/#webpage\"}}]},{\"@type\":\"Person\",\"@id\":\"https:\/\/knjiznice.nsk.hr\/senj\/#\/schema\/person\/c6b0893cdaca205d44fe2c322c042ac7\",\"name\":\"senj\",\"image\":{\"@type\":\"ImageObject\",\"@id\":\"https:\/\/knjiznice.nsk.hr\/senj\/#personlogo\",\"inLanguage\":\"hr\",\"url\":\"https:\/\/secure.gravatar.com\/avatar\/b00e8e1a99b5ba41772fe68c6bcfd17c?s=96&d=mm&r=g\",\"contentUrl\":\"https:\/\/secure.gravatar.com\/avatar\/b00e8e1a99b5ba41772fe68c6bcfd17c?s=96&d=mm&r=g\",\"caption\":\"senj\"}}]}<\/script>\n<!-- \/ Yoast SEO plugin. -->","_links":{"self":[{"href":"https:\/\/knjiznice.nsk.hr\/senj\/wp-json\/wp\/v2\/posts\/600"}],"collection":[{"href":"https:\/\/knjiznice.nsk.hr\/senj\/wp-json\/wp\/v2\/posts"}],"about":[{"href":"https:\/\/knjiznice.nsk.hr\/senj\/wp-json\/wp\/v2\/types\/post"}],"author":[{"embeddable":true,"href":"https:\/\/knjiznice.nsk.hr\/senj\/wp-json\/wp\/v2\/users\/58"}],"replies":[{"embeddable":true,"href":"https:\/\/knjiznice.nsk.hr\/senj\/wp-json\/wp\/v2\/comments?post=600"}],"version-history":[{"count":1,"href":"https:\/\/knjiznice.nsk.hr\/senj\/wp-json\/wp\/v2\/posts\/600\/revisions"}],"predecessor-version":[{"id":602,"href":"https:\/\/knjiznice.nsk.hr\/senj\/wp-json\/wp\/v2\/posts\/600\/revisions\/602"}],"wp:featuredmedia":[{"embeddable":true,"href":"https:\/\/knjiznice.nsk.hr\/senj\/wp-json\/wp\/v2\/media\/601"}],"wp:attachment":[{"href":"https:\/\/knjiznice.nsk.hr\/senj\/wp-json\/wp\/v2\/media?parent=600"}],"wp:term":[{"taxonomy":"category","embeddable":true,"href":"https:\/\/knjiznice.nsk.hr\/senj\/wp-json\/wp\/v2\/categories?post=600"},{"taxonomy":"post_tag","embeddable":true,"href":"https:\/\/knjiznice.nsk.hr\/senj\/wp-json\/wp\/v2\/tags?post=600"}],"curies":[{"name":"wp","href":"https:\/\/api.w.org\/{rel}","templated":true}]}}