{"id":565,"date":"2016-01-29T07:09:40","date_gmt":"2016-01-29T07:09:40","guid":{"rendered":"http:\/\/knjiznice.nsk.hr\/senj\/?p=565"},"modified":"2016-01-29T07:09:40","modified_gmt":"2016-01-29T07:09:40","slug":"biblioterapijska-radionica-kontrola-i-samokontrola","status":"publish","type":"post","link":"https:\/\/knjiznice.nsk.hr\/senj\/biblioterapijska-radionica-kontrola-i-samokontrola\/","title":{"rendered":"BIBLIOTERAPIJSKA RADIONICA-KONTROLA I SAMOKONTROLA"},"content":{"rendered":"<p>Po\u010detkom 2016. godine u\u0161li smo u 4. godinu postojanja biblioterapijskih radionica koje se odr\u017eavaju u organizaciji Gradske knji\u017enice Senj i Obiteljskog centra Senj. Kao i svih ovih godina cilj nam je kroz radionice obra\u0111ivati aktualne i zanimljive teme koje su od koristi na\u0161im posjetiteljima. Po\u010detna ideja vidi se u samom nazivu-biblioterapijske radionice-biblos-knjiga, terapija\u2014lijek, pomo\u0107..dakle, knjiga kao lijek. Cilj nam<span class=\"text_exposed_show\"> je bio ponuditi knjigu i literaturu kao pomo\u0107 u rje\u0161avanju raznih problema, a sve potpomognuto stru\u010dnim savjetom i mi\u0161ljenjem psihologa Obiteljskog centra profesora Danka Butorca. Radionice odr\u017eavamo u senjskoj knji\u017enici, a \u010desto i u ogranku Sveti Juraj. Atmosfera je uvijek intimna i ugodna, a predavanja zanimljiva, konstruktivna i interaktivna, uz pregr\u0161t savjeta i od nas knji\u017eni\u010dara i od psihologa Butorca.<br \/>\nBudu\u0107i da sva doga\u0111anja pa tako i ovo organiziramo zbog na\u0161ih gra\u0111ana, \u010desto ih i anketiramo kako bismo osluhnuli njihove \u017eelje i udovoljili njihovim zahtjevima. Tako smo i ovaj put proveli usmenu i web anketu u kojoj smo cijenjenim gra\u0111anima ponudili tri zanimljive teme na izbor, a oni su glasanjem odlu\u010dili koju obraditi na novoj radionici.<br \/>\nNa\u0161i glasa\u010di odlu\u010dili su se za vrlo interesantnu i \u0161iroku temu Kontrola i samokontrola, a radionica i dru\u017eenje odr\u017eali su se u \u010detvrtak, 28. sije\u010dnja 2016. godine u Gradskoj knji\u017enici Senj u popodnevnim satima. Psiholog Danko iznio je zanimljivu powerpoint prezentaciju, a knji\u017eni\u010darka Prpi\u0107 Rogi\u0107 predstavila je naslove iz fonda Knji\u017enice koji se ve\u017eu za ovu temu i mogu \u010ditateljima pomo\u0107i u razumijevanju doti\u010dne tematike. Radionica je pomogla u rasvjetljavanju mnogih pitanja, primjerice: Jeste li control freak? Kada i kako mi mo\u017eemo kontrolirati druge?Je li mogu\u0107e kontrolirati svoje pona\u0161anje, djecu, djelatnike?Kada je kontrola po\u017eeljna, a kada nam zagor\u010dava \u017eivot? \u2026i mnogih drugih. Posjetitelji su se rado uklju\u010divali u razgovor pitanjima, anegdotama i opaskama te aktivno sudjelovali u radionici, \u0161to nas jako veseli. Zajedni\u010dkim snagama iznjedrili smo mnoge korisne i afirmativne zaklju\u010dke koji \u0107e nam pomo\u0107i u svakodnevnom \u017eivotu i radu.<br \/>\nHvala svima na dolasku i suradnji i veselimo se novim susretima.<\/span><\/p>\n","protected":false},"excerpt":{"rendered":"<p>Po\u010detkom 2016. godine u\u0161li smo u 4. godinu postojanja biblioterapijskih radionica koje se odr\u017eavaju u organizaciji Gradske knji\u017enice Senj i Obiteljskog centra Senj. Kao i svih ovih godina cilj nam je kroz radionice obra\u0111ivati aktualne i zanimljive teme koje su od koristi na\u0161im posjetiteljima. Po\u010detna ideja vidi se u samom nazivu-biblioterapijske radionice-biblos-knjiga, terapija\u2014lijek, pomo\u0107..dakle, knjiga [&hellip;]<\/p>\n","protected":false},"author":58,"featured_media":566,"comment_status":"closed","ping_status":"closed","sticky":false,"template":"","format":"standard","meta":{"ngg_post_thumbnail":0},"categories":[8],"tags":[],"yoast_head":"<!-- This site is optimized with the Yoast SEO plugin v16.4 - https:\/\/yoast.com\/wordpress\/plugins\/seo\/ -->\n<meta name=\"robots\" content=\"index, follow, max-snippet:-1, max-image-preview:large, max-video-preview:-1\" \/>\n<link rel=\"canonical\" href=\"https:\/\/knjiznice.nsk.hr\/senj\/biblioterapijska-radionica-kontrola-i-samokontrola\/\" \/>\n<meta property=\"og:locale\" content=\"hr_HR\" \/>\n<meta property=\"og:type\" content=\"article\" \/>\n<meta property=\"og:title\" content=\"BIBLIOTERAPIJSKA RADIONICA-KONTROLA I SAMOKONTROLA - Gradska knji\u017enica Senj\" \/>\n<meta property=\"og:description\" content=\"Po\u010detkom 2016. godine u\u0161li smo u 4. godinu postojanja biblioterapijskih radionica koje se odr\u017eavaju u organizaciji Gradske knji\u017enice Senj i Obiteljskog centra Senj. Kao i svih ovih godina cilj nam je kroz radionice obra\u0111ivati aktualne i zanimljive teme koje su od koristi na\u0161im posjetiteljima. Po\u010detna ideja vidi se u samom nazivu-biblioterapijske radionice-biblos-knjiga, terapija\u2014lijek, pomo\u0107..dakle, knjiga [&hellip;]\" \/>\n<meta property=\"og:url\" content=\"https:\/\/knjiznice.nsk.hr\/senj\/biblioterapijska-radionica-kontrola-i-samokontrola\/\" \/>\n<meta property=\"og:site_name\" content=\"Gradska knji\u017enica Senj\" \/>\n<meta property=\"article:publisher\" content=\"http:\/\/facebook.com\/Gradska-knji%c5%benica-SENJ\" \/>\n<meta property=\"article:published_time\" content=\"2016-01-29T07:09:40+00:00\" \/>\n<meta property=\"og:image\" content=\"http:\/\/knjiznice.nsk.hr\/senj\/wp-content\/uploads\/sites\/60\/2016\/01\/IMG_1484.jpg\" \/>\n\t<meta property=\"og:image:width\" content=\"400\" \/>\n\t<meta property=\"og:image:height\" content=\"300\" \/>\n<meta name=\"twitter:label1\" content=\"Procijenjeno vrijeme \u010ditanja\" \/>\n\t<meta name=\"twitter:data1\" content=\"2 minute\" \/>\n<script type=\"application\/ld+json\" class=\"yoast-schema-graph\">{\"@context\":\"https:\/\/schema.org\",\"@graph\":[{\"@type\":\"WebSite\",\"@id\":\"https:\/\/knjiznice.nsk.hr\/senj\/#website\",\"url\":\"https:\/\/knjiznice.nsk.hr\/senj\/\",\"name\":\"Gradska knji\\u017enica Senj\",\"description\":\"S vama od 1835. godine\",\"potentialAction\":[{\"@type\":\"SearchAction\",\"target\":\"https:\/\/knjiznice.nsk.hr\/senj\/?s={search_term_string}\",\"query-input\":\"required name=search_term_string\"}],\"inLanguage\":\"hr\"},{\"@type\":\"ImageObject\",\"@id\":\"https:\/\/knjiznice.nsk.hr\/senj\/biblioterapijska-radionica-kontrola-i-samokontrola\/#primaryimage\",\"inLanguage\":\"hr\",\"url\":\"https:\/\/knjiznice.nsk.hr\/senj\/wp-content\/uploads\/sites\/60\/2016\/01\/IMG_1484.jpg\",\"contentUrl\":\"https:\/\/knjiznice.nsk.hr\/senj\/wp-content\/uploads\/sites\/60\/2016\/01\/IMG_1484.jpg\",\"width\":400,\"height\":300},{\"@type\":\"WebPage\",\"@id\":\"https:\/\/knjiznice.nsk.hr\/senj\/biblioterapijska-radionica-kontrola-i-samokontrola\/#webpage\",\"url\":\"https:\/\/knjiznice.nsk.hr\/senj\/biblioterapijska-radionica-kontrola-i-samokontrola\/\",\"name\":\"BIBLIOTERAPIJSKA RADIONICA-KONTROLA I SAMOKONTROLA - Gradska knji\\u017enica Senj\",\"isPartOf\":{\"@id\":\"https:\/\/knjiznice.nsk.hr\/senj\/#website\"},\"primaryImageOfPage\":{\"@id\":\"https:\/\/knjiznice.nsk.hr\/senj\/biblioterapijska-radionica-kontrola-i-samokontrola\/#primaryimage\"},\"datePublished\":\"2016-01-29T07:09:40+00:00\",\"dateModified\":\"2016-01-29T07:09:40+00:00\",\"author\":{\"@id\":\"https:\/\/knjiznice.nsk.hr\/senj\/#\/schema\/person\/c6b0893cdaca205d44fe2c322c042ac7\"},\"breadcrumb\":{\"@id\":\"https:\/\/knjiznice.nsk.hr\/senj\/biblioterapijska-radionica-kontrola-i-samokontrola\/#breadcrumb\"},\"inLanguage\":\"hr\",\"potentialAction\":[{\"@type\":\"ReadAction\",\"target\":[\"https:\/\/knjiznice.nsk.hr\/senj\/biblioterapijska-radionica-kontrola-i-samokontrola\/\"]}]},{\"@type\":\"BreadcrumbList\",\"@id\":\"https:\/\/knjiznice.nsk.hr\/senj\/biblioterapijska-radionica-kontrola-i-samokontrola\/#breadcrumb\",\"itemListElement\":[{\"@type\":\"ListItem\",\"position\":1,\"item\":{\"@type\":\"WebPage\",\"@id\":\"https:\/\/knjiznice.nsk.hr\/senj\/\",\"url\":\"https:\/\/knjiznice.nsk.hr\/senj\/\",\"name\":\"Po\\u010detna stranica\"}},{\"@type\":\"ListItem\",\"position\":2,\"item\":{\"@id\":\"https:\/\/knjiznice.nsk.hr\/senj\/biblioterapijska-radionica-kontrola-i-samokontrola\/#webpage\"}}]},{\"@type\":\"Person\",\"@id\":\"https:\/\/knjiznice.nsk.hr\/senj\/#\/schema\/person\/c6b0893cdaca205d44fe2c322c042ac7\",\"name\":\"senj\",\"image\":{\"@type\":\"ImageObject\",\"@id\":\"https:\/\/knjiznice.nsk.hr\/senj\/#personlogo\",\"inLanguage\":\"hr\",\"url\":\"https:\/\/secure.gravatar.com\/avatar\/b00e8e1a99b5ba41772fe68c6bcfd17c?s=96&d=mm&r=g\",\"contentUrl\":\"https:\/\/secure.gravatar.com\/avatar\/b00e8e1a99b5ba41772fe68c6bcfd17c?s=96&d=mm&r=g\",\"caption\":\"senj\"}}]}<\/script>\n<!-- \/ Yoast SEO plugin. -->","_links":{"self":[{"href":"https:\/\/knjiznice.nsk.hr\/senj\/wp-json\/wp\/v2\/posts\/565"}],"collection":[{"href":"https:\/\/knjiznice.nsk.hr\/senj\/wp-json\/wp\/v2\/posts"}],"about":[{"href":"https:\/\/knjiznice.nsk.hr\/senj\/wp-json\/wp\/v2\/types\/post"}],"author":[{"embeddable":true,"href":"https:\/\/knjiznice.nsk.hr\/senj\/wp-json\/wp\/v2\/users\/58"}],"replies":[{"embeddable":true,"href":"https:\/\/knjiznice.nsk.hr\/senj\/wp-json\/wp\/v2\/comments?post=565"}],"version-history":[{"count":1,"href":"https:\/\/knjiznice.nsk.hr\/senj\/wp-json\/wp\/v2\/posts\/565\/revisions"}],"predecessor-version":[{"id":567,"href":"https:\/\/knjiznice.nsk.hr\/senj\/wp-json\/wp\/v2\/posts\/565\/revisions\/567"}],"wp:featuredmedia":[{"embeddable":true,"href":"https:\/\/knjiznice.nsk.hr\/senj\/wp-json\/wp\/v2\/media\/566"}],"wp:attachment":[{"href":"https:\/\/knjiznice.nsk.hr\/senj\/wp-json\/wp\/v2\/media?parent=565"}],"wp:term":[{"taxonomy":"category","embeddable":true,"href":"https:\/\/knjiznice.nsk.hr\/senj\/wp-json\/wp\/v2\/categories?post=565"},{"taxonomy":"post_tag","embeddable":true,"href":"https:\/\/knjiznice.nsk.hr\/senj\/wp-json\/wp\/v2\/tags?post=565"}],"curies":[{"name":"wp","href":"https:\/\/api.w.org\/{rel}","templated":true}]}}