{"id":536,"date":"2015-12-18T09:34:50","date_gmt":"2015-12-18T09:34:50","guid":{"rendered":"http:\/\/knjiznice.nsk.hr\/senj\/?p=536"},"modified":"2015-12-18T09:34:50","modified_gmt":"2015-12-18T09:34:50","slug":"zavrsile-knjiznicne-blagdanske-radionice","status":"publish","type":"post","link":"https:\/\/knjiznice.nsk.hr\/senj\/zavrsile-knjiznicne-blagdanske-radionice\/","title":{"rendered":"ZAVR\u0160ILE KNJI\u017dNI\u010cNE BLAGDANSKE RADIONICE"},"content":{"rendered":"<p>Ju\u010der, 17. prosinca je u Gradskoj knji\u017enici Senj odr\u017eana posljednja iz ciklusa knji\u017eni\u010dnih blagdanskih radionica na kojima su tri \u010detvrtka zaredom vrijedne dje\u010dje ru\u010dice izra\u0111ivale nakit za veliku senjsku jelku.<br \/>\nUz izradu nakita, svi zajedno smo slu\u0161ali bo\u017ei\u0107ne hitove, razgovarali i crtali na temu Bo\u017ei\u0107a te \u010ditali bo\u017ei\u0107ne pri\u010de.<br \/>\nZahvaljujemo svoj dje\u010dici i odraslima na dolasku i suradnji! Hvala Turisti\u010dkoj zajednici Grada Senja na odli\u010dnoj suradnji i podr\u0161ci!<br \/>\nVidimo se 19. prosinca u 10 sati kada \u0107emo svi zajedno okititi bo\u017ei\u0107nu jelku koja je postavljena u organizaciji Grada Senja i Turisti\u010dke zajednice Grada Senja na na\u0161em Potoku!!<\/p>\n","protected":false},"excerpt":{"rendered":"<p>Ju\u010der, 17. prosinca je u Gradskoj knji\u017enici Senj odr\u017eana posljednja iz ciklusa knji\u017eni\u010dnih blagdanskih radionica na kojima su tri \u010detvrtka zaredom vrijedne dje\u010dje ru\u010dice izra\u0111ivale nakit za veliku senjsku jelku. Uz izradu nakita, svi zajedno smo slu\u0161ali bo\u017ei\u0107ne hitove, razgovarali i crtali na temu Bo\u017ei\u0107a te \u010ditali bo\u017ei\u0107ne pri\u010de. Zahvaljujemo svoj dje\u010dici i odraslima na [&hellip;]<\/p>\n","protected":false},"author":58,"featured_media":537,"comment_status":"closed","ping_status":"closed","sticky":false,"template":"","format":"standard","meta":{"ngg_post_thumbnail":0},"categories":[8],"tags":[],"yoast_head":"<!-- This site is optimized with the Yoast SEO plugin v16.4 - https:\/\/yoast.com\/wordpress\/plugins\/seo\/ -->\n<meta name=\"robots\" content=\"index, follow, max-snippet:-1, max-image-preview:large, max-video-preview:-1\" \/>\n<link rel=\"canonical\" href=\"https:\/\/knjiznice.nsk.hr\/senj\/zavrsile-knjiznicne-blagdanske-radionice\/\" \/>\n<meta property=\"og:locale\" content=\"hr_HR\" \/>\n<meta property=\"og:type\" content=\"article\" \/>\n<meta property=\"og:title\" content=\"ZAVR\u0160ILE KNJI\u017dNI\u010cNE BLAGDANSKE RADIONICE - Gradska knji\u017enica Senj\" \/>\n<meta property=\"og:description\" content=\"Ju\u010der, 17. prosinca je u Gradskoj knji\u017enici Senj odr\u017eana posljednja iz ciklusa knji\u017eni\u010dnih blagdanskih radionica na kojima su tri \u010detvrtka zaredom vrijedne dje\u010dje ru\u010dice izra\u0111ivale nakit za veliku senjsku jelku. Uz izradu nakita, svi zajedno smo slu\u0161ali bo\u017ei\u0107ne hitove, razgovarali i crtali na temu Bo\u017ei\u0107a te \u010ditali bo\u017ei\u0107ne pri\u010de. Zahvaljujemo svoj dje\u010dici i odraslima na [&hellip;]\" \/>\n<meta property=\"og:url\" content=\"https:\/\/knjiznice.nsk.hr\/senj\/zavrsile-knjiznicne-blagdanske-radionice\/\" \/>\n<meta property=\"og:site_name\" content=\"Gradska knji\u017enica Senj\" \/>\n<meta property=\"article:publisher\" content=\"http:\/\/facebook.com\/Gradska-knji%c5%benica-SENJ\" \/>\n<meta property=\"article:published_time\" content=\"2015-12-18T09:34:50+00:00\" \/>\n<meta property=\"og:image\" content=\"http:\/\/knjiznice.nsk.hr\/senj\/wp-content\/uploads\/sites\/60\/2015\/12\/r3.jpg\" \/>\n\t<meta property=\"og:image:width\" content=\"300\" \/>\n\t<meta property=\"og:image:height\" content=\"400\" \/>\n<meta name=\"twitter:label1\" content=\"Procijenjeno vrijeme \u010ditanja\" \/>\n\t<meta name=\"twitter:data1\" content=\"1 minuta\" \/>\n<script type=\"application\/ld+json\" class=\"yoast-schema-graph\">{\"@context\":\"https:\/\/schema.org\",\"@graph\":[{\"@type\":\"WebSite\",\"@id\":\"https:\/\/knjiznice.nsk.hr\/senj\/#website\",\"url\":\"https:\/\/knjiznice.nsk.hr\/senj\/\",\"name\":\"Gradska knji\\u017enica Senj\",\"description\":\"S vama od 1835. godine\",\"potentialAction\":[{\"@type\":\"SearchAction\",\"target\":\"https:\/\/knjiznice.nsk.hr\/senj\/?s={search_term_string}\",\"query-input\":\"required name=search_term_string\"}],\"inLanguage\":\"hr\"},{\"@type\":\"ImageObject\",\"@id\":\"https:\/\/knjiznice.nsk.hr\/senj\/zavrsile-knjiznicne-blagdanske-radionice\/#primaryimage\",\"inLanguage\":\"hr\",\"url\":\"https:\/\/knjiznice.nsk.hr\/senj\/wp-content\/uploads\/sites\/60\/2015\/12\/r3.jpg\",\"contentUrl\":\"https:\/\/knjiznice.nsk.hr\/senj\/wp-content\/uploads\/sites\/60\/2015\/12\/r3.jpg\",\"width\":300,\"height\":400},{\"@type\":\"WebPage\",\"@id\":\"https:\/\/knjiznice.nsk.hr\/senj\/zavrsile-knjiznicne-blagdanske-radionice\/#webpage\",\"url\":\"https:\/\/knjiznice.nsk.hr\/senj\/zavrsile-knjiznicne-blagdanske-radionice\/\",\"name\":\"ZAVR\\u0160ILE KNJI\\u017dNI\\u010cNE BLAGDANSKE RADIONICE - Gradska knji\\u017enica Senj\",\"isPartOf\":{\"@id\":\"https:\/\/knjiznice.nsk.hr\/senj\/#website\"},\"primaryImageOfPage\":{\"@id\":\"https:\/\/knjiznice.nsk.hr\/senj\/zavrsile-knjiznicne-blagdanske-radionice\/#primaryimage\"},\"datePublished\":\"2015-12-18T09:34:50+00:00\",\"dateModified\":\"2015-12-18T09:34:50+00:00\",\"author\":{\"@id\":\"https:\/\/knjiznice.nsk.hr\/senj\/#\/schema\/person\/c6b0893cdaca205d44fe2c322c042ac7\"},\"breadcrumb\":{\"@id\":\"https:\/\/knjiznice.nsk.hr\/senj\/zavrsile-knjiznicne-blagdanske-radionice\/#breadcrumb\"},\"inLanguage\":\"hr\",\"potentialAction\":[{\"@type\":\"ReadAction\",\"target\":[\"https:\/\/knjiznice.nsk.hr\/senj\/zavrsile-knjiznicne-blagdanske-radionice\/\"]}]},{\"@type\":\"BreadcrumbList\",\"@id\":\"https:\/\/knjiznice.nsk.hr\/senj\/zavrsile-knjiznicne-blagdanske-radionice\/#breadcrumb\",\"itemListElement\":[{\"@type\":\"ListItem\",\"position\":1,\"item\":{\"@type\":\"WebPage\",\"@id\":\"https:\/\/knjiznice.nsk.hr\/senj\/\",\"url\":\"https:\/\/knjiznice.nsk.hr\/senj\/\",\"name\":\"Po\\u010detna stranica\"}},{\"@type\":\"ListItem\",\"position\":2,\"item\":{\"@id\":\"https:\/\/knjiznice.nsk.hr\/senj\/zavrsile-knjiznicne-blagdanske-radionice\/#webpage\"}}]},{\"@type\":\"Person\",\"@id\":\"https:\/\/knjiznice.nsk.hr\/senj\/#\/schema\/person\/c6b0893cdaca205d44fe2c322c042ac7\",\"name\":\"senj\",\"image\":{\"@type\":\"ImageObject\",\"@id\":\"https:\/\/knjiznice.nsk.hr\/senj\/#personlogo\",\"inLanguage\":\"hr\",\"url\":\"https:\/\/secure.gravatar.com\/avatar\/b00e8e1a99b5ba41772fe68c6bcfd17c?s=96&d=mm&r=g\",\"contentUrl\":\"https:\/\/secure.gravatar.com\/avatar\/b00e8e1a99b5ba41772fe68c6bcfd17c?s=96&d=mm&r=g\",\"caption\":\"senj\"}}]}<\/script>\n<!-- \/ Yoast SEO plugin. -->","_links":{"self":[{"href":"https:\/\/knjiznice.nsk.hr\/senj\/wp-json\/wp\/v2\/posts\/536"}],"collection":[{"href":"https:\/\/knjiznice.nsk.hr\/senj\/wp-json\/wp\/v2\/posts"}],"about":[{"href":"https:\/\/knjiznice.nsk.hr\/senj\/wp-json\/wp\/v2\/types\/post"}],"author":[{"embeddable":true,"href":"https:\/\/knjiznice.nsk.hr\/senj\/wp-json\/wp\/v2\/users\/58"}],"replies":[{"embeddable":true,"href":"https:\/\/knjiznice.nsk.hr\/senj\/wp-json\/wp\/v2\/comments?post=536"}],"version-history":[{"count":1,"href":"https:\/\/knjiznice.nsk.hr\/senj\/wp-json\/wp\/v2\/posts\/536\/revisions"}],"predecessor-version":[{"id":538,"href":"https:\/\/knjiznice.nsk.hr\/senj\/wp-json\/wp\/v2\/posts\/536\/revisions\/538"}],"wp:featuredmedia":[{"embeddable":true,"href":"https:\/\/knjiznice.nsk.hr\/senj\/wp-json\/wp\/v2\/media\/537"}],"wp:attachment":[{"href":"https:\/\/knjiznice.nsk.hr\/senj\/wp-json\/wp\/v2\/media?parent=536"}],"wp:term":[{"taxonomy":"category","embeddable":true,"href":"https:\/\/knjiznice.nsk.hr\/senj\/wp-json\/wp\/v2\/categories?post=536"},{"taxonomy":"post_tag","embeddable":true,"href":"https:\/\/knjiznice.nsk.hr\/senj\/wp-json\/wp\/v2\/tags?post=536"}],"curies":[{"name":"wp","href":"https:\/\/api.w.org\/{rel}","templated":true}]}}