{"id":495,"date":"2015-11-19T14:07:56","date_gmt":"2015-11-19T14:07:56","guid":{"rendered":"http:\/\/knjiznice.nsk.hr\/senj\/?p=495"},"modified":"2015-11-19T14:08:43","modified_gmt":"2015-11-19T14:08:43","slug":"zavrsio-mjesec-hrvatske-knjige-2015","status":"publish","type":"post","link":"https:\/\/knjiznice.nsk.hr\/senj\/zavrsio-mjesec-hrvatske-knjige-2015\/","title":{"rendered":"ZAVR\u0160IO MJESEC HRVATSKE KNJIGE 2015."},"content":{"rendered":"<p>15. studenog zavr\u0161io je ovogodi\u0161nji Mjesec hrvatske knjige. Gradska knji\u017enica Senj i ove je godine tu centralnu knji\u017eni\u010darsku manifestaciju obilje\u017eila bogatim programom. Podsjetimo se u \u010demu smo sve u\u017eivali u Mjesecu hrvatske knjige:<br \/>\n\u2022 Listopad:<\/p>\n<p>Biblioterapijsko predavanje \u201eStrah od ispitivanja i javnog nastupa\u201c-GK Senj, organizatori: Gradska knji\u017enica Senj i Obiteljski centar Senj<\/p>\n<div class=\"text_exposed_show\">\n<p>Biblioterapijsko predavanje \u201eFrustracija i stres-sli\u010dnosti i razlike\u201c-Sveti Juraj, organizatori: Gradska knji\u017enica Senj i Obiteljski centar Senj<\/p>\n<p>Predstavljanje knjige \u201e\u017divot Pavla Tijana\u201c autorice Nedjeljke Lueti\u0107-Tijan.<br \/>\nUo\u010di predstavljanja, senjski ogranak Matice odr\u017eao je i godi\u0161nju skup\u0161tinu, obilje\u017eio 25. godina postojanja te uprili\u010dio dru\u017eenje \u010dlanova u Knji\u017enici.-Senj, organizatori: Matica hrvatska-Ogranak Senj u suradnji s Gradskom knji\u017enicom Senj<\/p>\n<p>Otvorenje izlo\u017ebe fotografija Lili Lee Ru\u0161njak pod nazivom \u201eIluzija\u201c uz izlo\u017ebu lutaka \u201eAn\u0111eo tame\u201c umjetnice Lorene De Mark. \u2013GKSenj, organizator: Gradska knji\u017enica Senj-postav do 1. prosinca<\/p>\n<p>U sredi\u0161njici i ograncima vra\u0107anje knjiga bez pla\u0107anja zakasnine od 15. listopada do 1. studenoga 2015. godine<\/p>\n<p>\u2022 Studeni<\/p>\n<p>Kranj\u010devi\u0107ev spomen-dan -znanstveni skup i sve\u010danost u povodu 130. obljetnice<br \/>\nizdavanja \u201eBugarkinja\u201c u Senju i 150 godina ro\u0111enja Silvija Strahimira Kranj\u010devi\u0107a-Senj, organizatori Grad Senj i Gradska knji\u017enica Senj, pokrovitelj Hrvatska akademija znanosti i umjetnosti<\/p>\n<p>\u2022 Cijeli Mjesec hrvatske knjige:<\/p>\n<p>Izlo\u017eba povodom 110 godina od smrti velikog senjskog knji\u017eevnika Vjenceslava Novaka-Sveti Juraj<\/p>\n<p>Organizirani posjeti djece iz vrti\u0107a i u\u010denika osnovne \u0161kole kako bi \u0161to bolje upoznali knji\u017enicu<\/p>\n<\/div>\n","protected":false},"excerpt":{"rendered":"<p>15. studenog zavr\u0161io je ovogodi\u0161nji Mjesec hrvatske knjige. Gradska knji\u017enica Senj i ove je godine tu centralnu knji\u017eni\u010darsku manifestaciju obilje\u017eila bogatim programom. Podsjetimo se u \u010demu smo sve u\u017eivali u Mjesecu hrvatske knjige: \u2022 Listopad: Biblioterapijsko predavanje \u201eStrah od ispitivanja i javnog nastupa\u201c-GK Senj, organizatori: Gradska knji\u017enica Senj i Obiteljski centar Senj Biblioterapijsko predavanje \u201eFrustracija [&hellip;]<\/p>\n","protected":false},"author":58,"featured_media":417,"comment_status":"closed","ping_status":"closed","sticky":false,"template":"","format":"standard","meta":{"ngg_post_thumbnail":0},"categories":[8],"tags":[],"yoast_head":"<!-- This site is optimized with the Yoast SEO plugin v16.4 - https:\/\/yoast.com\/wordpress\/plugins\/seo\/ -->\n<meta name=\"robots\" content=\"index, follow, max-snippet:-1, max-image-preview:large, max-video-preview:-1\" \/>\n<link rel=\"canonical\" href=\"https:\/\/knjiznice.nsk.hr\/senj\/zavrsio-mjesec-hrvatske-knjige-2015\/\" \/>\n<meta property=\"og:locale\" content=\"hr_HR\" \/>\n<meta property=\"og:type\" content=\"article\" \/>\n<meta property=\"og:title\" content=\"ZAVR\u0160IO MJESEC HRVATSKE KNJIGE 2015. - Gradska knji\u017enica Senj\" \/>\n<meta property=\"og:description\" content=\"15. studenog zavr\u0161io je ovogodi\u0161nji Mjesec hrvatske knjige. Gradska knji\u017enica Senj i ove je godine tu centralnu knji\u017eni\u010darsku manifestaciju obilje\u017eila bogatim programom. Podsjetimo se u \u010demu smo sve u\u017eivali u Mjesecu hrvatske knjige: \u2022 Listopad: Biblioterapijsko predavanje \u201eStrah od ispitivanja i javnog nastupa\u201c-GK Senj, organizatori: Gradska knji\u017enica Senj i Obiteljski centar Senj Biblioterapijsko predavanje \u201eFrustracija [&hellip;]\" \/>\n<meta property=\"og:url\" content=\"https:\/\/knjiznice.nsk.hr\/senj\/zavrsio-mjesec-hrvatske-knjige-2015\/\" \/>\n<meta property=\"og:site_name\" content=\"Gradska knji\u017enica Senj\" \/>\n<meta property=\"article:publisher\" content=\"http:\/\/facebook.com\/Gradska-knji%c5%benica-SENJ\" \/>\n<meta property=\"article:published_time\" content=\"2015-11-19T14:07:56+00:00\" \/>\n<meta property=\"article:modified_time\" content=\"2015-11-19T14:08:43+00:00\" \/>\n<meta property=\"og:image\" content=\"http:\/\/knjiznice.nsk.hr\/senj\/wp-content\/uploads\/sites\/60\/2015\/10\/mhk-logo-slu\u017eb..jpeg\" \/>\n\t<meta property=\"og:image:width\" content=\"180\" \/>\n\t<meta property=\"og:image:height\" content=\"112\" \/>\n<meta name=\"twitter:label1\" content=\"Procijenjeno vrijeme \u010ditanja\" \/>\n\t<meta name=\"twitter:data1\" content=\"1 minuta\" \/>\n<script type=\"application\/ld+json\" class=\"yoast-schema-graph\">{\"@context\":\"https:\/\/schema.org\",\"@graph\":[{\"@type\":\"WebSite\",\"@id\":\"https:\/\/knjiznice.nsk.hr\/senj\/#website\",\"url\":\"https:\/\/knjiznice.nsk.hr\/senj\/\",\"name\":\"Gradska knji\\u017enica Senj\",\"description\":\"S vama od 1835. godine\",\"potentialAction\":[{\"@type\":\"SearchAction\",\"target\":\"https:\/\/knjiznice.nsk.hr\/senj\/?s={search_term_string}\",\"query-input\":\"required name=search_term_string\"}],\"inLanguage\":\"hr\"},{\"@type\":\"ImageObject\",\"@id\":\"https:\/\/knjiznice.nsk.hr\/senj\/zavrsio-mjesec-hrvatske-knjige-2015\/#primaryimage\",\"inLanguage\":\"hr\",\"url\":\"https:\/\/knjiznice.nsk.hr\/senj\/wp-content\/uploads\/sites\/60\/2015\/10\/mhk-logo-slu\\u017eb..jpeg\",\"contentUrl\":\"https:\/\/knjiznice.nsk.hr\/senj\/wp-content\/uploads\/sites\/60\/2015\/10\/mhk-logo-slu\\u017eb..jpeg\",\"width\":180,\"height\":112},{\"@type\":\"WebPage\",\"@id\":\"https:\/\/knjiznice.nsk.hr\/senj\/zavrsio-mjesec-hrvatske-knjige-2015\/#webpage\",\"url\":\"https:\/\/knjiznice.nsk.hr\/senj\/zavrsio-mjesec-hrvatske-knjige-2015\/\",\"name\":\"ZAVR\\u0160IO MJESEC HRVATSKE KNJIGE 2015. - Gradska knji\\u017enica Senj\",\"isPartOf\":{\"@id\":\"https:\/\/knjiznice.nsk.hr\/senj\/#website\"},\"primaryImageOfPage\":{\"@id\":\"https:\/\/knjiznice.nsk.hr\/senj\/zavrsio-mjesec-hrvatske-knjige-2015\/#primaryimage\"},\"datePublished\":\"2015-11-19T14:07:56+00:00\",\"dateModified\":\"2015-11-19T14:08:43+00:00\",\"author\":{\"@id\":\"https:\/\/knjiznice.nsk.hr\/senj\/#\/schema\/person\/c6b0893cdaca205d44fe2c322c042ac7\"},\"breadcrumb\":{\"@id\":\"https:\/\/knjiznice.nsk.hr\/senj\/zavrsio-mjesec-hrvatske-knjige-2015\/#breadcrumb\"},\"inLanguage\":\"hr\",\"potentialAction\":[{\"@type\":\"ReadAction\",\"target\":[\"https:\/\/knjiznice.nsk.hr\/senj\/zavrsio-mjesec-hrvatske-knjige-2015\/\"]}]},{\"@type\":\"BreadcrumbList\",\"@id\":\"https:\/\/knjiznice.nsk.hr\/senj\/zavrsio-mjesec-hrvatske-knjige-2015\/#breadcrumb\",\"itemListElement\":[{\"@type\":\"ListItem\",\"position\":1,\"item\":{\"@type\":\"WebPage\",\"@id\":\"https:\/\/knjiznice.nsk.hr\/senj\/\",\"url\":\"https:\/\/knjiznice.nsk.hr\/senj\/\",\"name\":\"Po\\u010detna stranica\"}},{\"@type\":\"ListItem\",\"position\":2,\"item\":{\"@id\":\"https:\/\/knjiznice.nsk.hr\/senj\/zavrsio-mjesec-hrvatske-knjige-2015\/#webpage\"}}]},{\"@type\":\"Person\",\"@id\":\"https:\/\/knjiznice.nsk.hr\/senj\/#\/schema\/person\/c6b0893cdaca205d44fe2c322c042ac7\",\"name\":\"senj\",\"image\":{\"@type\":\"ImageObject\",\"@id\":\"https:\/\/knjiznice.nsk.hr\/senj\/#personlogo\",\"inLanguage\":\"hr\",\"url\":\"https:\/\/secure.gravatar.com\/avatar\/b00e8e1a99b5ba41772fe68c6bcfd17c?s=96&d=mm&r=g\",\"contentUrl\":\"https:\/\/secure.gravatar.com\/avatar\/b00e8e1a99b5ba41772fe68c6bcfd17c?s=96&d=mm&r=g\",\"caption\":\"senj\"}}]}<\/script>\n<!-- \/ Yoast SEO plugin. -->","_links":{"self":[{"href":"https:\/\/knjiznice.nsk.hr\/senj\/wp-json\/wp\/v2\/posts\/495"}],"collection":[{"href":"https:\/\/knjiznice.nsk.hr\/senj\/wp-json\/wp\/v2\/posts"}],"about":[{"href":"https:\/\/knjiznice.nsk.hr\/senj\/wp-json\/wp\/v2\/types\/post"}],"author":[{"embeddable":true,"href":"https:\/\/knjiznice.nsk.hr\/senj\/wp-json\/wp\/v2\/users\/58"}],"replies":[{"embeddable":true,"href":"https:\/\/knjiznice.nsk.hr\/senj\/wp-json\/wp\/v2\/comments?post=495"}],"version-history":[{"count":2,"href":"https:\/\/knjiznice.nsk.hr\/senj\/wp-json\/wp\/v2\/posts\/495\/revisions"}],"predecessor-version":[{"id":497,"href":"https:\/\/knjiznice.nsk.hr\/senj\/wp-json\/wp\/v2\/posts\/495\/revisions\/497"}],"wp:featuredmedia":[{"embeddable":true,"href":"https:\/\/knjiznice.nsk.hr\/senj\/wp-json\/wp\/v2\/media\/417"}],"wp:attachment":[{"href":"https:\/\/knjiznice.nsk.hr\/senj\/wp-json\/wp\/v2\/media?parent=495"}],"wp:term":[{"taxonomy":"category","embeddable":true,"href":"https:\/\/knjiznice.nsk.hr\/senj\/wp-json\/wp\/v2\/categories?post=495"},{"taxonomy":"post_tag","embeddable":true,"href":"https:\/\/knjiznice.nsk.hr\/senj\/wp-json\/wp\/v2\/tags?post=495"}],"curies":[{"name":"wp","href":"https:\/\/api.w.org\/{rel}","templated":true}]}}