{"id":482,"date":"2015-11-02T15:03:40","date_gmt":"2015-11-02T15:03:40","guid":{"rendered":"http:\/\/knjiznice.nsk.hr\/senj\/?p=482"},"modified":"2015-11-02T15:03:40","modified_gmt":"2015-11-02T15:03:40","slug":"veliki-znanstveni-skup-o-kranjcevicu","status":"publish","type":"post","link":"https:\/\/knjiznice.nsk.hr\/senj\/veliki-znanstveni-skup-o-kranjcevicu\/","title":{"rendered":"VELIKI ZNANSTVENI SKUP O KRANJ\u010cEVI\u0106U"},"content":{"rendered":"<p style=\"text-align: center\">U povodu 150 godina ro\u0111enja Silvija Strahimira Kranj\u010devi\u0107a i<\/p>\n<p style=\"text-align: center\">pod visokim pokroviteljstvom<br \/>\nHrvatske akademije znanosti i umjetnosti<\/p>\n<p style=\"text-align: center\">Grad Senj i Gradska knji\u017enica Senj u sklopu nacionalnog obilje\u017eavanja<br \/>\nMjeseca hrvatske knjige<\/p>\n<p style=\"text-align: center\">organiziraju<\/p>\n<p style=\"text-align: center\">\n<p style=\"text-align: center\"><strong>KRANJ\u010cEVI\u0106EV SPOMEN-DAN<\/strong><\/p>\n<p style=\"text-align: center\"><strong>SVE\u010cANO OBILJE\u017dAVANJE 130 GODINA OD TISKANJA \u201eBUGARKINJA\u201c S. S. KRANJ\u010cEVI\u0106A U SENJU<\/strong><\/p>\n<p style=\"text-align: center\">\n<p style=\"text-align: center\"><span style=\"text-decoration: underline\"><strong>Utorak, 10. studenoga 2015, 12:30<\/strong><\/span><\/p>\n<p style=\"text-align: center\">Pu\u010dko otvoreno u\u010dili\u0161te Milutina Cihlara Nehajeva<\/p>\n<p style=\"text-align: center\">Juri\u0161e Orlovi\u0107a 2, Senj<\/p>\n<p style=\"text-align: center\">\n<p style=\"text-align: center\">\n<p style=\"text-align: center\">Moderator:<br \/>\nAna Prpi\u0107 Rogi\u0107, ravnateljica Gradske knji\u017enice Senj<\/p>\n<p style=\"text-align: center\">\n<p style=\"text-align: center\">\n<p style=\"text-align: center\">Otvaranje skupa:<br \/>\ngradona\u010delnik Grada Senja Darko Neki\u0107<br \/>\nakademik Zvonko Kusi\u0107, predsjednik HAZU-a<\/p>\n<p style=\"text-align: center\">\n<p style=\"text-align: center\">\n<p style=\"text-align: center\">Program skupa:<\/p>\n<p style=\"text-align: center\">\n<p style=\"text-align: center\">akademik Kre\u0161imir Nemec<br \/>\nKranj\u010devi\u0107eva poetika<\/p>\n<p style=\"text-align: center\">\n<p style=\"text-align: center\">recital popra\u0107en izvedbom<br \/>\nskladbi Frana \u0160ojata inspiriranih Kranj\u010devi\u0107evim stihovima<\/p>\n<p style=\"text-align: center\"><strong><u>\u00a0<\/u><\/strong><\/p>\n<p style=\"text-align: center\">akademik Milan Mogu\u0161 i prof. dr. sc. Marko Tadi\u0107<br \/>\nRje\u010dnik Bugarkinja<\/p>\n<p style=\"text-align: center\">\n<p style=\"text-align: center\">recital popra\u0107en izvedbom<br \/>\nskladbi Frana \u0160ojata inspiriranih Kranj\u010devi\u0107evim stihovima<\/p>\n<p style=\"text-align: center\">\n<p style=\"text-align: center\">Zatvaranje skupa<\/p>\n<p style=\"text-align: center\">\n<p style=\"text-align: center\">\n<p style=\"text-align: center\">Radujemo se Va\u0161em dolasku!!<\/p>\n","protected":false},"excerpt":{"rendered":"<p>U povodu 150 godina ro\u0111enja Silvija Strahimira Kranj\u010devi\u0107a i pod visokim pokroviteljstvom Hrvatske akademije znanosti i umjetnosti Grad Senj i Gradska knji\u017enica Senj u sklopu nacionalnog obilje\u017eavanja Mjeseca hrvatske knjige organiziraju KRANJ\u010cEVI\u0106EV SPOMEN-DAN SVE\u010cANO OBILJE\u017dAVANJE 130 GODINA OD TISKANJA \u201eBUGARKINJA\u201c S. S. KRANJ\u010cEVI\u0106A U SENJU Utorak, 10. studenoga 2015, 12:30 Pu\u010dko otvoreno u\u010dili\u0161te Milutina Cihlara [&hellip;]<\/p>\n","protected":false},"author":58,"featured_media":481,"comment_status":"closed","ping_status":"closed","sticky":false,"template":"","format":"standard","meta":{"ngg_post_thumbnail":0},"categories":[8],"tags":[],"yoast_head":"<!-- This site is optimized with the Yoast SEO plugin v16.4 - https:\/\/yoast.com\/wordpress\/plugins\/seo\/ -->\n<meta name=\"robots\" content=\"index, follow, max-snippet:-1, max-image-preview:large, max-video-preview:-1\" \/>\n<link rel=\"canonical\" href=\"https:\/\/knjiznice.nsk.hr\/senj\/veliki-znanstveni-skup-o-kranjcevicu\/\" \/>\n<meta property=\"og:locale\" content=\"hr_HR\" \/>\n<meta property=\"og:type\" content=\"article\" \/>\n<meta property=\"og:title\" content=\"VELIKI ZNANSTVENI SKUP O KRANJ\u010cEVI\u0106U - Gradska knji\u017enica Senj\" \/>\n<meta property=\"og:description\" content=\"U povodu 150 godina ro\u0111enja Silvija Strahimira Kranj\u010devi\u0107a i pod visokim pokroviteljstvom Hrvatske akademije znanosti i umjetnosti Grad Senj i Gradska knji\u017enica Senj u sklopu nacionalnog obilje\u017eavanja Mjeseca hrvatske knjige organiziraju KRANJ\u010cEVI\u0106EV SPOMEN-DAN SVE\u010cANO OBILJE\u017dAVANJE 130 GODINA OD TISKANJA \u201eBUGARKINJA\u201c S. S. KRANJ\u010cEVI\u0106A U SENJU Utorak, 10. studenoga 2015, 12:30 Pu\u010dko otvoreno u\u010dili\u0161te Milutina Cihlara [&hellip;]\" \/>\n<meta property=\"og:url\" content=\"https:\/\/knjiznice.nsk.hr\/senj\/veliki-znanstveni-skup-o-kranjcevicu\/\" \/>\n<meta property=\"og:site_name\" content=\"Gradska knji\u017enica Senj\" \/>\n<meta property=\"article:publisher\" content=\"http:\/\/facebook.com\/Gradska-knji%c5%benica-SENJ\" \/>\n<meta property=\"article:published_time\" content=\"2015-11-02T15:03:40+00:00\" \/>\n<meta property=\"og:image\" content=\"http:\/\/knjiznice.nsk.hr\/senj\/wp-content\/uploads\/sites\/60\/2015\/11\/12202159_534875800003426_1439606044_n.jpg\" \/>\n\t<meta property=\"og:image:width\" content=\"684\" \/>\n\t<meta property=\"og:image:height\" content=\"960\" \/>\n<meta name=\"twitter:label1\" content=\"Procijenjeno vrijeme \u010ditanja\" \/>\n\t<meta name=\"twitter:data1\" content=\"1 minuta\" \/>\n<script type=\"application\/ld+json\" class=\"yoast-schema-graph\">{\"@context\":\"https:\/\/schema.org\",\"@graph\":[{\"@type\":\"WebSite\",\"@id\":\"https:\/\/knjiznice.nsk.hr\/senj\/#website\",\"url\":\"https:\/\/knjiznice.nsk.hr\/senj\/\",\"name\":\"Gradska knji\\u017enica Senj\",\"description\":\"S vama od 1835. godine\",\"potentialAction\":[{\"@type\":\"SearchAction\",\"target\":\"https:\/\/knjiznice.nsk.hr\/senj\/?s={search_term_string}\",\"query-input\":\"required name=search_term_string\"}],\"inLanguage\":\"hr\"},{\"@type\":\"ImageObject\",\"@id\":\"https:\/\/knjiznice.nsk.hr\/senj\/veliki-znanstveni-skup-o-kranjcevicu\/#primaryimage\",\"inLanguage\":\"hr\",\"url\":\"https:\/\/knjiznice.nsk.hr\/senj\/wp-content\/uploads\/sites\/60\/2015\/11\/12202159_534875800003426_1439606044_n.jpg\",\"contentUrl\":\"https:\/\/knjiznice.nsk.hr\/senj\/wp-content\/uploads\/sites\/60\/2015\/11\/12202159_534875800003426_1439606044_n.jpg\",\"width\":684,\"height\":960},{\"@type\":\"WebPage\",\"@id\":\"https:\/\/knjiznice.nsk.hr\/senj\/veliki-znanstveni-skup-o-kranjcevicu\/#webpage\",\"url\":\"https:\/\/knjiznice.nsk.hr\/senj\/veliki-znanstveni-skup-o-kranjcevicu\/\",\"name\":\"VELIKI ZNANSTVENI SKUP O KRANJ\\u010cEVI\\u0106U - Gradska knji\\u017enica Senj\",\"isPartOf\":{\"@id\":\"https:\/\/knjiznice.nsk.hr\/senj\/#website\"},\"primaryImageOfPage\":{\"@id\":\"https:\/\/knjiznice.nsk.hr\/senj\/veliki-znanstveni-skup-o-kranjcevicu\/#primaryimage\"},\"datePublished\":\"2015-11-02T15:03:40+00:00\",\"dateModified\":\"2015-11-02T15:03:40+00:00\",\"author\":{\"@id\":\"https:\/\/knjiznice.nsk.hr\/senj\/#\/schema\/person\/c6b0893cdaca205d44fe2c322c042ac7\"},\"breadcrumb\":{\"@id\":\"https:\/\/knjiznice.nsk.hr\/senj\/veliki-znanstveni-skup-o-kranjcevicu\/#breadcrumb\"},\"inLanguage\":\"hr\",\"potentialAction\":[{\"@type\":\"ReadAction\",\"target\":[\"https:\/\/knjiznice.nsk.hr\/senj\/veliki-znanstveni-skup-o-kranjcevicu\/\"]}]},{\"@type\":\"BreadcrumbList\",\"@id\":\"https:\/\/knjiznice.nsk.hr\/senj\/veliki-znanstveni-skup-o-kranjcevicu\/#breadcrumb\",\"itemListElement\":[{\"@type\":\"ListItem\",\"position\":1,\"item\":{\"@type\":\"WebPage\",\"@id\":\"https:\/\/knjiznice.nsk.hr\/senj\/\",\"url\":\"https:\/\/knjiznice.nsk.hr\/senj\/\",\"name\":\"Po\\u010detna stranica\"}},{\"@type\":\"ListItem\",\"position\":2,\"item\":{\"@id\":\"https:\/\/knjiznice.nsk.hr\/senj\/veliki-znanstveni-skup-o-kranjcevicu\/#webpage\"}}]},{\"@type\":\"Person\",\"@id\":\"https:\/\/knjiznice.nsk.hr\/senj\/#\/schema\/person\/c6b0893cdaca205d44fe2c322c042ac7\",\"name\":\"senj\",\"image\":{\"@type\":\"ImageObject\",\"@id\":\"https:\/\/knjiznice.nsk.hr\/senj\/#personlogo\",\"inLanguage\":\"hr\",\"url\":\"https:\/\/secure.gravatar.com\/avatar\/b00e8e1a99b5ba41772fe68c6bcfd17c?s=96&d=mm&r=g\",\"contentUrl\":\"https:\/\/secure.gravatar.com\/avatar\/b00e8e1a99b5ba41772fe68c6bcfd17c?s=96&d=mm&r=g\",\"caption\":\"senj\"}}]}<\/script>\n<!-- \/ Yoast SEO plugin. -->","_links":{"self":[{"href":"https:\/\/knjiznice.nsk.hr\/senj\/wp-json\/wp\/v2\/posts\/482"}],"collection":[{"href":"https:\/\/knjiznice.nsk.hr\/senj\/wp-json\/wp\/v2\/posts"}],"about":[{"href":"https:\/\/knjiznice.nsk.hr\/senj\/wp-json\/wp\/v2\/types\/post"}],"author":[{"embeddable":true,"href":"https:\/\/knjiznice.nsk.hr\/senj\/wp-json\/wp\/v2\/users\/58"}],"replies":[{"embeddable":true,"href":"https:\/\/knjiznice.nsk.hr\/senj\/wp-json\/wp\/v2\/comments?post=482"}],"version-history":[{"count":1,"href":"https:\/\/knjiznice.nsk.hr\/senj\/wp-json\/wp\/v2\/posts\/482\/revisions"}],"predecessor-version":[{"id":483,"href":"https:\/\/knjiznice.nsk.hr\/senj\/wp-json\/wp\/v2\/posts\/482\/revisions\/483"}],"wp:featuredmedia":[{"embeddable":true,"href":"https:\/\/knjiznice.nsk.hr\/senj\/wp-json\/wp\/v2\/media\/481"}],"wp:attachment":[{"href":"https:\/\/knjiznice.nsk.hr\/senj\/wp-json\/wp\/v2\/media?parent=482"}],"wp:term":[{"taxonomy":"category","embeddable":true,"href":"https:\/\/knjiznice.nsk.hr\/senj\/wp-json\/wp\/v2\/categories?post=482"},{"taxonomy":"post_tag","embeddable":true,"href":"https:\/\/knjiznice.nsk.hr\/senj\/wp-json\/wp\/v2\/tags?post=482"}],"curies":[{"name":"wp","href":"https:\/\/api.w.org\/{rel}","templated":true}]}}