{"id":477,"date":"2015-10-29T10:11:25","date_gmt":"2015-10-29T10:11:25","guid":{"rendered":"http:\/\/knjiznice.nsk.hr\/senj\/?p=477"},"modified":"2015-10-29T10:11:25","modified_gmt":"2015-10-29T10:11:25","slug":"otvorene-dvije-izlozbe-u-gradskoj-knjiznici-senj","status":"publish","type":"post","link":"https:\/\/knjiznice.nsk.hr\/senj\/otvorene-dvije-izlozbe-u-gradskoj-knjiznici-senj\/","title":{"rendered":"OTVORENE DVIJE IZLO\u017dBE U GRADSKOJ KNJI\u017dNICI SENJ"},"content":{"rendered":"<p>U srijedu, 28. listopada u senjskoj je knji\u017enici odr\u017eano otvorenje dvije vrlo interesantne izlo\u017ebe-izlo\u017ebe fotografija \u201eIluzija\u201c i izlo\u017ebe lutaka \u201eAn\u0111eo tame\u201c. Doga\u0111aj je organizirala Gradska knji\u017enica Senj u sklopu Mjeseca hrvatske knjige.<\/p>\n<p>Svoje je fotografije pod nazivom \u201eIluzija\u201c predstavila fotografkinja Lili Lea Ru\u0161njak. Ova kreativna i svestrana Istrijanka bavi se fotografijom dugi niz godina, iza nje je cijeli niz izlo\u017ebi diljem Hrvatske, a posebnost njezina izri\u010daja je u tome da prikazuje osobe na druga\u010diji, neobi\u010dan na\u010din.<\/p>\n<p>Fotografkinju Ru\u0161njak predstavila je ravnateljica knji\u017enice Ana Prpi\u0107 Rogi\u0107 -Modeli su mahom mladi ljudi predstavljeni u pomalo misti\u010dnom ambijentu druga\u010dijem od svakodnevnog. I dok bismo na prvu rekli da ove slike prikazuju ne\u0161to mra\u010dno i \u010dudno, naslovom \u201eIluzija\u201c autorica nas uvjerava u suprotno, odnosno da nije sve kako se \u010dini. Naime, ispod sve te fasade- krinolina i lanaca kriju se sasvim obi\u010dna djeca sa svim svojim \u017eeljama, brigama, nadama, planovima i ciljevima za budu\u0107nost. Zato ova izlo\u017eba ima i edukativnu notu i poru\u010duje mladima da je u redu biti druga\u010diji i da se toga ne srame. Isto tako, ovim fotografijama autoricama poku\u0161ava razbiti predrasude i naglasiti da one koji iska\u010du na prvu iz mase ne treba tretirati kao \u010dudake nego ih treba prihvatiti i poku\u0161ati upoznati, rekla je ravnateljica Prpi\u0107 Rogi\u0107.<\/p>\n<p>Predsjednik fotokluba \u201eTra\u017eilo\u201c Senj Davor \u010cori\u0107 dao je fotografski osvrt na opus g\u0111e. Ru\u0161njak naglasiv\u0161i da fotografkinja ima oko za neobi\u010dno i druga\u010dije i majstor je za stvaranje mistike. \u2013Ova osebujna umjetnica ima zaista specifi\u010dnu i zanimljivu viziju fotografije koja naginje prema modnoj, rekao je gdin. \u010cori\u0107 po\u017eeljev\u0161i Lili i dalje puno uspjeha u radu i daljnju uspje\u0161nu suradnju sa senjskim institucijama i klubovima.<\/p>\n<p>Izlo\u017ebu je upotpunila umjetnica i modna dizajnerica Lorena De Mark koja se predstavila svojom izlo\u017ebom lutaka \u201eAn\u0111eo tame\u201c. Lorena De Mark je nagra\u0111ivana modna dizajnerica koja je na hrvatskoj i inozemnoj modnoj sceni prisutna ve\u0107 godinama.Njezin rad je prepoznatljiv kao ne\u0161to drug\u010dije, kvalitetno i unikatno. Izlo\u017eba lutaka pod nazivom \u201eAn\u0111eo tame\u201c je novi izazov u njezinom svarala\u0161tvu. Inspiraciju je na\u0161la u gotici.. koloritima crne, crvene, bijele i ljubi\u010daste boje te u raznim tkaninama,poigravaju\u0107i se lancima, raznom dugmadi, a i ostalim detaljima i to sve kroz ma\u0161tu i kreativnost modnog izazova.<br \/>\nBudu\u0107i da je tematika obje izlo\u017ebe pomalo neobi\u010dna i druga\u010dija, i prostor knji\u017enice bio je ure\u0111en sukladno tome &#8211; neobi\u010dno i zanimljivo te u stilu nadolaze\u0107e No\u0107i vje\u0161tica.<\/p>\n<p>Knji\u017enica je bila puna gra\u0111ana \u017eeljnih novih umjetni\u010dkih do\u017eivljaja koji su nakon slu\u017ebenog dijela ve\u010deri u\u017eivali u domjenku i ugodnom dru\u017eenju s umjetnicama.<\/p>\n<p>Izlo\u017ebe gostuju u Gradskoj knji\u017enici Senj sve do 1. prosinca i mogu se razgledati u radno vrijeme knji\u017enice. Prodajnog su karaktera, a sve informacije o cijenama mogu se dobiti u Knji\u017enici.<\/p>\n","protected":false},"excerpt":{"rendered":"<p>U srijedu, 28. listopada u senjskoj je knji\u017enici odr\u017eano otvorenje dvije vrlo interesantne izlo\u017ebe-izlo\u017ebe fotografija \u201eIluzija\u201c i izlo\u017ebe lutaka \u201eAn\u0111eo tame\u201c. Doga\u0111aj je organizirala Gradska knji\u017enica Senj u sklopu Mjeseca hrvatske knjige. Svoje je fotografije pod nazivom \u201eIluzija\u201c predstavila fotografkinja Lili Lea Ru\u0161njak. Ova kreativna i svestrana Istrijanka bavi se fotografijom dugi niz godina, iza [&hellip;]<\/p>\n","protected":false},"author":58,"featured_media":478,"comment_status":"closed","ping_status":"closed","sticky":false,"template":"","format":"standard","meta":{"ngg_post_thumbnail":0},"categories":[8],"tags":[],"yoast_head":"<!-- This site is optimized with the Yoast SEO plugin v16.4 - https:\/\/yoast.com\/wordpress\/plugins\/seo\/ -->\n<meta name=\"robots\" content=\"index, follow, max-snippet:-1, max-image-preview:large, max-video-preview:-1\" \/>\n<link rel=\"canonical\" href=\"https:\/\/knjiznice.nsk.hr\/senj\/otvorene-dvije-izlozbe-u-gradskoj-knjiznici-senj\/\" \/>\n<meta property=\"og:locale\" content=\"hr_HR\" \/>\n<meta property=\"og:type\" content=\"article\" \/>\n<meta property=\"og:title\" content=\"OTVORENE DVIJE IZLO\u017dBE U GRADSKOJ KNJI\u017dNICI SENJ - Gradska knji\u017enica Senj\" \/>\n<meta property=\"og:description\" content=\"U srijedu, 28. listopada u senjskoj je knji\u017enici odr\u017eano otvorenje dvije vrlo interesantne izlo\u017ebe-izlo\u017ebe fotografija \u201eIluzija\u201c i izlo\u017ebe lutaka \u201eAn\u0111eo tame\u201c. Doga\u0111aj je organizirala Gradska knji\u017enica Senj u sklopu Mjeseca hrvatske knjige. Svoje je fotografije pod nazivom \u201eIluzija\u201c predstavila fotografkinja Lili Lea Ru\u0161njak. Ova kreativna i svestrana Istrijanka bavi se fotografijom dugi niz godina, iza [&hellip;]\" \/>\n<meta property=\"og:url\" content=\"https:\/\/knjiznice.nsk.hr\/senj\/otvorene-dvije-izlozbe-u-gradskoj-knjiznici-senj\/\" \/>\n<meta property=\"og:site_name\" content=\"Gradska knji\u017enica Senj\" \/>\n<meta property=\"article:publisher\" content=\"http:\/\/facebook.com\/Gradska-knji%c5%benica-SENJ\" \/>\n<meta property=\"article:published_time\" content=\"2015-10-29T10:11:25+00:00\" \/>\n<meta property=\"og:image\" content=\"http:\/\/knjiznice.nsk.hr\/senj\/wp-content\/uploads\/sites\/60\/2015\/10\/PA280082.jpg\" \/>\n\t<meta property=\"og:image:width\" content=\"400\" \/>\n\t<meta property=\"og:image:height\" content=\"300\" \/>\n<meta name=\"twitter:label1\" content=\"Procijenjeno vrijeme \u010ditanja\" \/>\n\t<meta name=\"twitter:data1\" content=\"3 minute\" \/>\n<script type=\"application\/ld+json\" class=\"yoast-schema-graph\">{\"@context\":\"https:\/\/schema.org\",\"@graph\":[{\"@type\":\"WebSite\",\"@id\":\"https:\/\/knjiznice.nsk.hr\/senj\/#website\",\"url\":\"https:\/\/knjiznice.nsk.hr\/senj\/\",\"name\":\"Gradska knji\\u017enica Senj\",\"description\":\"S vama od 1835. godine\",\"potentialAction\":[{\"@type\":\"SearchAction\",\"target\":\"https:\/\/knjiznice.nsk.hr\/senj\/?s={search_term_string}\",\"query-input\":\"required name=search_term_string\"}],\"inLanguage\":\"hr\"},{\"@type\":\"ImageObject\",\"@id\":\"https:\/\/knjiznice.nsk.hr\/senj\/otvorene-dvije-izlozbe-u-gradskoj-knjiznici-senj\/#primaryimage\",\"inLanguage\":\"hr\",\"url\":\"https:\/\/knjiznice.nsk.hr\/senj\/wp-content\/uploads\/sites\/60\/2015\/10\/PA280082.jpg\",\"contentUrl\":\"https:\/\/knjiznice.nsk.hr\/senj\/wp-content\/uploads\/sites\/60\/2015\/10\/PA280082.jpg\",\"width\":400,\"height\":300,\"caption\":\"OLYMPUS DIGITAL CAMERA\"},{\"@type\":\"WebPage\",\"@id\":\"https:\/\/knjiznice.nsk.hr\/senj\/otvorene-dvije-izlozbe-u-gradskoj-knjiznici-senj\/#webpage\",\"url\":\"https:\/\/knjiznice.nsk.hr\/senj\/otvorene-dvije-izlozbe-u-gradskoj-knjiznici-senj\/\",\"name\":\"OTVORENE DVIJE IZLO\\u017dBE U GRADSKOJ KNJI\\u017dNICI SENJ - Gradska knji\\u017enica Senj\",\"isPartOf\":{\"@id\":\"https:\/\/knjiznice.nsk.hr\/senj\/#website\"},\"primaryImageOfPage\":{\"@id\":\"https:\/\/knjiznice.nsk.hr\/senj\/otvorene-dvije-izlozbe-u-gradskoj-knjiznici-senj\/#primaryimage\"},\"datePublished\":\"2015-10-29T10:11:25+00:00\",\"dateModified\":\"2015-10-29T10:11:25+00:00\",\"author\":{\"@id\":\"https:\/\/knjiznice.nsk.hr\/senj\/#\/schema\/person\/c6b0893cdaca205d44fe2c322c042ac7\"},\"breadcrumb\":{\"@id\":\"https:\/\/knjiznice.nsk.hr\/senj\/otvorene-dvije-izlozbe-u-gradskoj-knjiznici-senj\/#breadcrumb\"},\"inLanguage\":\"hr\",\"potentialAction\":[{\"@type\":\"ReadAction\",\"target\":[\"https:\/\/knjiznice.nsk.hr\/senj\/otvorene-dvije-izlozbe-u-gradskoj-knjiznici-senj\/\"]}]},{\"@type\":\"BreadcrumbList\",\"@id\":\"https:\/\/knjiznice.nsk.hr\/senj\/otvorene-dvije-izlozbe-u-gradskoj-knjiznici-senj\/#breadcrumb\",\"itemListElement\":[{\"@type\":\"ListItem\",\"position\":1,\"item\":{\"@type\":\"WebPage\",\"@id\":\"https:\/\/knjiznice.nsk.hr\/senj\/\",\"url\":\"https:\/\/knjiznice.nsk.hr\/senj\/\",\"name\":\"Po\\u010detna stranica\"}},{\"@type\":\"ListItem\",\"position\":2,\"item\":{\"@id\":\"https:\/\/knjiznice.nsk.hr\/senj\/otvorene-dvije-izlozbe-u-gradskoj-knjiznici-senj\/#webpage\"}}]},{\"@type\":\"Person\",\"@id\":\"https:\/\/knjiznice.nsk.hr\/senj\/#\/schema\/person\/c6b0893cdaca205d44fe2c322c042ac7\",\"name\":\"senj\",\"image\":{\"@type\":\"ImageObject\",\"@id\":\"https:\/\/knjiznice.nsk.hr\/senj\/#personlogo\",\"inLanguage\":\"hr\",\"url\":\"https:\/\/secure.gravatar.com\/avatar\/b00e8e1a99b5ba41772fe68c6bcfd17c?s=96&d=mm&r=g\",\"contentUrl\":\"https:\/\/secure.gravatar.com\/avatar\/b00e8e1a99b5ba41772fe68c6bcfd17c?s=96&d=mm&r=g\",\"caption\":\"senj\"}}]}<\/script>\n<!-- \/ Yoast SEO plugin. -->","_links":{"self":[{"href":"https:\/\/knjiznice.nsk.hr\/senj\/wp-json\/wp\/v2\/posts\/477"}],"collection":[{"href":"https:\/\/knjiznice.nsk.hr\/senj\/wp-json\/wp\/v2\/posts"}],"about":[{"href":"https:\/\/knjiznice.nsk.hr\/senj\/wp-json\/wp\/v2\/types\/post"}],"author":[{"embeddable":true,"href":"https:\/\/knjiznice.nsk.hr\/senj\/wp-json\/wp\/v2\/users\/58"}],"replies":[{"embeddable":true,"href":"https:\/\/knjiznice.nsk.hr\/senj\/wp-json\/wp\/v2\/comments?post=477"}],"version-history":[{"count":1,"href":"https:\/\/knjiznice.nsk.hr\/senj\/wp-json\/wp\/v2\/posts\/477\/revisions"}],"predecessor-version":[{"id":479,"href":"https:\/\/knjiznice.nsk.hr\/senj\/wp-json\/wp\/v2\/posts\/477\/revisions\/479"}],"wp:featuredmedia":[{"embeddable":true,"href":"https:\/\/knjiznice.nsk.hr\/senj\/wp-json\/wp\/v2\/media\/478"}],"wp:attachment":[{"href":"https:\/\/knjiznice.nsk.hr\/senj\/wp-json\/wp\/v2\/media?parent=477"}],"wp:term":[{"taxonomy":"category","embeddable":true,"href":"https:\/\/knjiznice.nsk.hr\/senj\/wp-json\/wp\/v2\/categories?post=477"},{"taxonomy":"post_tag","embeddable":true,"href":"https:\/\/knjiznice.nsk.hr\/senj\/wp-json\/wp\/v2\/tags?post=477"}],"curies":[{"name":"wp","href":"https:\/\/api.w.org\/{rel}","templated":true}]}}