{"id":416,"date":"2015-10-09T09:17:21","date_gmt":"2015-10-09T09:17:21","guid":{"rendered":"http:\/\/knjiznice.nsk.hr\/senj\/?p=416"},"modified":"2015-10-09T09:19:44","modified_gmt":"2015-10-09T09:19:44","slug":"mjesec-hrvatske-knjige-u-gradskoj-knjiznici-senj","status":"publish","type":"post","link":"https:\/\/knjiznice.nsk.hr\/senj\/mjesec-hrvatske-knjige-u-gradskoj-knjiznici-senj\/","title":{"rendered":"MJESEC HRVATSKE KNJIGE U GRADSKOJ KNJI\u017dNICI SENJ"},"content":{"rendered":"<p>MJESEC HRVATSKE KNJIGE U GRADSKOJ KNJI\u017dNICI SENJ I NJENIM OGRANCIMA<\/p>\n<div id=\"globalContainer\" class=\"uiContextualLayerParent\">\n<div id=\"content\" class=\"fb_content clearfix \">\n<div>\n<div id=\"mainContainer\">\n<div id=\"contentCol\" class=\"clearfix hasRightCol _5r-_ homeWiderContent _5ss6\">\n<div id=\"contentArea\">\n<div id=\"stream_pagelet\">\n<div class=\"_5pcb\">\n<div id=\"u_0_n\" class=\"_4-u2 mbm _5jmm _5pat _5v3q _5uun _4-u8\">\n<div id=\"u_0_o\" class=\"_3ccb\">\n<div class=\"userContentWrapper _5pcr\">\n<div class=\"_1dwg\">\n<div id=\"js_2\" class=\"_5pbx userContent\">\n<p>Bli\u017ei nam se Mjesec hrvatske knjige, vrlo cijenjena i tradicionalna manifestacija koja ima za cilj promovirati vrijednosti knjige i \u010ditanja, a traje od 15. listopada do 15. studenoga. Mjesec hrvatske knjige odvija se u organizaciji Knji\u017enica Grada Zagreba, a pod pokroviteljstvom Ministarstva kulture Republike Hrvatske. Gotovo 200 knji\u017enica sa svojim programima sudjeluje u obilje\u017eavanju Mjeseca hrvatske knjige. Vrlo smo ponosni i sretni \u0161to se na\u0161a Knji\u017enica sa svojim ograncima ve\u0107 godinama aktivno priklju\u010duje ovom hvalevrijednom projektu te svojim korisnicima nudi pregr\u0161t zanimljivih doga\u0111anja. Gradska knji\u017enica kroz cijelu godinu svojim programima oboga\u0107uje senjsku kulturno \u2013dru\u0161tvenu scenu, a pogotovo u Mjesecu hrvatske knjige priprema raznolik i bogat program.<\/p>\n<p>Tako \u0107e uo\u010di i u sklopu ovogodi\u0161njeg Mjeseca hrvatske knjige na\u0161a Knji\u017enica organizirati mnogo doga\u0111aja. Evo \u0161to vas o\u010dekuje:<br \/>\n<span style=\"text-decoration: underline\"><strong>Biblioterapijsko predavanje \u201eStrah od ispitivanja i javnog nastupa\u201c<\/strong><\/span><br \/>\n-Gradska knji\u017enica Senj-utorak, 6. listopada 2015.godine-18.30<br \/>\n-Organizatori: Gradska knji\u017enica Senj i Obiteljski centar Senj<br \/>\n<span style=\"text-decoration: underline\"><strong>Biblioterapijsko predavanje \u201eFrustracija i stres-sli\u010dnosti i razlike\u201c<\/strong><\/span><br \/>\n-Knji\u017enica Sveti Juraj-srijeda,14. listopada 2015.godine-17 sati<br \/>\n-Organizatori: Gradska knji\u017enica Senj i Obiteljski centar Senj<br \/>\nK<span style=\"text-decoration: underline\"><strong>nji\u017eevno jutro-susret i dru\u017eenje s dje\u010djom spisateljicom Melitom Rundek<\/strong><\/span><br \/>\n-Gradska knji\u017enica Senj-\u010detvrtak , 22. listopada 2015. godine-<br \/>\n9:45<br \/>\n-Organizator: Gradska knji\u017enica Senj<br \/>\n<span style=\"text-decoration: underline\"><strong>Predstavljanje knjige \u201e\u017divot Pavla Tijana\u201c autorice Nedjeljke Lueti\u0107-Tijan.<\/strong><\/span><br \/>\n-28. listopada 2015. godine<br \/>\n-Uo\u010di predstavljanja, senjski ogranak Matice odr\u017eat \u0107e i godi\u0161nju skup\u0161tinu te uprili\u010diti dru\u017eenje \u010dlanova. Sjednica i dru\u017eenje po\u010dinju u 16.30 u Knji\u017enici, a predstavljanje knjige odr\u017eat \u0107e se u Pu\u010dkom otvorenom u\u010dili\u0161tu M.C.Nehajeva s po\u010detkom u 19 sati kada \u0107e se obilje\u017eiti i 25 godina postojanja senjskog ogranka Matice.<br \/>\n-Organizatori: Matica hrvatska-Ogranak Senj u suradnji s<br \/>\nGradskom knji\u017enicom Senj<br \/>\n<span style=\"text-decoration: underline\"><strong>Otvorenje izlo\u017ebe fotografija Lili Lee Ru\u0161njak pod nazivom \u201eIluzija &#8221; uz izlo\u017ebu lutaka \u201eAn\u0111eo tame\u201c umjetnice Lorene De Mark.<\/strong><\/span><br \/>\n-Gradska knji\u017enica Senj-srijeda, 28. listopada 2015. godine,<br \/>\n18.30<br \/>\n-Organizator: Gradska knji\u017enica Senj<br \/>\n<span style=\"text-decoration: underline\"><strong>Kranj\u010devi\u0107ev spomen-dan<\/strong><\/span><br \/>\n<span style=\"text-decoration: underline\"><strong> Znanstveni skup i sve\u010danost u povodu 130. obljetnice<\/strong><\/span><br \/>\n<span style=\"text-decoration: underline\"><strong> izdavanja \u201eBugarkinja\u201c u Senju i 150 godina ro\u0111enja Silvija<\/strong><\/span><br \/>\n<span style=\"text-decoration: underline\"><strong> Strahimira Kranj\u010devi\u0107a<\/strong><\/span><br \/>\n-Pu\u010dko otvoreno u\u010dili\u0161te M.C.Nehajeva Senj-utorak, 10.<br \/>\nstudenoga 2015. godine, 12.30<br \/>\n-Organizator: Grad Senj i Gradska knji\u017enica Senj pod visokim<br \/>\npokroviteljstvom Hrvatske akademije znanosti i umjetnosti<br \/>\nU sredi\u0161njici i u ograncima <span style=\"text-decoration: underline\"><strong>vra\u0107anje knjiga bez pla\u0107anja zakasnine<\/strong><\/span> od 15.listopada do 1. studenoga 2015. godine<br \/>\nU sredi\u0161njici i u ograncima o<span style=\"text-decoration: underline\"><strong>rganizirani posjeti djece iz vrti\u0107a i u\u010denika osnovne \u0161kole<\/strong><\/span> kako bi \u0161to bolje upoznali knji\u017enicu<br \/>\n<span style=\"text-decoration: underline\"><strong>Izlo\u017eba povodom 110. godina od smrti velikog senjskog knji\u017eevnika Vjenceslava Novaka<\/strong><\/span> bit \u0107e postavljena od 15.listopada do 1. studenoga 2015. godine u svetojurskom ogranku.<\/p>\n<\/div>\n<\/div>\n<\/div>\n<\/div>\n<\/div>\n<\/div>\n<\/div>\n<\/div>\n<\/div>\n<\/div>\n<\/div>\n<\/div>\n<\/div>\n","protected":false},"excerpt":{"rendered":"<p>MJESEC HRVATSKE KNJIGE U GRADSKOJ KNJI\u017dNICI SENJ I NJENIM OGRANCIMA Bli\u017ei nam se Mjesec hrvatske knjige, vrlo cijenjena i tradicionalna manifestacija koja ima za cilj promovirati vrijednosti knjige i \u010ditanja, a traje od 15. listopada do 15. studenoga. Mjesec hrvatske knjige odvija se u organizaciji Knji\u017enica Grada Zagreba, a pod pokroviteljstvom Ministarstva kulture Republike Hrvatske. [&hellip;]<\/p>\n","protected":false},"author":58,"featured_media":0,"comment_status":"closed","ping_status":"closed","sticky":false,"template":"","format":"standard","meta":{"ngg_post_thumbnail":0},"categories":[8],"tags":[],"yoast_head":"<!-- This site is optimized with the Yoast SEO plugin v16.4 - https:\/\/yoast.com\/wordpress\/plugins\/seo\/ -->\n<meta name=\"robots\" content=\"index, follow, max-snippet:-1, max-image-preview:large, max-video-preview:-1\" \/>\n<link rel=\"canonical\" href=\"https:\/\/knjiznice.nsk.hr\/senj\/mjesec-hrvatske-knjige-u-gradskoj-knjiznici-senj\/\" \/>\n<meta property=\"og:locale\" content=\"hr_HR\" \/>\n<meta property=\"og:type\" content=\"article\" \/>\n<meta property=\"og:title\" content=\"MJESEC HRVATSKE KNJIGE U GRADSKOJ KNJI\u017dNICI SENJ - Gradska knji\u017enica Senj\" \/>\n<meta property=\"og:description\" content=\"MJESEC HRVATSKE KNJIGE U GRADSKOJ KNJI\u017dNICI SENJ I NJENIM OGRANCIMA Bli\u017ei nam se Mjesec hrvatske knjige, vrlo cijenjena i tradicionalna manifestacija koja ima za cilj promovirati vrijednosti knjige i \u010ditanja, a traje od 15. listopada do 15. studenoga. Mjesec hrvatske knjige odvija se u organizaciji Knji\u017enica Grada Zagreba, a pod pokroviteljstvom Ministarstva kulture Republike Hrvatske. [&hellip;]\" \/>\n<meta property=\"og:url\" content=\"https:\/\/knjiznice.nsk.hr\/senj\/mjesec-hrvatske-knjige-u-gradskoj-knjiznici-senj\/\" \/>\n<meta property=\"og:site_name\" content=\"Gradska knji\u017enica Senj\" \/>\n<meta property=\"article:publisher\" content=\"http:\/\/facebook.com\/Gradska-knji%c5%benica-SENJ\" \/>\n<meta property=\"article:published_time\" content=\"2015-10-09T09:17:21+00:00\" \/>\n<meta property=\"article:modified_time\" content=\"2015-10-09T09:19:44+00:00\" \/>\n<meta name=\"twitter:label1\" content=\"Procijenjeno vrijeme \u010ditanja\" \/>\n\t<meta name=\"twitter:data1\" content=\"2 minute\" \/>\n<script type=\"application\/ld+json\" class=\"yoast-schema-graph\">{\"@context\":\"https:\/\/schema.org\",\"@graph\":[{\"@type\":\"WebSite\",\"@id\":\"https:\/\/knjiznice.nsk.hr\/senj\/#website\",\"url\":\"https:\/\/knjiznice.nsk.hr\/senj\/\",\"name\":\"Gradska knji\\u017enica Senj\",\"description\":\"S vama od 1835. godine\",\"potentialAction\":[{\"@type\":\"SearchAction\",\"target\":\"https:\/\/knjiznice.nsk.hr\/senj\/?s={search_term_string}\",\"query-input\":\"required name=search_term_string\"}],\"inLanguage\":\"hr\"},{\"@type\":\"WebPage\",\"@id\":\"https:\/\/knjiznice.nsk.hr\/senj\/mjesec-hrvatske-knjige-u-gradskoj-knjiznici-senj\/#webpage\",\"url\":\"https:\/\/knjiznice.nsk.hr\/senj\/mjesec-hrvatske-knjige-u-gradskoj-knjiznici-senj\/\",\"name\":\"MJESEC HRVATSKE KNJIGE U GRADSKOJ KNJI\\u017dNICI SENJ - Gradska knji\\u017enica Senj\",\"isPartOf\":{\"@id\":\"https:\/\/knjiznice.nsk.hr\/senj\/#website\"},\"datePublished\":\"2015-10-09T09:17:21+00:00\",\"dateModified\":\"2015-10-09T09:19:44+00:00\",\"author\":{\"@id\":\"https:\/\/knjiznice.nsk.hr\/senj\/#\/schema\/person\/c6b0893cdaca205d44fe2c322c042ac7\"},\"breadcrumb\":{\"@id\":\"https:\/\/knjiznice.nsk.hr\/senj\/mjesec-hrvatske-knjige-u-gradskoj-knjiznici-senj\/#breadcrumb\"},\"inLanguage\":\"hr\",\"potentialAction\":[{\"@type\":\"ReadAction\",\"target\":[\"https:\/\/knjiznice.nsk.hr\/senj\/mjesec-hrvatske-knjige-u-gradskoj-knjiznici-senj\/\"]}]},{\"@type\":\"BreadcrumbList\",\"@id\":\"https:\/\/knjiznice.nsk.hr\/senj\/mjesec-hrvatske-knjige-u-gradskoj-knjiznici-senj\/#breadcrumb\",\"itemListElement\":[{\"@type\":\"ListItem\",\"position\":1,\"item\":{\"@type\":\"WebPage\",\"@id\":\"https:\/\/knjiznice.nsk.hr\/senj\/\",\"url\":\"https:\/\/knjiznice.nsk.hr\/senj\/\",\"name\":\"Po\\u010detna stranica\"}},{\"@type\":\"ListItem\",\"position\":2,\"item\":{\"@id\":\"https:\/\/knjiznice.nsk.hr\/senj\/mjesec-hrvatske-knjige-u-gradskoj-knjiznici-senj\/#webpage\"}}]},{\"@type\":\"Person\",\"@id\":\"https:\/\/knjiznice.nsk.hr\/senj\/#\/schema\/person\/c6b0893cdaca205d44fe2c322c042ac7\",\"name\":\"senj\",\"image\":{\"@type\":\"ImageObject\",\"@id\":\"https:\/\/knjiznice.nsk.hr\/senj\/#personlogo\",\"inLanguage\":\"hr\",\"url\":\"https:\/\/secure.gravatar.com\/avatar\/b00e8e1a99b5ba41772fe68c6bcfd17c?s=96&d=mm&r=g\",\"contentUrl\":\"https:\/\/secure.gravatar.com\/avatar\/b00e8e1a99b5ba41772fe68c6bcfd17c?s=96&d=mm&r=g\",\"caption\":\"senj\"}}]}<\/script>\n<!-- \/ Yoast SEO plugin. -->","_links":{"self":[{"href":"https:\/\/knjiznice.nsk.hr\/senj\/wp-json\/wp\/v2\/posts\/416"}],"collection":[{"href":"https:\/\/knjiznice.nsk.hr\/senj\/wp-json\/wp\/v2\/posts"}],"about":[{"href":"https:\/\/knjiznice.nsk.hr\/senj\/wp-json\/wp\/v2\/types\/post"}],"author":[{"embeddable":true,"href":"https:\/\/knjiznice.nsk.hr\/senj\/wp-json\/wp\/v2\/users\/58"}],"replies":[{"embeddable":true,"href":"https:\/\/knjiznice.nsk.hr\/senj\/wp-json\/wp\/v2\/comments?post=416"}],"version-history":[{"count":3,"href":"https:\/\/knjiznice.nsk.hr\/senj\/wp-json\/wp\/v2\/posts\/416\/revisions"}],"predecessor-version":[{"id":420,"href":"https:\/\/knjiznice.nsk.hr\/senj\/wp-json\/wp\/v2\/posts\/416\/revisions\/420"}],"wp:attachment":[{"href":"https:\/\/knjiznice.nsk.hr\/senj\/wp-json\/wp\/v2\/media?parent=416"}],"wp:term":[{"taxonomy":"category","embeddable":true,"href":"https:\/\/knjiznice.nsk.hr\/senj\/wp-json\/wp\/v2\/categories?post=416"},{"taxonomy":"post_tag","embeddable":true,"href":"https:\/\/knjiznice.nsk.hr\/senj\/wp-json\/wp\/v2\/tags?post=416"}],"curies":[{"name":"wp","href":"https:\/\/api.w.org\/{rel}","templated":true}]}}