{"id":3384,"date":"2026-04-24T06:19:56","date_gmt":"2026-04-24T06:19:56","guid":{"rendered":"http:\/\/knjiznice.nsk.hr\/senj\/?p=3384"},"modified":"2026-04-24T06:19:56","modified_gmt":"2026-04-24T06:19:56","slug":"senjska-noc-knjige-2026-g","status":"publish","type":"post","link":"https:\/\/knjiznice.nsk.hr\/senj\/senjska-noc-knjige-2026-g\/","title":{"rendered":"SENJSKA NO\u0106 KNJIGE 2026.g"},"content":{"rendered":"<p>U sklopu proslave Dana grada Senja odr\u017eana je u Gradskoj knji\u017enici Senj senjska No\u0107 knjige.<br \/>\n-Ve\u010deras cijela Hrvatska slavi knjigu i \u010ditanje, a mi se toj manifestaciji s rado\u0161\u0107u pridru\u017eujemo ve\u0107 13 godina. Cilj projekta je kroz jedinstvenu manifestaciju potaknuti kulturu \u010ditanja i uva\u017eavanja knjige kao civilizacijskog i kulturnog dosega. Povod za to pru\u017eaju nam Svjetski dan knjige i autorskih prava (23. travnja) i Dan hrvatske knjige (22. travnja), rekla je uvodno ravnateljica senjske knji\u017enice prof. Ana Prpi\u0107 Rogi\u0107.<br \/>\nSenjska No\u0107 knjige imala je i humanitarnu notu-cijelu no\u0107 prodavale su se knjige po povoljnim cijenama, a sav prihod ide potrebitim obiteljima s podru\u010dja Grada Senja. Uz to, postavljena je i izlo\u017eba \u201eNehajevu u \u010dast\u201c povodom 95.obljetnice smrti velikog senjskog i hrvatskog pisca. Izlo\u017eba je kroz rije\u010d i sliku podsjetila posjetitelje na veli\u010dinu i zna\u010daj toga knji\u017eevnika. Tako\u0111er, cijelu no\u0107 posjetitelji su mogli posu\u0111ivati i razdu\u017eivati knjige, a oni zaboravni mogli su vratiti knjige bez pla\u0107anja zakasnine.<br \/>\nU glavnom dijelu programa nastupio je komi\u010dar Pedja Bajovi\u0107 &#8211; pionir i veteran doma\u0107e scene stand-up komedije. Pedja je pokreta\u010d regionalne mre\u017ee i na\u0161 me\u0111unarodno najaktivniji komi\u010dar. Nastupio je u vi\u0161e od 50 zemalja te u stotinama gradova &#8211; u karijeri koja je zapo\u010dela 2005. godine. Prepuna knji\u017enica u\u017eivala je u \u0161alama i ske\u010devima posve\u0107enim knjizi i \u010ditanju, ali i svakodnevnici i raznim \u017eivotnim situacijama.<br \/>\nProgram senjske No\u0107i knjige glazbom je oplemenio Nenad Petkovi\u0107, a Senjani su uz zakusku i dru\u017eenje ispunili knji\u017enicu do kasno u no\u0107.<\/p>\n<p>Knji\u017enica zahvaljuje:<br \/>\n-Pedji Bajovi\u0107u na sjajnom nastupu<br \/>\n-Nenadu Petkovi\u0107u na lijepoj svirci<br \/>\n-posjetiteljima na dolasku i ugodnom dru\u017eenju<br \/>\n-sugra\u0111anima koji su donirali knjige za prodaju, kao i svima koji su kupili knjigu i tako pomogli potrebitima<br \/>\n-medijima na pra\u0107enju<\/p>\n","protected":false},"excerpt":{"rendered":"<p>U sklopu proslave Dana grada Senja odr\u017eana je u Gradskoj knji\u017enici Senj senjska No\u0107 knjige. -Ve\u010deras cijela Hrvatska slavi knjigu i \u010ditanje, a mi se toj manifestaciji s rado\u0161\u0107u pridru\u017eujemo ve\u0107 13 godina. Cilj projekta je kroz jedinstvenu manifestaciju potaknuti kulturu \u010ditanja i uva\u017eavanja knjige kao civilizacijskog i kulturnog dosega. Povod za to pru\u017eaju nam [&hellip;]<\/p>\n","protected":false},"author":58,"featured_media":3385,"comment_status":"closed","ping_status":"closed","sticky":false,"template":"","format":"standard","meta":{"ngg_post_thumbnail":0},"categories":[8],"tags":[],"yoast_head":"<!-- This site is optimized with the Yoast SEO plugin v16.4 - https:\/\/yoast.com\/wordpress\/plugins\/seo\/ -->\n<meta name=\"robots\" content=\"index, follow, max-snippet:-1, max-image-preview:large, max-video-preview:-1\" \/>\n<link rel=\"canonical\" href=\"https:\/\/knjiznice.nsk.hr\/senj\/senjska-noc-knjige-2026-g\/\" \/>\n<meta property=\"og:locale\" content=\"hr_HR\" \/>\n<meta property=\"og:type\" content=\"article\" \/>\n<meta property=\"og:title\" content=\"SENJSKA NO\u0106 KNJIGE 2026.g - Gradska knji\u017enica Senj\" \/>\n<meta property=\"og:description\" content=\"U sklopu proslave Dana grada Senja odr\u017eana je u Gradskoj knji\u017enici Senj senjska No\u0107 knjige. -Ve\u010deras cijela Hrvatska slavi knjigu i \u010ditanje, a mi se toj manifestaciji s rado\u0161\u0107u pridru\u017eujemo ve\u0107 13 godina. Cilj projekta je kroz jedinstvenu manifestaciju potaknuti kulturu \u010ditanja i uva\u017eavanja knjige kao civilizacijskog i kulturnog dosega. Povod za to pru\u017eaju nam [&hellip;]\" \/>\n<meta property=\"og:url\" content=\"https:\/\/knjiznice.nsk.hr\/senj\/senjska-noc-knjige-2026-g\/\" \/>\n<meta property=\"og:site_name\" content=\"Gradska knji\u017enica Senj\" \/>\n<meta property=\"article:publisher\" content=\"http:\/\/facebook.com\/Gradska-knji%c5%benica-SENJ\" \/>\n<meta property=\"article:published_time\" content=\"2026-04-24T06:19:56+00:00\" \/>\n<meta property=\"og:image\" content=\"http:\/\/knjiznice.nsk.hr\/senj\/wp-content\/uploads\/sites\/60\/2026\/04\/peda.jpg\" \/>\n\t<meta property=\"og:image:width\" content=\"1600\" \/>\n\t<meta property=\"og:image:height\" content=\"1200\" \/>\n<meta name=\"twitter:label1\" content=\"Procijenjeno vrijeme \u010ditanja\" \/>\n\t<meta name=\"twitter:data1\" content=\"2 minute\" \/>\n<script type=\"application\/ld+json\" class=\"yoast-schema-graph\">{\"@context\":\"https:\/\/schema.org\",\"@graph\":[{\"@type\":\"WebSite\",\"@id\":\"https:\/\/knjiznice.nsk.hr\/senj\/#website\",\"url\":\"https:\/\/knjiznice.nsk.hr\/senj\/\",\"name\":\"Gradska knji\\u017enica Senj\",\"description\":\"S vama od 1835. godine\",\"potentialAction\":[{\"@type\":\"SearchAction\",\"target\":\"https:\/\/knjiznice.nsk.hr\/senj\/?s={search_term_string}\",\"query-input\":\"required name=search_term_string\"}],\"inLanguage\":\"hr\"},{\"@type\":\"ImageObject\",\"@id\":\"https:\/\/knjiznice.nsk.hr\/senj\/senjska-noc-knjige-2026-g\/#primaryimage\",\"inLanguage\":\"hr\",\"url\":\"https:\/\/knjiznice.nsk.hr\/senj\/wp-content\/uploads\/sites\/60\/2026\/04\/peda.jpg\",\"contentUrl\":\"https:\/\/knjiznice.nsk.hr\/senj\/wp-content\/uploads\/sites\/60\/2026\/04\/peda.jpg\",\"width\":1600,\"height\":1200},{\"@type\":\"WebPage\",\"@id\":\"https:\/\/knjiznice.nsk.hr\/senj\/senjska-noc-knjige-2026-g\/#webpage\",\"url\":\"https:\/\/knjiznice.nsk.hr\/senj\/senjska-noc-knjige-2026-g\/\",\"name\":\"SENJSKA NO\\u0106 KNJIGE 2026.g - Gradska knji\\u017enica Senj\",\"isPartOf\":{\"@id\":\"https:\/\/knjiznice.nsk.hr\/senj\/#website\"},\"primaryImageOfPage\":{\"@id\":\"https:\/\/knjiznice.nsk.hr\/senj\/senjska-noc-knjige-2026-g\/#primaryimage\"},\"datePublished\":\"2026-04-24T06:19:56+00:00\",\"dateModified\":\"2026-04-24T06:19:56+00:00\",\"author\":{\"@id\":\"https:\/\/knjiznice.nsk.hr\/senj\/#\/schema\/person\/c6b0893cdaca205d44fe2c322c042ac7\"},\"breadcrumb\":{\"@id\":\"https:\/\/knjiznice.nsk.hr\/senj\/senjska-noc-knjige-2026-g\/#breadcrumb\"},\"inLanguage\":\"hr\",\"potentialAction\":[{\"@type\":\"ReadAction\",\"target\":[\"https:\/\/knjiznice.nsk.hr\/senj\/senjska-noc-knjige-2026-g\/\"]}]},{\"@type\":\"BreadcrumbList\",\"@id\":\"https:\/\/knjiznice.nsk.hr\/senj\/senjska-noc-knjige-2026-g\/#breadcrumb\",\"itemListElement\":[{\"@type\":\"ListItem\",\"position\":1,\"item\":{\"@type\":\"WebPage\",\"@id\":\"https:\/\/knjiznice.nsk.hr\/senj\/\",\"url\":\"https:\/\/knjiznice.nsk.hr\/senj\/\",\"name\":\"Po\\u010detna stranica\"}},{\"@type\":\"ListItem\",\"position\":2,\"item\":{\"@id\":\"https:\/\/knjiznice.nsk.hr\/senj\/senjska-noc-knjige-2026-g\/#webpage\"}}]},{\"@type\":\"Person\",\"@id\":\"https:\/\/knjiznice.nsk.hr\/senj\/#\/schema\/person\/c6b0893cdaca205d44fe2c322c042ac7\",\"name\":\"senj\",\"image\":{\"@type\":\"ImageObject\",\"@id\":\"https:\/\/knjiznice.nsk.hr\/senj\/#personlogo\",\"inLanguage\":\"hr\",\"url\":\"https:\/\/secure.gravatar.com\/avatar\/b00e8e1a99b5ba41772fe68c6bcfd17c?s=96&d=mm&r=g\",\"contentUrl\":\"https:\/\/secure.gravatar.com\/avatar\/b00e8e1a99b5ba41772fe68c6bcfd17c?s=96&d=mm&r=g\",\"caption\":\"senj\"}}]}<\/script>\n<!-- \/ Yoast SEO plugin. -->","_links":{"self":[{"href":"https:\/\/knjiznice.nsk.hr\/senj\/wp-json\/wp\/v2\/posts\/3384"}],"collection":[{"href":"https:\/\/knjiznice.nsk.hr\/senj\/wp-json\/wp\/v2\/posts"}],"about":[{"href":"https:\/\/knjiznice.nsk.hr\/senj\/wp-json\/wp\/v2\/types\/post"}],"author":[{"embeddable":true,"href":"https:\/\/knjiznice.nsk.hr\/senj\/wp-json\/wp\/v2\/users\/58"}],"replies":[{"embeddable":true,"href":"https:\/\/knjiznice.nsk.hr\/senj\/wp-json\/wp\/v2\/comments?post=3384"}],"version-history":[{"count":1,"href":"https:\/\/knjiznice.nsk.hr\/senj\/wp-json\/wp\/v2\/posts\/3384\/revisions"}],"predecessor-version":[{"id":3386,"href":"https:\/\/knjiznice.nsk.hr\/senj\/wp-json\/wp\/v2\/posts\/3384\/revisions\/3386"}],"wp:featuredmedia":[{"embeddable":true,"href":"https:\/\/knjiznice.nsk.hr\/senj\/wp-json\/wp\/v2\/media\/3385"}],"wp:attachment":[{"href":"https:\/\/knjiznice.nsk.hr\/senj\/wp-json\/wp\/v2\/media?parent=3384"}],"wp:term":[{"taxonomy":"category","embeddable":true,"href":"https:\/\/knjiznice.nsk.hr\/senj\/wp-json\/wp\/v2\/categories?post=3384"},{"taxonomy":"post_tag","embeddable":true,"href":"https:\/\/knjiznice.nsk.hr\/senj\/wp-json\/wp\/v2\/tags?post=3384"}],"curies":[{"name":"wp","href":"https:\/\/api.w.org\/{rel}","templated":true}]}}