{"id":3307,"date":"2026-01-27T09:51:03","date_gmt":"2026-01-27T09:51:03","guid":{"rendered":"http:\/\/knjiznice.nsk.hr\/senj\/?p=3307"},"modified":"2026-01-27T09:51:03","modified_gmt":"2026-01-27T09:51:03","slug":"27-sijecnja-dan-sjecanja-na-zrtve-holokausta","status":"publish","type":"post","link":"https:\/\/knjiznice.nsk.hr\/senj\/27-sijecnja-dan-sjecanja-na-zrtve-holokausta\/","title":{"rendered":"27.sije\u010dnja-Dan sje\u0107anja na \u017ertve holokausta"},"content":{"rendered":"<p>27.sije\u010dnja-Dan sje\u0107anja na \u017ertve holokausta<br \/>\nDana 27.sije\u010dnja u Gradskoj knji\u017enici Senj odr\u017ean je edukacijski sat povodom Dana sje\u0107anja na \u017ertve holokausta koji senjska knji\u017enica i srednja \u0161kola prigodno organiziraju ve\u0107 godinama.<br \/>\n27. sije\u010dnja je Dan sje\u0107anja na \u017ertve holokausta i dan sprje\u010davanja zlo\u010dina protiv \u010dovje\u010dnosti-me\u0111unarodni je to dan sje\u0107anja kojim se \u017eeli podsjetiti na sve \u017ertve nacisti\u010dkih re\u017eima tijekom Drugog svjetskog rata. Na taj je dan 1945. godine Crvena armija oslobodila 7.500 zatvorenika koje su za sobom ostavili nacisti u koncentracijskom logoru Auschwitz u Poljskoj.<br \/>\nTog se datuma ovaj Dan sje\u0107anja obilje\u017eava diljem Europe i svijeta, pa tako i u Republici Hrvatskoj i to s posebnim naglaskom na obrazovanju mladih generacija.<br \/>\n-Iz tog razloga i mi smo danas tu. \u017delimo da mladi kroz u\u010denje, \u010ditanje, filmove, ispovijedi \u017ertava i pre\u017eivjelih saznaju \u0161to se u pro\u0161losti doga\u0111alo. Na ovaj Dan odajemo po\u010dast \u017ertvama rata i nagla\u0161avamo da su holokaust kao i svaka vrsta genocida posljedica mr\u017enje, netolerancije i ekstremizma. Zato nove generacije moramo odgajati kao gra\u0111ane koji \u017eive u demokraciji i toleranciji i prihva\u0107aju sve ljude bez obzira na dob, spol, vjeru, boju ko\u017ee i uvjerenje. Na taj na\u010din sprje\u010davamo novi holokaust i stvaramo bolji, ljep\u0161i svijet, rekli su uvodno voditelji programa prof. povijesti Silvije \u0160ojat i ravnateljica senjske knji\u017enice Ana Prpi\u0107 Rogi\u0107, prof.<br \/>\nU nastavku programa \u010dlanica Povijesne grupe senjske srednje \u0161kole Ana Ron\u010devi\u0107 odr\u017eala je prezentaciju na temu holokausta, a zatim je uprili\u010dena projekcija dokumentarnog filma \u201ePre\u017eivjela sam holokaust.\u201c.<br \/>\n-Kroz u\u010denje na satu povijesti o \u010dinjenicama, kroz ovakva dru\u017eenja, kroz \u010ditanje knjiga saznajemo \u0161to se dogodilo, ali i osvje\u0161tavamo da su holokaust i ostali genocidi i zla proiza\u0161li iz mr\u017enje, netrpeljivosti i netolerancije.  Volite \u017eivot, volite ljude i ne radite razlike, ne sudite nekome po imenu, rasi, vjeri ili jer je razli\u010dit od vas. Pamtimo \u0161to je bilo u pro\u0161losti da se takva zla kao holokaust vi\u0161e nikada ne ponove. Ako prihvatimo ljude u njihovoj razli\u010ditost, svijet \u0107e postati ljep\u0161e i sigurnije mjesto, zaklju\u010dna je misao ovog susreta.<\/p>\n<p>Gradska knji\u017enica Senj zahvaljuje prof. \u0160ojatu i njegovim u\u010denicima na uvijek dobroj suradnji.<\/p>\n","protected":false},"excerpt":{"rendered":"<p>27.sije\u010dnja-Dan sje\u0107anja na \u017ertve holokausta Dana 27.sije\u010dnja u Gradskoj knji\u017enici Senj odr\u017ean je edukacijski sat povodom Dana sje\u0107anja na \u017ertve holokausta koji senjska knji\u017enica i srednja \u0161kola prigodno organiziraju ve\u0107 godinama. 27. sije\u010dnja je Dan sje\u0107anja na \u017ertve holokausta i dan sprje\u010davanja zlo\u010dina protiv \u010dovje\u010dnosti-me\u0111unarodni je to dan sje\u0107anja kojim se \u017eeli podsjetiti na sve [&hellip;]<\/p>\n","protected":false},"author":58,"featured_media":3308,"comment_status":"closed","ping_status":"closed","sticky":false,"template":"","format":"standard","meta":{"ngg_post_thumbnail":0},"categories":[8],"tags":[],"yoast_head":"<!-- This site is optimized with the Yoast SEO plugin v16.4 - https:\/\/yoast.com\/wordpress\/plugins\/seo\/ -->\n<meta name=\"robots\" content=\"index, follow, max-snippet:-1, max-image-preview:large, max-video-preview:-1\" \/>\n<link rel=\"canonical\" href=\"https:\/\/knjiznice.nsk.hr\/senj\/27-sijecnja-dan-sjecanja-na-zrtve-holokausta\/\" \/>\n<meta property=\"og:locale\" content=\"hr_HR\" \/>\n<meta property=\"og:type\" content=\"article\" \/>\n<meta property=\"og:title\" content=\"27.sije\u010dnja-Dan sje\u0107anja na \u017ertve holokausta - Gradska knji\u017enica Senj\" \/>\n<meta property=\"og:description\" content=\"27.sije\u010dnja-Dan sje\u0107anja na \u017ertve holokausta Dana 27.sije\u010dnja u Gradskoj knji\u017enici Senj odr\u017ean je edukacijski sat povodom Dana sje\u0107anja na \u017ertve holokausta koji senjska knji\u017enica i srednja \u0161kola prigodno organiziraju ve\u0107 godinama. 27. sije\u010dnja je Dan sje\u0107anja na \u017ertve holokausta i dan sprje\u010davanja zlo\u010dina protiv \u010dovje\u010dnosti-me\u0111unarodni je to dan sje\u0107anja kojim se \u017eeli podsjetiti na sve [&hellip;]\" \/>\n<meta property=\"og:url\" content=\"https:\/\/knjiznice.nsk.hr\/senj\/27-sijecnja-dan-sjecanja-na-zrtve-holokausta\/\" \/>\n<meta property=\"og:site_name\" content=\"Gradska knji\u017enica Senj\" \/>\n<meta property=\"article:publisher\" content=\"http:\/\/facebook.com\/Gradska-knji%c5%benica-SENJ\" \/>\n<meta property=\"article:published_time\" content=\"2026-01-27T09:51:03+00:00\" \/>\n<meta property=\"og:image\" content=\"http:\/\/knjiznice.nsk.hr\/senj\/wp-content\/uploads\/sites\/60\/2026\/01\/web.jpg\" \/>\n\t<meta property=\"og:image:width\" content=\"1600\" \/>\n\t<meta property=\"og:image:height\" content=\"1200\" \/>\n<meta name=\"twitter:label1\" content=\"Procijenjeno vrijeme \u010ditanja\" \/>\n\t<meta name=\"twitter:data1\" content=\"2 minute\" \/>\n<script type=\"application\/ld+json\" class=\"yoast-schema-graph\">{\"@context\":\"https:\/\/schema.org\",\"@graph\":[{\"@type\":\"WebSite\",\"@id\":\"https:\/\/knjiznice.nsk.hr\/senj\/#website\",\"url\":\"https:\/\/knjiznice.nsk.hr\/senj\/\",\"name\":\"Gradska knji\\u017enica Senj\",\"description\":\"S vama od 1835. godine\",\"potentialAction\":[{\"@type\":\"SearchAction\",\"target\":\"https:\/\/knjiznice.nsk.hr\/senj\/?s={search_term_string}\",\"query-input\":\"required name=search_term_string\"}],\"inLanguage\":\"hr\"},{\"@type\":\"ImageObject\",\"@id\":\"https:\/\/knjiznice.nsk.hr\/senj\/27-sijecnja-dan-sjecanja-na-zrtve-holokausta\/#primaryimage\",\"inLanguage\":\"hr\",\"url\":\"https:\/\/knjiznice.nsk.hr\/senj\/wp-content\/uploads\/sites\/60\/2026\/01\/web.jpg\",\"contentUrl\":\"https:\/\/knjiznice.nsk.hr\/senj\/wp-content\/uploads\/sites\/60\/2026\/01\/web.jpg\",\"width\":1600,\"height\":1200},{\"@type\":\"WebPage\",\"@id\":\"https:\/\/knjiznice.nsk.hr\/senj\/27-sijecnja-dan-sjecanja-na-zrtve-holokausta\/#webpage\",\"url\":\"https:\/\/knjiznice.nsk.hr\/senj\/27-sijecnja-dan-sjecanja-na-zrtve-holokausta\/\",\"name\":\"27.sije\\u010dnja-Dan sje\\u0107anja na \\u017ertve holokausta - Gradska knji\\u017enica Senj\",\"isPartOf\":{\"@id\":\"https:\/\/knjiznice.nsk.hr\/senj\/#website\"},\"primaryImageOfPage\":{\"@id\":\"https:\/\/knjiznice.nsk.hr\/senj\/27-sijecnja-dan-sjecanja-na-zrtve-holokausta\/#primaryimage\"},\"datePublished\":\"2026-01-27T09:51:03+00:00\",\"dateModified\":\"2026-01-27T09:51:03+00:00\",\"author\":{\"@id\":\"https:\/\/knjiznice.nsk.hr\/senj\/#\/schema\/person\/c6b0893cdaca205d44fe2c322c042ac7\"},\"breadcrumb\":{\"@id\":\"https:\/\/knjiznice.nsk.hr\/senj\/27-sijecnja-dan-sjecanja-na-zrtve-holokausta\/#breadcrumb\"},\"inLanguage\":\"hr\",\"potentialAction\":[{\"@type\":\"ReadAction\",\"target\":[\"https:\/\/knjiznice.nsk.hr\/senj\/27-sijecnja-dan-sjecanja-na-zrtve-holokausta\/\"]}]},{\"@type\":\"BreadcrumbList\",\"@id\":\"https:\/\/knjiznice.nsk.hr\/senj\/27-sijecnja-dan-sjecanja-na-zrtve-holokausta\/#breadcrumb\",\"itemListElement\":[{\"@type\":\"ListItem\",\"position\":1,\"item\":{\"@type\":\"WebPage\",\"@id\":\"https:\/\/knjiznice.nsk.hr\/senj\/\",\"url\":\"https:\/\/knjiznice.nsk.hr\/senj\/\",\"name\":\"Po\\u010detna stranica\"}},{\"@type\":\"ListItem\",\"position\":2,\"item\":{\"@id\":\"https:\/\/knjiznice.nsk.hr\/senj\/27-sijecnja-dan-sjecanja-na-zrtve-holokausta\/#webpage\"}}]},{\"@type\":\"Person\",\"@id\":\"https:\/\/knjiznice.nsk.hr\/senj\/#\/schema\/person\/c6b0893cdaca205d44fe2c322c042ac7\",\"name\":\"senj\",\"image\":{\"@type\":\"ImageObject\",\"@id\":\"https:\/\/knjiznice.nsk.hr\/senj\/#personlogo\",\"inLanguage\":\"hr\",\"url\":\"https:\/\/secure.gravatar.com\/avatar\/b00e8e1a99b5ba41772fe68c6bcfd17c?s=96&d=mm&r=g\",\"contentUrl\":\"https:\/\/secure.gravatar.com\/avatar\/b00e8e1a99b5ba41772fe68c6bcfd17c?s=96&d=mm&r=g\",\"caption\":\"senj\"}}]}<\/script>\n<!-- \/ Yoast SEO plugin. -->","_links":{"self":[{"href":"https:\/\/knjiznice.nsk.hr\/senj\/wp-json\/wp\/v2\/posts\/3307"}],"collection":[{"href":"https:\/\/knjiznice.nsk.hr\/senj\/wp-json\/wp\/v2\/posts"}],"about":[{"href":"https:\/\/knjiznice.nsk.hr\/senj\/wp-json\/wp\/v2\/types\/post"}],"author":[{"embeddable":true,"href":"https:\/\/knjiznice.nsk.hr\/senj\/wp-json\/wp\/v2\/users\/58"}],"replies":[{"embeddable":true,"href":"https:\/\/knjiznice.nsk.hr\/senj\/wp-json\/wp\/v2\/comments?post=3307"}],"version-history":[{"count":1,"href":"https:\/\/knjiznice.nsk.hr\/senj\/wp-json\/wp\/v2\/posts\/3307\/revisions"}],"predecessor-version":[{"id":3309,"href":"https:\/\/knjiznice.nsk.hr\/senj\/wp-json\/wp\/v2\/posts\/3307\/revisions\/3309"}],"wp:featuredmedia":[{"embeddable":true,"href":"https:\/\/knjiznice.nsk.hr\/senj\/wp-json\/wp\/v2\/media\/3308"}],"wp:attachment":[{"href":"https:\/\/knjiznice.nsk.hr\/senj\/wp-json\/wp\/v2\/media?parent=3307"}],"wp:term":[{"taxonomy":"category","embeddable":true,"href":"https:\/\/knjiznice.nsk.hr\/senj\/wp-json\/wp\/v2\/categories?post=3307"},{"taxonomy":"post_tag","embeddable":true,"href":"https:\/\/knjiznice.nsk.hr\/senj\/wp-json\/wp\/v2\/tags?post=3307"}],"curies":[{"name":"wp","href":"https:\/\/api.w.org\/{rel}","templated":true}]}}