{"id":3295,"date":"2025-12-18T15:02:28","date_gmt":"2025-12-18T15:02:28","guid":{"rendered":"http:\/\/knjiznice.nsk.hr\/senj\/?p=3295"},"modified":"2025-12-18T15:02:28","modified_gmt":"2025-12-18T15:02:28","slug":"odrzana-radionica-bozic-dolazi","status":"publish","type":"post","link":"https:\/\/knjiznice.nsk.hr\/senj\/odrzana-radionica-bozic-dolazi\/","title":{"rendered":"Odr\u017eana radionica &#8220;Bo\u017ei\u0107 dolazi&#8221;"},"content":{"rendered":"<p>U sklopu Adventa u Senju u Gradskoj knji\u017enici Senj odr\u017eana je kreativna radionica za djecu pod nazivom \u201eBo\u017ei\u0107 dolazi\u201c koju su organizirale senjska knji\u017enica i senjska srednja \u0161kola Pavla Rittera Vitezovi\u0107a.<br \/>\nVoditeljica programa bila je profesorica Matea Tomljanovi\u0107 Ani\u0107 te njezini pomaga\u010di-u\u010denici, \u010dlanovi Volonterskog kluba senjske srednje \u0161kole koji su podu\u010davali djecu pred\u0161kolske i ranije \u0161kolske dobi kako izra\u0111ivati bo\u017ei\u0107ne ukrase.<br \/>\nDjeca su izra\u0111ivala bo\u017ei\u0107ne dekoracije, \u010destitke i oslikavala balotice. Uz zvuke bo\u017ei\u0107nih pjesma i pokoji kola\u010di\u0107 djeca su u\u017eivala, dru\u017eila se i izradila predivne bo\u017ei\u0107ne rukotvorine kojima \u0107e oplemeniti svoj dom.<br \/>\nGradska knji\u017enica Senj zahvaljuje prof. Tomljanovi\u0107 Ani\u0107 i volonterima srednjo\u0161kolcima       (Ante Bezjak, Ivan Tomljanovi\u0107, Mara Bajrovi\u0107, Ljerka Biondi\u0107, Jana Biondi\u0107, Ivana Katalini\u0107) na lijepoj suradnji te dje\u010dici na dolasku i lijepom kreativnom dru\u017eenju.<\/p>\n","protected":false},"excerpt":{"rendered":"<p>U sklopu Adventa u Senju u Gradskoj knji\u017enici Senj odr\u017eana je kreativna radionica za djecu pod nazivom \u201eBo\u017ei\u0107 dolazi\u201c koju su organizirale senjska knji\u017enica i senjska srednja \u0161kola Pavla Rittera Vitezovi\u0107a. Voditeljica programa bila je profesorica Matea Tomljanovi\u0107 Ani\u0107 te njezini pomaga\u010di-u\u010denici, \u010dlanovi Volonterskog kluba senjske srednje \u0161kole koji su podu\u010davali djecu pred\u0161kolske i ranije [&hellip;]<\/p>\n","protected":false},"author":58,"featured_media":3296,"comment_status":"closed","ping_status":"closed","sticky":false,"template":"","format":"standard","meta":{"ngg_post_thumbnail":0},"categories":[8],"tags":[],"yoast_head":"<!-- This site is optimized with the Yoast SEO plugin v16.4 - https:\/\/yoast.com\/wordpress\/plugins\/seo\/ -->\n<meta name=\"robots\" content=\"index, follow, max-snippet:-1, max-image-preview:large, max-video-preview:-1\" \/>\n<link rel=\"canonical\" href=\"https:\/\/knjiznice.nsk.hr\/senj\/odrzana-radionica-bozic-dolazi\/\" \/>\n<meta property=\"og:locale\" content=\"hr_HR\" \/>\n<meta property=\"og:type\" content=\"article\" \/>\n<meta property=\"og:title\" content=\"Odr\u017eana radionica &quot;Bo\u017ei\u0107 dolazi&quot; - Gradska knji\u017enica Senj\" \/>\n<meta property=\"og:description\" content=\"U sklopu Adventa u Senju u Gradskoj knji\u017enici Senj odr\u017eana je kreativna radionica za djecu pod nazivom \u201eBo\u017ei\u0107 dolazi\u201c koju su organizirale senjska knji\u017enica i senjska srednja \u0161kola Pavla Rittera Vitezovi\u0107a. Voditeljica programa bila je profesorica Matea Tomljanovi\u0107 Ani\u0107 te njezini pomaga\u010di-u\u010denici, \u010dlanovi Volonterskog kluba senjske srednje \u0161kole koji su podu\u010davali djecu pred\u0161kolske i ranije [&hellip;]\" \/>\n<meta property=\"og:url\" content=\"https:\/\/knjiznice.nsk.hr\/senj\/odrzana-radionica-bozic-dolazi\/\" \/>\n<meta property=\"og:site_name\" content=\"Gradska knji\u017enica Senj\" \/>\n<meta property=\"article:publisher\" content=\"http:\/\/facebook.com\/Gradska-knji%c5%benica-SENJ\" \/>\n<meta property=\"article:published_time\" content=\"2025-12-18T15:02:28+00:00\" \/>\n<meta property=\"og:image\" content=\"http:\/\/knjiznice.nsk.hr\/senj\/wp-content\/uploads\/sites\/60\/2025\/12\/IMG-5b8409b7b1eabfe3ad5b7e8cedaad7a9-V.jpg\" \/>\n\t<meta property=\"og:image:width\" content=\"1200\" \/>\n\t<meta property=\"og:image:height\" content=\"1600\" \/>\n<meta name=\"twitter:label1\" content=\"Procijenjeno vrijeme \u010ditanja\" \/>\n\t<meta name=\"twitter:data1\" content=\"1 minuta\" \/>\n<script type=\"application\/ld+json\" class=\"yoast-schema-graph\">{\"@context\":\"https:\/\/schema.org\",\"@graph\":[{\"@type\":\"WebSite\",\"@id\":\"https:\/\/knjiznice.nsk.hr\/senj\/#website\",\"url\":\"https:\/\/knjiznice.nsk.hr\/senj\/\",\"name\":\"Gradska knji\\u017enica Senj\",\"description\":\"S vama od 1835. godine\",\"potentialAction\":[{\"@type\":\"SearchAction\",\"target\":\"https:\/\/knjiznice.nsk.hr\/senj\/?s={search_term_string}\",\"query-input\":\"required name=search_term_string\"}],\"inLanguage\":\"hr\"},{\"@type\":\"ImageObject\",\"@id\":\"https:\/\/knjiznice.nsk.hr\/senj\/odrzana-radionica-bozic-dolazi\/#primaryimage\",\"inLanguage\":\"hr\",\"url\":\"https:\/\/knjiznice.nsk.hr\/senj\/wp-content\/uploads\/sites\/60\/2025\/12\/IMG-5b8409b7b1eabfe3ad5b7e8cedaad7a9-V.jpg\",\"contentUrl\":\"https:\/\/knjiznice.nsk.hr\/senj\/wp-content\/uploads\/sites\/60\/2025\/12\/IMG-5b8409b7b1eabfe3ad5b7e8cedaad7a9-V.jpg\",\"width\":1200,\"height\":1600},{\"@type\":\"WebPage\",\"@id\":\"https:\/\/knjiznice.nsk.hr\/senj\/odrzana-radionica-bozic-dolazi\/#webpage\",\"url\":\"https:\/\/knjiznice.nsk.hr\/senj\/odrzana-radionica-bozic-dolazi\/\",\"name\":\"Odr\\u017eana radionica \\\"Bo\\u017ei\\u0107 dolazi\\\" - Gradska knji\\u017enica Senj\",\"isPartOf\":{\"@id\":\"https:\/\/knjiznice.nsk.hr\/senj\/#website\"},\"primaryImageOfPage\":{\"@id\":\"https:\/\/knjiznice.nsk.hr\/senj\/odrzana-radionica-bozic-dolazi\/#primaryimage\"},\"datePublished\":\"2025-12-18T15:02:28+00:00\",\"dateModified\":\"2025-12-18T15:02:28+00:00\",\"author\":{\"@id\":\"https:\/\/knjiznice.nsk.hr\/senj\/#\/schema\/person\/c6b0893cdaca205d44fe2c322c042ac7\"},\"breadcrumb\":{\"@id\":\"https:\/\/knjiznice.nsk.hr\/senj\/odrzana-radionica-bozic-dolazi\/#breadcrumb\"},\"inLanguage\":\"hr\",\"potentialAction\":[{\"@type\":\"ReadAction\",\"target\":[\"https:\/\/knjiznice.nsk.hr\/senj\/odrzana-radionica-bozic-dolazi\/\"]}]},{\"@type\":\"BreadcrumbList\",\"@id\":\"https:\/\/knjiznice.nsk.hr\/senj\/odrzana-radionica-bozic-dolazi\/#breadcrumb\",\"itemListElement\":[{\"@type\":\"ListItem\",\"position\":1,\"item\":{\"@type\":\"WebPage\",\"@id\":\"https:\/\/knjiznice.nsk.hr\/senj\/\",\"url\":\"https:\/\/knjiznice.nsk.hr\/senj\/\",\"name\":\"Po\\u010detna stranica\"}},{\"@type\":\"ListItem\",\"position\":2,\"item\":{\"@id\":\"https:\/\/knjiznice.nsk.hr\/senj\/odrzana-radionica-bozic-dolazi\/#webpage\"}}]},{\"@type\":\"Person\",\"@id\":\"https:\/\/knjiznice.nsk.hr\/senj\/#\/schema\/person\/c6b0893cdaca205d44fe2c322c042ac7\",\"name\":\"senj\",\"image\":{\"@type\":\"ImageObject\",\"@id\":\"https:\/\/knjiznice.nsk.hr\/senj\/#personlogo\",\"inLanguage\":\"hr\",\"url\":\"https:\/\/secure.gravatar.com\/avatar\/b00e8e1a99b5ba41772fe68c6bcfd17c?s=96&d=mm&r=g\",\"contentUrl\":\"https:\/\/secure.gravatar.com\/avatar\/b00e8e1a99b5ba41772fe68c6bcfd17c?s=96&d=mm&r=g\",\"caption\":\"senj\"}}]}<\/script>\n<!-- \/ Yoast SEO plugin. -->","_links":{"self":[{"href":"https:\/\/knjiznice.nsk.hr\/senj\/wp-json\/wp\/v2\/posts\/3295"}],"collection":[{"href":"https:\/\/knjiznice.nsk.hr\/senj\/wp-json\/wp\/v2\/posts"}],"about":[{"href":"https:\/\/knjiznice.nsk.hr\/senj\/wp-json\/wp\/v2\/types\/post"}],"author":[{"embeddable":true,"href":"https:\/\/knjiznice.nsk.hr\/senj\/wp-json\/wp\/v2\/users\/58"}],"replies":[{"embeddable":true,"href":"https:\/\/knjiznice.nsk.hr\/senj\/wp-json\/wp\/v2\/comments?post=3295"}],"version-history":[{"count":1,"href":"https:\/\/knjiznice.nsk.hr\/senj\/wp-json\/wp\/v2\/posts\/3295\/revisions"}],"predecessor-version":[{"id":3297,"href":"https:\/\/knjiznice.nsk.hr\/senj\/wp-json\/wp\/v2\/posts\/3295\/revisions\/3297"}],"wp:featuredmedia":[{"embeddable":true,"href":"https:\/\/knjiznice.nsk.hr\/senj\/wp-json\/wp\/v2\/media\/3296"}],"wp:attachment":[{"href":"https:\/\/knjiznice.nsk.hr\/senj\/wp-json\/wp\/v2\/media?parent=3295"}],"wp:term":[{"taxonomy":"category","embeddable":true,"href":"https:\/\/knjiznice.nsk.hr\/senj\/wp-json\/wp\/v2\/categories?post=3295"},{"taxonomy":"post_tag","embeddable":true,"href":"https:\/\/knjiznice.nsk.hr\/senj\/wp-json\/wp\/v2\/tags?post=3295"}],"curies":[{"name":"wp","href":"https:\/\/api.w.org\/{rel}","templated":true}]}}