{"id":3284,"date":"2025-12-08T07:46:14","date_gmt":"2025-12-08T07:46:14","guid":{"rendered":"http:\/\/knjiznice.nsk.hr\/senj\/?p=3284"},"modified":"2025-12-08T07:46:14","modified_gmt":"2025-12-08T07:46:14","slug":"predstavljanje-romana-mecava-u-mrzlidolu-milana-krmpotica","status":"publish","type":"post","link":"https:\/\/knjiznice.nsk.hr\/senj\/predstavljanje-romana-mecava-u-mrzlidolu-milana-krmpotica\/","title":{"rendered":"PREDSTAVLJANJE ROMANA &#8220;ME\u0106AVA U MRZLIDOLU&#8221; MILANA KRMPOTI\u0106A"},"content":{"rendered":"<p>U Gradskoj knji\u017enici Senj odr\u017eano je predstavljanje romana \u201eMe\u0107ava u Mrzlidolu\u201c uglednog hrvatskog i senjskog knji\u017eevnika Milana Krmpoti\u0107a.<br \/>\n-Roman koji ve\u010deras predstavljamo, \u201eMe\u0107ava u Mrzlidolu\u201c iza\u0161ao je  svibnju ove godine iz tiska. Radnja romana smje\u0161tena je u imaginarni svijet pun fantasti\u010dnih i nadrealnih bi\u0107a, no u toj zanimljivoj pri\u010di ogledava se i sada\u0161njost i vje\u010dita borba dobra i zla. Glavni lik, Kralji\u0107 koji gaji osje\u0107aje ljubavi i privr\u017eenosti prema dragome bi\u0107u pro\u017eivljava veliku pustolovnu avanturu u kojoj mogu u\u017eivati i mla\u0111i \u010ditatelji, ali i oni odrasli, rekla je uvodno moderatorica programa i ravnateljica senjske knji\u017enice Ana Prpi\u0107 Rogi\u0107, prof.<br \/>\nU nastavku programa moderatorica je podsjetila okupljene na bogatu bibliografiju Milana Krmpoti\u0107a, koji je autor brojnih zbirki pjesama i pripovijedaka, romana, epova, igrokaza, basni, a potom je sam autor pro\u010ditao ulomak iz svoga najnovijeg romana.<br \/>\nModeratorica je pro\u010ditala i ogled Marinka Krmpoti\u0107a u kojem se isti\u010de da je roman \u201eMe\u0107ava u Mrzlidolu\u201c zanimljiv spoj klasi\u010dnih bajki i basni s fantasy knji\u017eevno\u0161\u0107u koja od Tolkiena i G. R. R. Martina posljednjih vi\u0161e od pola stolje\u0107a vlada dje\u010djom ma\u0161tom. Spojiv\u0161i tako ma\u0161tu i snove nekada\u0161nje djece s fantasy pristupom tipi\u010dnim za djecu modernog doba, Krmpoti\u0107 je uspio stvoriti djelo koje mo\u017ee korespondirati i s danas starijim i zrelijim \u010ditateljima, ali i s puno, puno mla\u0111om publikom. Zbivanja su brojna i raznovrsna. Glavni lik &#8211; Kralji\u0107, kao i njegovi vjerni pratitelji vuk i medvjed (Medogor i Vu\u010digor) upadaju u niz iznimno opasnih i naizgled nerje\u0161ivih situacija. No, sve \u0107e to oni nadvladati te, uz puno, puno muke, ostvariti \u017eeljenu sre\u0107u i snove te osigurati pobjedu dobra nad zlom. Upravo taj klasi\u010dni sukob crnog i bijelog temelj je ovog Krmpoti\u0107evog romana.<br \/>\nNa kraju se okupljenima obratio i autor istaknuv\u0161i da je zavolio bajke jo\u0161 kao dje\u010dak zato jer u njima, unato\u010d zlima, uvijek pobje\u0111uje pravda, dobro nad zlim, nje\u017enost nad surovo\u0161\u0107u.<br \/>\n-Uz ogoljenu, po\u010desto surovu stvarnost, \u010dovjek mora sanjati. Ja, eto, na pragu devetog desetlje\u0107a iznjedrih mrvicu fantazije koju nosim jo\u0161 od djetinjstva. Ova knjiga moja je zahvala djetinjstvu koje mi je razbudilo ma\u0161tu. Ma\u0161ta je drugo lice stvaranosti, uz nju je \u017eivot ljep\u0161i i sadr\u017eajniji. U ovoj se knjizi upleto\u0161e mladost i zrelost, san i java, pa je rije\u010d o knjizi za sve uzraste. Oni koji ma\u0161taju \u010ditat \u0107e ovu knjigu, oni drugi ne\u0107e. \u010citati zna\u010di \u017eivjeti. Lju\u0161ture ne \u010ditaju, rekao je me\u0111u ostalim knji\u017eevnik Milan Krmpoti\u0107.<br \/>\nOva knji\u017eevna ve\u010der oplemenjena je nastupom klape Senjkinje.<\/p>\n<p>Gradska knji\u017enica Senj zahvaljuje:<br \/>\n-knji\u017eevniku Milanu Krmpoti\u0107u na lijepoj suradnji<br \/>\n-klapi Senjkinje na divnoj glazbi<br \/>\n-posjetiteljima na dolasku i pa\u017enji<br \/>\n-medijima na pra\u0107enju<\/p>\n","protected":false},"excerpt":{"rendered":"<p>U Gradskoj knji\u017enici Senj odr\u017eano je predstavljanje romana \u201eMe\u0107ava u Mrzlidolu\u201c uglednog hrvatskog i senjskog knji\u017eevnika Milana Krmpoti\u0107a. -Roman koji ve\u010deras predstavljamo, \u201eMe\u0107ava u Mrzlidolu\u201c iza\u0161ao je svibnju ove godine iz tiska. Radnja romana smje\u0161tena je u imaginarni svijet pun fantasti\u010dnih i nadrealnih bi\u0107a, no u toj zanimljivoj pri\u010di ogledava se i sada\u0161njost i vje\u010dita [&hellip;]<\/p>\n","protected":false},"author":58,"featured_media":3285,"comment_status":"closed","ping_status":"closed","sticky":false,"template":"","format":"standard","meta":{"ngg_post_thumbnail":0},"categories":[8],"tags":[],"yoast_head":"<!-- This site is optimized with the Yoast SEO plugin v16.4 - https:\/\/yoast.com\/wordpress\/plugins\/seo\/ -->\n<meta name=\"robots\" content=\"index, follow, max-snippet:-1, max-image-preview:large, max-video-preview:-1\" \/>\n<link rel=\"canonical\" href=\"https:\/\/knjiznice.nsk.hr\/senj\/predstavljanje-romana-mecava-u-mrzlidolu-milana-krmpotica\/\" \/>\n<meta property=\"og:locale\" content=\"hr_HR\" \/>\n<meta property=\"og:type\" content=\"article\" \/>\n<meta property=\"og:title\" content=\"PREDSTAVLJANJE ROMANA &quot;ME\u0106AVA U MRZLIDOLU&quot; MILANA KRMPOTI\u0106A - Gradska knji\u017enica Senj\" \/>\n<meta property=\"og:description\" content=\"U Gradskoj knji\u017enici Senj odr\u017eano je predstavljanje romana \u201eMe\u0107ava u Mrzlidolu\u201c uglednog hrvatskog i senjskog knji\u017eevnika Milana Krmpoti\u0107a. -Roman koji ve\u010deras predstavljamo, \u201eMe\u0107ava u Mrzlidolu\u201c iza\u0161ao je svibnju ove godine iz tiska. Radnja romana smje\u0161tena je u imaginarni svijet pun fantasti\u010dnih i nadrealnih bi\u0107a, no u toj zanimljivoj pri\u010di ogledava se i sada\u0161njost i vje\u010dita [&hellip;]\" \/>\n<meta property=\"og:url\" content=\"https:\/\/knjiznice.nsk.hr\/senj\/predstavljanje-romana-mecava-u-mrzlidolu-milana-krmpotica\/\" \/>\n<meta property=\"og:site_name\" content=\"Gradska knji\u017enica Senj\" \/>\n<meta property=\"article:publisher\" content=\"http:\/\/facebook.com\/Gradska-knji%c5%benica-SENJ\" \/>\n<meta property=\"article:published_time\" content=\"2025-12-08T07:46:14+00:00\" \/>\n<meta property=\"og:image\" content=\"http:\/\/knjiznice.nsk.hr\/senj\/wp-content\/uploads\/sites\/60\/2025\/12\/p.jpg\" \/>\n\t<meta property=\"og:image:width\" content=\"1600\" \/>\n\t<meta property=\"og:image:height\" content=\"1200\" \/>\n<meta name=\"twitter:label1\" content=\"Procijenjeno vrijeme \u010ditanja\" \/>\n\t<meta name=\"twitter:data1\" content=\"2 minute\" \/>\n<script type=\"application\/ld+json\" class=\"yoast-schema-graph\">{\"@context\":\"https:\/\/schema.org\",\"@graph\":[{\"@type\":\"WebSite\",\"@id\":\"https:\/\/knjiznice.nsk.hr\/senj\/#website\",\"url\":\"https:\/\/knjiznice.nsk.hr\/senj\/\",\"name\":\"Gradska knji\\u017enica Senj\",\"description\":\"S vama od 1835. godine\",\"potentialAction\":[{\"@type\":\"SearchAction\",\"target\":\"https:\/\/knjiznice.nsk.hr\/senj\/?s={search_term_string}\",\"query-input\":\"required name=search_term_string\"}],\"inLanguage\":\"hr\"},{\"@type\":\"ImageObject\",\"@id\":\"https:\/\/knjiznice.nsk.hr\/senj\/predstavljanje-romana-mecava-u-mrzlidolu-milana-krmpotica\/#primaryimage\",\"inLanguage\":\"hr\",\"url\":\"https:\/\/knjiznice.nsk.hr\/senj\/wp-content\/uploads\/sites\/60\/2025\/12\/p.jpg\",\"contentUrl\":\"https:\/\/knjiznice.nsk.hr\/senj\/wp-content\/uploads\/sites\/60\/2025\/12\/p.jpg\",\"width\":1600,\"height\":1200},{\"@type\":\"WebPage\",\"@id\":\"https:\/\/knjiznice.nsk.hr\/senj\/predstavljanje-romana-mecava-u-mrzlidolu-milana-krmpotica\/#webpage\",\"url\":\"https:\/\/knjiznice.nsk.hr\/senj\/predstavljanje-romana-mecava-u-mrzlidolu-milana-krmpotica\/\",\"name\":\"PREDSTAVLJANJE ROMANA \\\"ME\\u0106AVA U MRZLIDOLU\\\" MILANA KRMPOTI\\u0106A - Gradska knji\\u017enica Senj\",\"isPartOf\":{\"@id\":\"https:\/\/knjiznice.nsk.hr\/senj\/#website\"},\"primaryImageOfPage\":{\"@id\":\"https:\/\/knjiznice.nsk.hr\/senj\/predstavljanje-romana-mecava-u-mrzlidolu-milana-krmpotica\/#primaryimage\"},\"datePublished\":\"2025-12-08T07:46:14+00:00\",\"dateModified\":\"2025-12-08T07:46:14+00:00\",\"author\":{\"@id\":\"https:\/\/knjiznice.nsk.hr\/senj\/#\/schema\/person\/c6b0893cdaca205d44fe2c322c042ac7\"},\"breadcrumb\":{\"@id\":\"https:\/\/knjiznice.nsk.hr\/senj\/predstavljanje-romana-mecava-u-mrzlidolu-milana-krmpotica\/#breadcrumb\"},\"inLanguage\":\"hr\",\"potentialAction\":[{\"@type\":\"ReadAction\",\"target\":[\"https:\/\/knjiznice.nsk.hr\/senj\/predstavljanje-romana-mecava-u-mrzlidolu-milana-krmpotica\/\"]}]},{\"@type\":\"BreadcrumbList\",\"@id\":\"https:\/\/knjiznice.nsk.hr\/senj\/predstavljanje-romana-mecava-u-mrzlidolu-milana-krmpotica\/#breadcrumb\",\"itemListElement\":[{\"@type\":\"ListItem\",\"position\":1,\"item\":{\"@type\":\"WebPage\",\"@id\":\"https:\/\/knjiznice.nsk.hr\/senj\/\",\"url\":\"https:\/\/knjiznice.nsk.hr\/senj\/\",\"name\":\"Po\\u010detna stranica\"}},{\"@type\":\"ListItem\",\"position\":2,\"item\":{\"@id\":\"https:\/\/knjiznice.nsk.hr\/senj\/predstavljanje-romana-mecava-u-mrzlidolu-milana-krmpotica\/#webpage\"}}]},{\"@type\":\"Person\",\"@id\":\"https:\/\/knjiznice.nsk.hr\/senj\/#\/schema\/person\/c6b0893cdaca205d44fe2c322c042ac7\",\"name\":\"senj\",\"image\":{\"@type\":\"ImageObject\",\"@id\":\"https:\/\/knjiznice.nsk.hr\/senj\/#personlogo\",\"inLanguage\":\"hr\",\"url\":\"https:\/\/secure.gravatar.com\/avatar\/b00e8e1a99b5ba41772fe68c6bcfd17c?s=96&d=mm&r=g\",\"contentUrl\":\"https:\/\/secure.gravatar.com\/avatar\/b00e8e1a99b5ba41772fe68c6bcfd17c?s=96&d=mm&r=g\",\"caption\":\"senj\"}}]}<\/script>\n<!-- \/ Yoast SEO plugin. -->","_links":{"self":[{"href":"https:\/\/knjiznice.nsk.hr\/senj\/wp-json\/wp\/v2\/posts\/3284"}],"collection":[{"href":"https:\/\/knjiznice.nsk.hr\/senj\/wp-json\/wp\/v2\/posts"}],"about":[{"href":"https:\/\/knjiznice.nsk.hr\/senj\/wp-json\/wp\/v2\/types\/post"}],"author":[{"embeddable":true,"href":"https:\/\/knjiznice.nsk.hr\/senj\/wp-json\/wp\/v2\/users\/58"}],"replies":[{"embeddable":true,"href":"https:\/\/knjiznice.nsk.hr\/senj\/wp-json\/wp\/v2\/comments?post=3284"}],"version-history":[{"count":1,"href":"https:\/\/knjiznice.nsk.hr\/senj\/wp-json\/wp\/v2\/posts\/3284\/revisions"}],"predecessor-version":[{"id":3286,"href":"https:\/\/knjiznice.nsk.hr\/senj\/wp-json\/wp\/v2\/posts\/3284\/revisions\/3286"}],"wp:featuredmedia":[{"embeddable":true,"href":"https:\/\/knjiznice.nsk.hr\/senj\/wp-json\/wp\/v2\/media\/3285"}],"wp:attachment":[{"href":"https:\/\/knjiznice.nsk.hr\/senj\/wp-json\/wp\/v2\/media?parent=3284"}],"wp:term":[{"taxonomy":"category","embeddable":true,"href":"https:\/\/knjiznice.nsk.hr\/senj\/wp-json\/wp\/v2\/categories?post=3284"},{"taxonomy":"post_tag","embeddable":true,"href":"https:\/\/knjiznice.nsk.hr\/senj\/wp-json\/wp\/v2\/tags?post=3284"}],"curies":[{"name":"wp","href":"https:\/\/api.w.org\/{rel}","templated":true}]}}