{"id":3218,"date":"2025-09-02T07:09:46","date_gmt":"2025-09-02T07:09:46","guid":{"rendered":"http:\/\/knjiznice.nsk.hr\/senj\/?p=3218"},"modified":"2025-09-02T07:09:46","modified_gmt":"2025-09-02T07:09:46","slug":"vecer-slikanja-poezije-i-vina-najava-3","status":"publish","type":"post","link":"https:\/\/knjiznice.nsk.hr\/senj\/vecer-slikanja-poezije-i-vina-najava-3\/","title":{"rendered":"VE\u010cER SLIKANJA, POEZIJE I VINA-najava"},"content":{"rendered":"<p>GRADSKA KNJI\u017dNICA SENJ POZIVA VAS NA<br \/>\nVE\u010cER SLIKANJA, POEZIJE I VINA<\/p>\n<p>\u010cETVRTAK, 11.RUJNA 2025. GODINE U 18 SATI<\/p>\n<p>Radionicu slikanja uz vino i poeziju vodit \u0107e Mara Majstorovi\u0107.<br \/>\nMara Majstorovi\u0107 je edukatorica za interpersonalne vje\u0161tine i osobni rast i razvoj te autorica programa kreativnih radionica uz vino.<br \/>\nUz Maru, svoje stihove \u0107e interpretirati i mlada senjska knji\u017eevnica Mirna Prpi\u0107.<br \/>\nDo\u0111ite i prona\u0111ite talent u sebi, u\u017eivajte u mo\u0107nim rije\u010dima koje lije\u010de du\u0161u i opustite se u atmosferi punoj optimizma i dobrih emocija.<\/p>\n<p>Rezervirati svoje mjesto na radionici mo\u017eete na tel.881-108 ili osobno na pultu Gradske knji\u017enice Senj.<br \/>\nRadionica je besplatna.<\/p>\n<p>Veselimo se va\u0161em dolasku i ugodnom dru\u017eenju! <\/p>\n","protected":false},"excerpt":{"rendered":"<p>GRADSKA KNJI\u017dNICA SENJ POZIVA VAS NA VE\u010cER SLIKANJA, POEZIJE I VINA \u010cETVRTAK, 11.RUJNA 2025. GODINE U 18 SATI Radionicu slikanja uz vino i poeziju vodit \u0107e Mara Majstorovi\u0107. Mara Majstorovi\u0107 je edukatorica za interpersonalne vje\u0161tine i osobni rast i razvoj te autorica programa kreativnih radionica uz vino. Uz Maru, svoje stihove \u0107e interpretirati i mlada [&hellip;]<\/p>\n","protected":false},"author":58,"featured_media":3219,"comment_status":"closed","ping_status":"closed","sticky":false,"template":"","format":"standard","meta":{"ngg_post_thumbnail":0},"categories":[8],"tags":[],"yoast_head":"<!-- This site is optimized with the Yoast SEO plugin v16.4 - https:\/\/yoast.com\/wordpress\/plugins\/seo\/ -->\n<meta name=\"robots\" content=\"index, follow, max-snippet:-1, max-image-preview:large, max-video-preview:-1\" \/>\n<link rel=\"canonical\" href=\"https:\/\/knjiznice.nsk.hr\/senj\/vecer-slikanja-poezije-i-vina-najava-3\/\" \/>\n<meta property=\"og:locale\" content=\"hr_HR\" \/>\n<meta property=\"og:type\" content=\"article\" \/>\n<meta property=\"og:title\" content=\"VE\u010cER SLIKANJA, POEZIJE I VINA-najava - Gradska knji\u017enica Senj\" \/>\n<meta property=\"og:description\" content=\"GRADSKA KNJI\u017dNICA SENJ POZIVA VAS NA VE\u010cER SLIKANJA, POEZIJE I VINA \u010cETVRTAK, 11.RUJNA 2025. GODINE U 18 SATI Radionicu slikanja uz vino i poeziju vodit \u0107e Mara Majstorovi\u0107. Mara Majstorovi\u0107 je edukatorica za interpersonalne vje\u0161tine i osobni rast i razvoj te autorica programa kreativnih radionica uz vino. Uz Maru, svoje stihove \u0107e interpretirati i mlada [&hellip;]\" \/>\n<meta property=\"og:url\" content=\"https:\/\/knjiznice.nsk.hr\/senj\/vecer-slikanja-poezije-i-vina-najava-3\/\" \/>\n<meta property=\"og:site_name\" content=\"Gradska knji\u017enica Senj\" \/>\n<meta property=\"article:publisher\" content=\"http:\/\/facebook.com\/Gradska-knji%c5%benica-SENJ\" \/>\n<meta property=\"article:published_time\" content=\"2025-09-02T07:09:46+00:00\" \/>\n<meta property=\"og:image\" content=\"http:\/\/knjiznice.nsk.hr\/senj\/wp-content\/uploads\/sites\/60\/2025\/09\/slika-plakat.jpg\" \/>\n\t<meta property=\"og:image:width\" content=\"700\" \/>\n\t<meta property=\"og:image:height\" content=\"394\" \/>\n<meta name=\"twitter:label1\" content=\"Procijenjeno vrijeme \u010ditanja\" \/>\n\t<meta name=\"twitter:data1\" content=\"1 minuta\" \/>\n<script type=\"application\/ld+json\" class=\"yoast-schema-graph\">{\"@context\":\"https:\/\/schema.org\",\"@graph\":[{\"@type\":\"WebSite\",\"@id\":\"https:\/\/knjiznice.nsk.hr\/senj\/#website\",\"url\":\"https:\/\/knjiznice.nsk.hr\/senj\/\",\"name\":\"Gradska knji\\u017enica Senj\",\"description\":\"S vama od 1835. godine\",\"potentialAction\":[{\"@type\":\"SearchAction\",\"target\":\"https:\/\/knjiznice.nsk.hr\/senj\/?s={search_term_string}\",\"query-input\":\"required name=search_term_string\"}],\"inLanguage\":\"hr\"},{\"@type\":\"ImageObject\",\"@id\":\"https:\/\/knjiznice.nsk.hr\/senj\/vecer-slikanja-poezije-i-vina-najava-3\/#primaryimage\",\"inLanguage\":\"hr\",\"url\":\"https:\/\/knjiznice.nsk.hr\/senj\/wp-content\/uploads\/sites\/60\/2025\/09\/slika-plakat.jpg\",\"contentUrl\":\"https:\/\/knjiznice.nsk.hr\/senj\/wp-content\/uploads\/sites\/60\/2025\/09\/slika-plakat.jpg\",\"width\":700,\"height\":394},{\"@type\":\"WebPage\",\"@id\":\"https:\/\/knjiznice.nsk.hr\/senj\/vecer-slikanja-poezije-i-vina-najava-3\/#webpage\",\"url\":\"https:\/\/knjiznice.nsk.hr\/senj\/vecer-slikanja-poezije-i-vina-najava-3\/\",\"name\":\"VE\\u010cER SLIKANJA, POEZIJE I VINA-najava - Gradska knji\\u017enica Senj\",\"isPartOf\":{\"@id\":\"https:\/\/knjiznice.nsk.hr\/senj\/#website\"},\"primaryImageOfPage\":{\"@id\":\"https:\/\/knjiznice.nsk.hr\/senj\/vecer-slikanja-poezije-i-vina-najava-3\/#primaryimage\"},\"datePublished\":\"2025-09-02T07:09:46+00:00\",\"dateModified\":\"2025-09-02T07:09:46+00:00\",\"author\":{\"@id\":\"https:\/\/knjiznice.nsk.hr\/senj\/#\/schema\/person\/c6b0893cdaca205d44fe2c322c042ac7\"},\"breadcrumb\":{\"@id\":\"https:\/\/knjiznice.nsk.hr\/senj\/vecer-slikanja-poezije-i-vina-najava-3\/#breadcrumb\"},\"inLanguage\":\"hr\",\"potentialAction\":[{\"@type\":\"ReadAction\",\"target\":[\"https:\/\/knjiznice.nsk.hr\/senj\/vecer-slikanja-poezije-i-vina-najava-3\/\"]}]},{\"@type\":\"BreadcrumbList\",\"@id\":\"https:\/\/knjiznice.nsk.hr\/senj\/vecer-slikanja-poezije-i-vina-najava-3\/#breadcrumb\",\"itemListElement\":[{\"@type\":\"ListItem\",\"position\":1,\"item\":{\"@type\":\"WebPage\",\"@id\":\"https:\/\/knjiznice.nsk.hr\/senj\/\",\"url\":\"https:\/\/knjiznice.nsk.hr\/senj\/\",\"name\":\"Po\\u010detna stranica\"}},{\"@type\":\"ListItem\",\"position\":2,\"item\":{\"@id\":\"https:\/\/knjiznice.nsk.hr\/senj\/vecer-slikanja-poezije-i-vina-najava-3\/#webpage\"}}]},{\"@type\":\"Person\",\"@id\":\"https:\/\/knjiznice.nsk.hr\/senj\/#\/schema\/person\/c6b0893cdaca205d44fe2c322c042ac7\",\"name\":\"senj\",\"image\":{\"@type\":\"ImageObject\",\"@id\":\"https:\/\/knjiznice.nsk.hr\/senj\/#personlogo\",\"inLanguage\":\"hr\",\"url\":\"https:\/\/secure.gravatar.com\/avatar\/b00e8e1a99b5ba41772fe68c6bcfd17c?s=96&d=mm&r=g\",\"contentUrl\":\"https:\/\/secure.gravatar.com\/avatar\/b00e8e1a99b5ba41772fe68c6bcfd17c?s=96&d=mm&r=g\",\"caption\":\"senj\"}}]}<\/script>\n<!-- \/ Yoast SEO plugin. -->","_links":{"self":[{"href":"https:\/\/knjiznice.nsk.hr\/senj\/wp-json\/wp\/v2\/posts\/3218"}],"collection":[{"href":"https:\/\/knjiznice.nsk.hr\/senj\/wp-json\/wp\/v2\/posts"}],"about":[{"href":"https:\/\/knjiznice.nsk.hr\/senj\/wp-json\/wp\/v2\/types\/post"}],"author":[{"embeddable":true,"href":"https:\/\/knjiznice.nsk.hr\/senj\/wp-json\/wp\/v2\/users\/58"}],"replies":[{"embeddable":true,"href":"https:\/\/knjiznice.nsk.hr\/senj\/wp-json\/wp\/v2\/comments?post=3218"}],"version-history":[{"count":1,"href":"https:\/\/knjiznice.nsk.hr\/senj\/wp-json\/wp\/v2\/posts\/3218\/revisions"}],"predecessor-version":[{"id":3220,"href":"https:\/\/knjiznice.nsk.hr\/senj\/wp-json\/wp\/v2\/posts\/3218\/revisions\/3220"}],"wp:featuredmedia":[{"embeddable":true,"href":"https:\/\/knjiznice.nsk.hr\/senj\/wp-json\/wp\/v2\/media\/3219"}],"wp:attachment":[{"href":"https:\/\/knjiznice.nsk.hr\/senj\/wp-json\/wp\/v2\/media?parent=3218"}],"wp:term":[{"taxonomy":"category","embeddable":true,"href":"https:\/\/knjiznice.nsk.hr\/senj\/wp-json\/wp\/v2\/categories?post=3218"},{"taxonomy":"post_tag","embeddable":true,"href":"https:\/\/knjiznice.nsk.hr\/senj\/wp-json\/wp\/v2\/tags?post=3218"}],"curies":[{"name":"wp","href":"https:\/\/api.w.org\/{rel}","templated":true}]}}