{"id":3195,"date":"2025-07-14T05:41:08","date_gmt":"2025-07-14T05:41:08","guid":{"rendered":"http:\/\/knjiznice.nsk.hr\/senj\/?p=3195"},"modified":"2025-07-14T05:41:08","modified_gmt":"2025-07-14T05:41:08","slug":"9-7-2025-prva-srijeda-za-5-u-potrazi-za-lukasom","status":"publish","type":"post","link":"https:\/\/knjiznice.nsk.hr\/senj\/9-7-2025-prva-srijeda-za-5-u-potrazi-za-lukasom\/","title":{"rendered":"9.7.2025.-prva \u201eSrijeda za 5\u201c-\u201eU potrazi za Lukasom\u201c"},"content":{"rendered":"<p>9.7.2025.-prva \u201eSrijeda za 5\u201c-\u201eU potrazi za Lukasom\u201c<br \/>\nNa prvoj likovnoj radionici ovogodi\u0161njeg ciklusa \u201eSrijede za 5\u201c voditeljica radionice Zrinka Ostovi\u0107 djeci je pro\u010ditala slikovnicu \u201cU potrazi za Lukasom\u201c koju je ilustrirala za Javnu ustanovu Zeleni prsten Zagreba\u010dke \u017eupanije. Autorica slikovnice je Maja Pintar, a dizajn potpisuje Smak kolektiv.<br \/>\nZanimljiva je to pri\u010da o prijateljstvu glavnih junaka kukca jelenka (Lukasa) i pti\u010dice zlatoglavog kralji\u0107a (Zlatka), najve\u0107eg europskog kukca i namanje europske ptice. Simpati\u010dan lik jelenka Lukasa djeci se najvi\u0161e dojmio te su ga crtala kao glavnu maskotu, zami\u0161ljaju\u0107i ga kako bi njihov Lukas izgledao otisnut na majici ili bo\u010dici za vodu. Glavni junaci ove slikovnice zaista i jesu zavr\u0161ili na majici i na puzzlama koje su djeca slagala zabavljaju\u0107i se na kraju radionice.<br \/>\nDjeca su lijepo sura\u0111ivala s voditeljicom, nau\u010dila ne\u0161to novo i zabavila se. Zbog bolesti veliki broj djece je izostao. \u017delimo bolesnima brzo ozdravljenje i da nam se \u0161to prije pridru\u017ee na idu\u0107im radionicama.<br \/>\nVidimo se u srijedu, 16.srpnja na novoj \u201eSrijedi za 5\u201c.<\/p>\n","protected":false},"excerpt":{"rendered":"<p>9.7.2025.-prva \u201eSrijeda za 5\u201c-\u201eU potrazi za Lukasom\u201c Na prvoj likovnoj radionici ovogodi\u0161njeg ciklusa \u201eSrijede za 5\u201c voditeljica radionice Zrinka Ostovi\u0107 djeci je pro\u010ditala slikovnicu \u201cU potrazi za Lukasom\u201c koju je ilustrirala za Javnu ustanovu Zeleni prsten Zagreba\u010dke \u017eupanije. Autorica slikovnice je Maja Pintar, a dizajn potpisuje Smak kolektiv. Zanimljiva je to pri\u010da o prijateljstvu glavnih [&hellip;]<\/p>\n","protected":false},"author":58,"featured_media":3196,"comment_status":"closed","ping_status":"closed","sticky":false,"template":"","format":"standard","meta":{"ngg_post_thumbnail":0},"categories":[8],"tags":[],"yoast_head":"<!-- This site is optimized with the Yoast SEO plugin v16.4 - https:\/\/yoast.com\/wordpress\/plugins\/seo\/ -->\n<meta name=\"robots\" content=\"index, follow, max-snippet:-1, max-image-preview:large, max-video-preview:-1\" \/>\n<link rel=\"canonical\" href=\"https:\/\/knjiznice.nsk.hr\/senj\/9-7-2025-prva-srijeda-za-5-u-potrazi-za-lukasom\/\" \/>\n<meta property=\"og:locale\" content=\"hr_HR\" \/>\n<meta property=\"og:type\" content=\"article\" \/>\n<meta property=\"og:title\" content=\"9.7.2025.-prva \u201eSrijeda za 5\u201c-\u201eU potrazi za Lukasom\u201c - Gradska knji\u017enica Senj\" \/>\n<meta property=\"og:description\" content=\"9.7.2025.-prva \u201eSrijeda za 5\u201c-\u201eU potrazi za Lukasom\u201c Na prvoj likovnoj radionici ovogodi\u0161njeg ciklusa \u201eSrijede za 5\u201c voditeljica radionice Zrinka Ostovi\u0107 djeci je pro\u010ditala slikovnicu \u201cU potrazi za Lukasom\u201c koju je ilustrirala za Javnu ustanovu Zeleni prsten Zagreba\u010dke \u017eupanije. Autorica slikovnice je Maja Pintar, a dizajn potpisuje Smak kolektiv. Zanimljiva je to pri\u010da o prijateljstvu glavnih [&hellip;]\" \/>\n<meta property=\"og:url\" content=\"https:\/\/knjiznice.nsk.hr\/senj\/9-7-2025-prva-srijeda-za-5-u-potrazi-za-lukasom\/\" \/>\n<meta property=\"og:site_name\" content=\"Gradska knji\u017enica Senj\" \/>\n<meta property=\"article:publisher\" content=\"http:\/\/facebook.com\/Gradska-knji%c5%benica-SENJ\" \/>\n<meta property=\"article:published_time\" content=\"2025-07-14T05:41:08+00:00\" \/>\n<meta property=\"og:image\" content=\"http:\/\/knjiznice.nsk.hr\/senj\/wp-content\/uploads\/sites\/60\/2025\/07\/luk.jpg\" \/>\n\t<meta property=\"og:image:width\" content=\"1000\" \/>\n\t<meta property=\"og:image:height\" content=\"563\" \/>\n<meta name=\"twitter:label1\" content=\"Procijenjeno vrijeme \u010ditanja\" \/>\n\t<meta name=\"twitter:data1\" content=\"1 minuta\" \/>\n<script type=\"application\/ld+json\" class=\"yoast-schema-graph\">{\"@context\":\"https:\/\/schema.org\",\"@graph\":[{\"@type\":\"WebSite\",\"@id\":\"https:\/\/knjiznice.nsk.hr\/senj\/#website\",\"url\":\"https:\/\/knjiznice.nsk.hr\/senj\/\",\"name\":\"Gradska knji\\u017enica Senj\",\"description\":\"S vama od 1835. godine\",\"potentialAction\":[{\"@type\":\"SearchAction\",\"target\":\"https:\/\/knjiznice.nsk.hr\/senj\/?s={search_term_string}\",\"query-input\":\"required name=search_term_string\"}],\"inLanguage\":\"hr\"},{\"@type\":\"ImageObject\",\"@id\":\"https:\/\/knjiznice.nsk.hr\/senj\/9-7-2025-prva-srijeda-za-5-u-potrazi-za-lukasom\/#primaryimage\",\"inLanguage\":\"hr\",\"url\":\"https:\/\/knjiznice.nsk.hr\/senj\/wp-content\/uploads\/sites\/60\/2025\/07\/luk.jpg\",\"contentUrl\":\"https:\/\/knjiznice.nsk.hr\/senj\/wp-content\/uploads\/sites\/60\/2025\/07\/luk.jpg\",\"width\":1000,\"height\":563},{\"@type\":\"WebPage\",\"@id\":\"https:\/\/knjiznice.nsk.hr\/senj\/9-7-2025-prva-srijeda-za-5-u-potrazi-za-lukasom\/#webpage\",\"url\":\"https:\/\/knjiznice.nsk.hr\/senj\/9-7-2025-prva-srijeda-za-5-u-potrazi-za-lukasom\/\",\"name\":\"9.7.2025.-prva \\u201eSrijeda za 5\\u201c-\\u201eU potrazi za Lukasom\\u201c - Gradska knji\\u017enica Senj\",\"isPartOf\":{\"@id\":\"https:\/\/knjiznice.nsk.hr\/senj\/#website\"},\"primaryImageOfPage\":{\"@id\":\"https:\/\/knjiznice.nsk.hr\/senj\/9-7-2025-prva-srijeda-za-5-u-potrazi-za-lukasom\/#primaryimage\"},\"datePublished\":\"2025-07-14T05:41:08+00:00\",\"dateModified\":\"2025-07-14T05:41:08+00:00\",\"author\":{\"@id\":\"https:\/\/knjiznice.nsk.hr\/senj\/#\/schema\/person\/c6b0893cdaca205d44fe2c322c042ac7\"},\"breadcrumb\":{\"@id\":\"https:\/\/knjiznice.nsk.hr\/senj\/9-7-2025-prva-srijeda-za-5-u-potrazi-za-lukasom\/#breadcrumb\"},\"inLanguage\":\"hr\",\"potentialAction\":[{\"@type\":\"ReadAction\",\"target\":[\"https:\/\/knjiznice.nsk.hr\/senj\/9-7-2025-prva-srijeda-za-5-u-potrazi-za-lukasom\/\"]}]},{\"@type\":\"BreadcrumbList\",\"@id\":\"https:\/\/knjiznice.nsk.hr\/senj\/9-7-2025-prva-srijeda-za-5-u-potrazi-za-lukasom\/#breadcrumb\",\"itemListElement\":[{\"@type\":\"ListItem\",\"position\":1,\"item\":{\"@type\":\"WebPage\",\"@id\":\"https:\/\/knjiznice.nsk.hr\/senj\/\",\"url\":\"https:\/\/knjiznice.nsk.hr\/senj\/\",\"name\":\"Po\\u010detna stranica\"}},{\"@type\":\"ListItem\",\"position\":2,\"item\":{\"@id\":\"https:\/\/knjiznice.nsk.hr\/senj\/9-7-2025-prva-srijeda-za-5-u-potrazi-za-lukasom\/#webpage\"}}]},{\"@type\":\"Person\",\"@id\":\"https:\/\/knjiznice.nsk.hr\/senj\/#\/schema\/person\/c6b0893cdaca205d44fe2c322c042ac7\",\"name\":\"senj\",\"image\":{\"@type\":\"ImageObject\",\"@id\":\"https:\/\/knjiznice.nsk.hr\/senj\/#personlogo\",\"inLanguage\":\"hr\",\"url\":\"https:\/\/secure.gravatar.com\/avatar\/b00e8e1a99b5ba41772fe68c6bcfd17c?s=96&d=mm&r=g\",\"contentUrl\":\"https:\/\/secure.gravatar.com\/avatar\/b00e8e1a99b5ba41772fe68c6bcfd17c?s=96&d=mm&r=g\",\"caption\":\"senj\"}}]}<\/script>\n<!-- \/ Yoast SEO plugin. -->","_links":{"self":[{"href":"https:\/\/knjiznice.nsk.hr\/senj\/wp-json\/wp\/v2\/posts\/3195"}],"collection":[{"href":"https:\/\/knjiznice.nsk.hr\/senj\/wp-json\/wp\/v2\/posts"}],"about":[{"href":"https:\/\/knjiznice.nsk.hr\/senj\/wp-json\/wp\/v2\/types\/post"}],"author":[{"embeddable":true,"href":"https:\/\/knjiznice.nsk.hr\/senj\/wp-json\/wp\/v2\/users\/58"}],"replies":[{"embeddable":true,"href":"https:\/\/knjiznice.nsk.hr\/senj\/wp-json\/wp\/v2\/comments?post=3195"}],"version-history":[{"count":1,"href":"https:\/\/knjiznice.nsk.hr\/senj\/wp-json\/wp\/v2\/posts\/3195\/revisions"}],"predecessor-version":[{"id":3197,"href":"https:\/\/knjiznice.nsk.hr\/senj\/wp-json\/wp\/v2\/posts\/3195\/revisions\/3197"}],"wp:featuredmedia":[{"embeddable":true,"href":"https:\/\/knjiznice.nsk.hr\/senj\/wp-json\/wp\/v2\/media\/3196"}],"wp:attachment":[{"href":"https:\/\/knjiznice.nsk.hr\/senj\/wp-json\/wp\/v2\/media?parent=3195"}],"wp:term":[{"taxonomy":"category","embeddable":true,"href":"https:\/\/knjiznice.nsk.hr\/senj\/wp-json\/wp\/v2\/categories?post=3195"},{"taxonomy":"post_tag","embeddable":true,"href":"https:\/\/knjiznice.nsk.hr\/senj\/wp-json\/wp\/v2\/tags?post=3195"}],"curies":[{"name":"wp","href":"https:\/\/api.w.org\/{rel}","templated":true}]}}