{"id":3186,"date":"2025-06-28T18:53:04","date_gmt":"2025-06-28T18:53:04","guid":{"rendered":"http:\/\/knjiznice.nsk.hr\/senj\/?p=3186"},"modified":"2025-06-28T18:53:04","modified_gmt":"2025-06-28T18:53:04","slug":"slika-senjskog-maturanta-2025-g","status":"publish","type":"post","link":"https:\/\/knjiznice.nsk.hr\/senj\/slika-senjskog-maturanta-2025-g\/","title":{"rendered":"SLIKA SENJSKOG MATURANTA 2025.g"},"content":{"rendered":"<p>U sklopu proslave Dana maturanata senjske gimnazije Gradska knji\u017enica Senj i Klub maturanata senjske gimnazije organizirali su tradicionalnu izlo\u017ebu \u201eSlika senjskog maturanta\u201c kojom se javnosti predstavljaju umjetni\u010dki radovi \u010dlanova Kluba.<br \/>\nOve godine zidove senjske knji\u017enice uresili su radovi Davorke \u0160krgulja i Mile Tomljanovi\u0107a- Luce.<br \/>\nDavorka \u0160krgulja, Senjkinja iz svita cijeli \u017eivot naginje umjetni\u010dkom izrazu, oduvijek je u njoj tinjala fascinacija \u017earkim koloritima, a svoj umjetni\u010dki put zapo\u010dinje 90-ih kada intencija da poka\u017ee i iznese svoje boje kona\u010dno biva ispunjena. Na po\u010detku svojega umjetni\u010dkoga stvaranja u njenom opusu prevladavaju akvareli i tematika ku\u0107ica, a kasnije je \u017eelja za intenzivnijom koloristi\u010dkom ekspresijom poti\u010de na prelazak i na druge teme i tehnike-akrilnu boju te na masni pastel.<br \/>\nBudu\u0107i da je Davorka zaljubljenica u svoj Senj i dobar je dio svog stvarala\u0161tva posvetila gradu pod Nehajem, i za ovu priliku pripremila je slike sa senjskim motivima i to u tehnici masnog pastela. Radovi su inspirirani ljepotom na\u0161e kule i ljepotom \u017eene.<\/p>\n<p>Mile Tomljanovi\u0107 Luce-maturant je senjske gimnazije 1976.godine. Gdin. Tomljanovi\u0107 \u017eivi i radi u Senju, a slikarstvom je, kako sam ka\u017ee, zara\u017een od malih nogu. Intenzivnije se po\u010dinje slikanjem baviti od 1978. godine. U svom radu prete\u017eito koristi pastel i ulje, a crta po vi\u0111enju i po predlo\u0161ku. Za sebe ka\u017ee da je vi\u0161e crta\u010d nego slikar. Dosad je imao 3 samostalne izlo\u017ebe, a ovo mu je 6.grupna izlo\u017eba.<br \/>\nSenj i senjski momenti prevladavaju u dugogodi\u0161njem slikarskom sta\u017eu umjetnika Tomljanovi\u0107a, pa je tako i ova izlo\u017eba ve\u0107inom oma\u017e senjskoj ljepoti. Mile je poznat i po svojim minijaturama koje i ovaj put predstavlja uz slika ve\u0107eg formata. Ina\u010de, po prvi puta se ogledao u jednoj slici i u apstrakciji. Tehnika izlo\u017eenih Lucinih slika je crte\u017e i pastel.<\/p>\n<p>U ime autora brojnim prisutnim maturantima obratila se Davorka \u0160krgulja ne skrivaju\u0107i zadovoljstvo \u0161to ima priliku izlo\u017eiti svoje radove u rodnom Senju.<br \/>\nIzlo\u017ebu je otvorio predsjednik Kluba maturanta senjske gimnazije prof. Silvije \u0160ojat naglasiv\u0161i kako je ova izlo\u017eba krasan dio bogatog programa pripremljenog za maturante koji se ove godine okupljaju po 45.put.<\/p>\n<p>Program otvorenja moderirala je ravnateljica Knji\u017enice prof. Ana Prpi\u0107 Rogi\u0107, a glazbom ga je oplemenio VIS Bonaca.<br \/>\nIzlo\u017eba \u0107e se mo\u0107i pogledati sve do 15.srpnja u radno vrijeme knji\u017enice. Izlo\u017eba je prodajnog karaktera, a sve informacije o cijenama slika mogu se dobiti na pultu knji\u017enice.<\/p>\n<p>Knji\u017enica se zahvaljuje:<br \/>\n-Klubu maturanata senjske gimnazije na uvijek dobroj suradnji<br \/>\n-Davorki i Mili na krasnim slikama<br \/>\n-Bonaci na sjajnim glazbenim brojevima<br \/>\n-maturantima na dolasku i lijepom dru\u017eenju<br \/>\n-medijima na pra\u0107enju<\/p>\n","protected":false},"excerpt":{"rendered":"<p>U sklopu proslave Dana maturanata senjske gimnazije Gradska knji\u017enica Senj i Klub maturanata senjske gimnazije organizirali su tradicionalnu izlo\u017ebu \u201eSlika senjskog maturanta\u201c kojom se javnosti predstavljaju umjetni\u010dki radovi \u010dlanova Kluba. Ove godine zidove senjske knji\u017enice uresili su radovi Davorke \u0160krgulja i Mile Tomljanovi\u0107a- Luce. Davorka \u0160krgulja, Senjkinja iz svita cijeli \u017eivot naginje umjetni\u010dkom izrazu, oduvijek [&hellip;]<\/p>\n","protected":false},"author":58,"featured_media":3187,"comment_status":"closed","ping_status":"closed","sticky":false,"template":"","format":"standard","meta":{"ngg_post_thumbnail":0},"categories":[8],"tags":[],"yoast_head":"<!-- This site is optimized with the Yoast SEO plugin v16.4 - https:\/\/yoast.com\/wordpress\/plugins\/seo\/ -->\n<meta name=\"robots\" content=\"index, follow, max-snippet:-1, max-image-preview:large, max-video-preview:-1\" \/>\n<link rel=\"canonical\" href=\"https:\/\/knjiznice.nsk.hr\/senj\/slika-senjskog-maturanta-2025-g\/\" \/>\n<meta property=\"og:locale\" content=\"hr_HR\" \/>\n<meta property=\"og:type\" content=\"article\" \/>\n<meta property=\"og:title\" content=\"SLIKA SENJSKOG MATURANTA 2025.g - Gradska knji\u017enica Senj\" \/>\n<meta property=\"og:description\" content=\"U sklopu proslave Dana maturanata senjske gimnazije Gradska knji\u017enica Senj i Klub maturanata senjske gimnazije organizirali su tradicionalnu izlo\u017ebu \u201eSlika senjskog maturanta\u201c kojom se javnosti predstavljaju umjetni\u010dki radovi \u010dlanova Kluba. Ove godine zidove senjske knji\u017enice uresili su radovi Davorke \u0160krgulja i Mile Tomljanovi\u0107a- Luce. Davorka \u0160krgulja, Senjkinja iz svita cijeli \u017eivot naginje umjetni\u010dkom izrazu, oduvijek [&hellip;]\" \/>\n<meta property=\"og:url\" content=\"https:\/\/knjiznice.nsk.hr\/senj\/slika-senjskog-maturanta-2025-g\/\" \/>\n<meta property=\"og:site_name\" content=\"Gradska knji\u017enica Senj\" \/>\n<meta property=\"article:publisher\" content=\"http:\/\/facebook.com\/Gradska-knji%c5%benica-SENJ\" \/>\n<meta property=\"article:published_time\" content=\"2025-06-28T18:53:04+00:00\" \/>\n<meta property=\"og:image\" content=\"http:\/\/knjiznice.nsk.hr\/senj\/wp-content\/uploads\/sites\/60\/2025\/06\/IMG-66b21a379f9abd5b03dca5dbd6c0148c-V.jpg\" \/>\n\t<meta property=\"og:image:width\" content=\"1600\" \/>\n\t<meta property=\"og:image:height\" content=\"1200\" \/>\n<meta name=\"twitter:label1\" content=\"Procijenjeno vrijeme \u010ditanja\" \/>\n\t<meta name=\"twitter:data1\" content=\"2 minute\" \/>\n<script type=\"application\/ld+json\" class=\"yoast-schema-graph\">{\"@context\":\"https:\/\/schema.org\",\"@graph\":[{\"@type\":\"WebSite\",\"@id\":\"https:\/\/knjiznice.nsk.hr\/senj\/#website\",\"url\":\"https:\/\/knjiznice.nsk.hr\/senj\/\",\"name\":\"Gradska knji\\u017enica Senj\",\"description\":\"S vama od 1835. godine\",\"potentialAction\":[{\"@type\":\"SearchAction\",\"target\":\"https:\/\/knjiznice.nsk.hr\/senj\/?s={search_term_string}\",\"query-input\":\"required name=search_term_string\"}],\"inLanguage\":\"hr\"},{\"@type\":\"ImageObject\",\"@id\":\"https:\/\/knjiznice.nsk.hr\/senj\/slika-senjskog-maturanta-2025-g\/#primaryimage\",\"inLanguage\":\"hr\",\"url\":\"https:\/\/knjiznice.nsk.hr\/senj\/wp-content\/uploads\/sites\/60\/2025\/06\/IMG-66b21a379f9abd5b03dca5dbd6c0148c-V.jpg\",\"contentUrl\":\"https:\/\/knjiznice.nsk.hr\/senj\/wp-content\/uploads\/sites\/60\/2025\/06\/IMG-66b21a379f9abd5b03dca5dbd6c0148c-V.jpg\",\"width\":1600,\"height\":1200},{\"@type\":\"WebPage\",\"@id\":\"https:\/\/knjiznice.nsk.hr\/senj\/slika-senjskog-maturanta-2025-g\/#webpage\",\"url\":\"https:\/\/knjiznice.nsk.hr\/senj\/slika-senjskog-maturanta-2025-g\/\",\"name\":\"SLIKA SENJSKOG MATURANTA 2025.g - Gradska knji\\u017enica Senj\",\"isPartOf\":{\"@id\":\"https:\/\/knjiznice.nsk.hr\/senj\/#website\"},\"primaryImageOfPage\":{\"@id\":\"https:\/\/knjiznice.nsk.hr\/senj\/slika-senjskog-maturanta-2025-g\/#primaryimage\"},\"datePublished\":\"2025-06-28T18:53:04+00:00\",\"dateModified\":\"2025-06-28T18:53:04+00:00\",\"author\":{\"@id\":\"https:\/\/knjiznice.nsk.hr\/senj\/#\/schema\/person\/c6b0893cdaca205d44fe2c322c042ac7\"},\"breadcrumb\":{\"@id\":\"https:\/\/knjiznice.nsk.hr\/senj\/slika-senjskog-maturanta-2025-g\/#breadcrumb\"},\"inLanguage\":\"hr\",\"potentialAction\":[{\"@type\":\"ReadAction\",\"target\":[\"https:\/\/knjiznice.nsk.hr\/senj\/slika-senjskog-maturanta-2025-g\/\"]}]},{\"@type\":\"BreadcrumbList\",\"@id\":\"https:\/\/knjiznice.nsk.hr\/senj\/slika-senjskog-maturanta-2025-g\/#breadcrumb\",\"itemListElement\":[{\"@type\":\"ListItem\",\"position\":1,\"item\":{\"@type\":\"WebPage\",\"@id\":\"https:\/\/knjiznice.nsk.hr\/senj\/\",\"url\":\"https:\/\/knjiznice.nsk.hr\/senj\/\",\"name\":\"Po\\u010detna stranica\"}},{\"@type\":\"ListItem\",\"position\":2,\"item\":{\"@id\":\"https:\/\/knjiznice.nsk.hr\/senj\/slika-senjskog-maturanta-2025-g\/#webpage\"}}]},{\"@type\":\"Person\",\"@id\":\"https:\/\/knjiznice.nsk.hr\/senj\/#\/schema\/person\/c6b0893cdaca205d44fe2c322c042ac7\",\"name\":\"senj\",\"image\":{\"@type\":\"ImageObject\",\"@id\":\"https:\/\/knjiznice.nsk.hr\/senj\/#personlogo\",\"inLanguage\":\"hr\",\"url\":\"https:\/\/secure.gravatar.com\/avatar\/b00e8e1a99b5ba41772fe68c6bcfd17c?s=96&d=mm&r=g\",\"contentUrl\":\"https:\/\/secure.gravatar.com\/avatar\/b00e8e1a99b5ba41772fe68c6bcfd17c?s=96&d=mm&r=g\",\"caption\":\"senj\"}}]}<\/script>\n<!-- \/ Yoast SEO plugin. -->","_links":{"self":[{"href":"https:\/\/knjiznice.nsk.hr\/senj\/wp-json\/wp\/v2\/posts\/3186"}],"collection":[{"href":"https:\/\/knjiznice.nsk.hr\/senj\/wp-json\/wp\/v2\/posts"}],"about":[{"href":"https:\/\/knjiznice.nsk.hr\/senj\/wp-json\/wp\/v2\/types\/post"}],"author":[{"embeddable":true,"href":"https:\/\/knjiznice.nsk.hr\/senj\/wp-json\/wp\/v2\/users\/58"}],"replies":[{"embeddable":true,"href":"https:\/\/knjiznice.nsk.hr\/senj\/wp-json\/wp\/v2\/comments?post=3186"}],"version-history":[{"count":1,"href":"https:\/\/knjiznice.nsk.hr\/senj\/wp-json\/wp\/v2\/posts\/3186\/revisions"}],"predecessor-version":[{"id":3188,"href":"https:\/\/knjiznice.nsk.hr\/senj\/wp-json\/wp\/v2\/posts\/3186\/revisions\/3188"}],"wp:featuredmedia":[{"embeddable":true,"href":"https:\/\/knjiznice.nsk.hr\/senj\/wp-json\/wp\/v2\/media\/3187"}],"wp:attachment":[{"href":"https:\/\/knjiznice.nsk.hr\/senj\/wp-json\/wp\/v2\/media?parent=3186"}],"wp:term":[{"taxonomy":"category","embeddable":true,"href":"https:\/\/knjiznice.nsk.hr\/senj\/wp-json\/wp\/v2\/categories?post=3186"},{"taxonomy":"post_tag","embeddable":true,"href":"https:\/\/knjiznice.nsk.hr\/senj\/wp-json\/wp\/v2\/tags?post=3186"}],"curies":[{"name":"wp","href":"https:\/\/api.w.org\/{rel}","templated":true}]}}