{"id":3154,"date":"2025-04-24T07:48:06","date_gmt":"2025-04-24T07:48:06","guid":{"rendered":"http:\/\/knjiznice.nsk.hr\/senj\/?p=3154"},"modified":"2025-04-24T07:48:06","modified_gmt":"2025-04-24T07:48:06","slug":"odrzana-senjska-noc-knjige-2","status":"publish","type":"post","link":"https:\/\/knjiznice.nsk.hr\/senj\/odrzana-senjska-noc-knjige-2\/","title":{"rendered":"ODR\u017dANA SENJSKA NO\u0106 KNJIGE"},"content":{"rendered":"<p>U sklopu proslave Dana grada Senja odr\u017eana je u Gradskoj knji\u017enici Senj No\u0107 knjige.<br \/>\n-Ve\u010deras cijela Hrvatska slavi knjigu i \u010ditanje, a mi se toj manifestaciji s rado\u0161\u0107u pridru\u017eujemo ve\u0107 12 godina. Cilj projekta je kroz jedinstvenu manifestaciju potaknuti kulturu \u010ditanja i uva\u017eavanja knjige kao civilizacijskog i kulturnog dosega. Povod za to pru\u017eaju nam Svjetski dan knjige i autorskih prava (23. travnja) i Dan hrvatske knjige (22. travnja), rekla je uvodno ravnateljica senjske knji\u017enice Ana Prpi\u0107 Rogi\u0107.<\/p>\n<p>U senjskoj No\u0107i knjige gostovao je glazbenik i putopisac Hrvoje Rup\u010di\u0107.<br \/>\nNjegova prva knjiga Himalajski dnevnik objavljena je 2018.g, a nastala je tijekom himalajske ekspedicije Vlaji na Himalaji.<br \/>\nU drugoj knjizi pod nazivom U zemlji plemenitih ljudi izdanoj 2020.godine opisano je dvomjese\u010dno putovanje motorom prostranstvima drevne Perzije. Od svog prvog izdanja do danas jedna je od najprodavanijih i naj\u010ditanijih putopisnih knjiga u Hrvatskoj. Prevedena je na perzijski jezik te je u Iranu do\u017eivjela ve\u0107 dva izdanja. Prevedena je i na engleski i arapski jezik.<br \/>\nPutopisna slikovnica Djeca sredi\u0161nje Azije objavljena je 2022.godine i dio je biblioteke Slikovnica -prozor u svijet koja se realizira pod pokroviteljstvom Ministarstva kulture i medija RH.<br \/>\nHrvoje je u Senju predstavio svoju novu knjigu Pute\u0161estvije po Turkestanu- Motoristi\u010dka avantura s puta svile.<br \/>\nDvanaest dr\u017eava, 15 000 kilometara, sve u 38 dana. Hrvoje i njegova dru\u017eica Ivana priredili su novo \u0161tivo sa zapisima s njihova putovanja u srce Sredi\u0161nje Azije, krajeve \u010dija su imena dr\u017eava ve\u0107 dovoljna da nas suo\u010de s vlastitim i zapadnja\u010dkim umom ome\u0111enim neznanjem. Hrvoje zna kako prije\u0107i preko te granice, kako se otvoriti i zbli\u017eiti s drugima, kako u sve tamnijoj slici svijeta putovati i vratiti se s osmijehom \u010diste sre\u0107e.<br \/>\nHrvoje je kroz rije\u010d i sliku do\u010darao publici  sve zgode i nezgode na toj velikoj avanturi i otkrio mnoge nepoznate \u010dinjenice o zemljama koje je proputovao.<br \/>\nU nastavku No\u0107i knjige Senjani su sudjelovali u akciji \u201eKnjiga od srca\u201c. Cijelu no\u0107 prodavale su se knjige (donacije sugra\u0111ana) po povoljnim cijenama, a sav prihod ide potrebitim obiteljima s podru\u010dja Grada Senja.<br \/>\nTako\u0111er, mogli su razgledati izlo\u017ebu \u201eNa\u0161em Kranj\u010devi\u0107u u \u010dast\u201c prire\u0111enu povodom 160. godi\u0161njice ro\u0111enja velikog hrvatskog pjesnika i senjskog sina Silvija Strahimira Kranj\u010devi\u0107a.<br \/>\nCijelu no\u0107 se mogla razdu\u017eivati i posu\u0111ivati knji\u017eni\u010dna gra\u0111a, a mogle su se i vratiti knjige bez pla\u0107anja zakasnine.<br \/>\nProgram senjske No\u0107i knjige glazbom je oplemenio gitarist i pjeva\u010d Tomica Jambro\u0161i\u0107.<br \/>\nBio je to doga\u0111aj ispunjen zanimljivim pri\u010dama, glazbom i dobrim vibracijama, a zadovoljni posjetitelji dru\u017eili su se u knji\u017enici do duboko u no\u0107.<br \/>\nGradska knji\u017enica Senj zahvaljuje:<br \/>\n-Hrvoju Rup\u010di\u0107u na zanimljivom predavanju<br \/>\n-Tomici Jambro\u0161i\u0107u na divnoj svirci<br \/>\n-posjetiteljima na dolsku i pa\u017enji<br \/>\n-medijima na pra\u0107enju.<\/p>\n","protected":false},"excerpt":{"rendered":"<p>U sklopu proslave Dana grada Senja odr\u017eana je u Gradskoj knji\u017enici Senj No\u0107 knjige. -Ve\u010deras cijela Hrvatska slavi knjigu i \u010ditanje, a mi se toj manifestaciji s rado\u0161\u0107u pridru\u017eujemo ve\u0107 12 godina. Cilj projekta je kroz jedinstvenu manifestaciju potaknuti kulturu \u010ditanja i uva\u017eavanja knjige kao civilizacijskog i kulturnog dosega. Povod za to pru\u017eaju nam Svjetski [&hellip;]<\/p>\n","protected":false},"author":58,"featured_media":3155,"comment_status":"closed","ping_status":"closed","sticky":false,"template":"","format":"standard","meta":{"ngg_post_thumbnail":0},"categories":[8],"tags":[],"yoast_head":"<!-- This site is optimized with the Yoast SEO plugin v16.4 - https:\/\/yoast.com\/wordpress\/plugins\/seo\/ -->\n<meta name=\"robots\" content=\"index, follow, max-snippet:-1, max-image-preview:large, max-video-preview:-1\" \/>\n<link rel=\"canonical\" href=\"https:\/\/knjiznice.nsk.hr\/senj\/odrzana-senjska-noc-knjige-2\/\" \/>\n<meta property=\"og:locale\" content=\"hr_HR\" \/>\n<meta property=\"og:type\" content=\"article\" \/>\n<meta property=\"og:title\" content=\"ODR\u017dANA SENJSKA NO\u0106 KNJIGE - Gradska knji\u017enica Senj\" \/>\n<meta property=\"og:description\" content=\"U sklopu proslave Dana grada Senja odr\u017eana je u Gradskoj knji\u017enici Senj No\u0107 knjige. -Ve\u010deras cijela Hrvatska slavi knjigu i \u010ditanje, a mi se toj manifestaciji s rado\u0161\u0107u pridru\u017eujemo ve\u0107 12 godina. Cilj projekta je kroz jedinstvenu manifestaciju potaknuti kulturu \u010ditanja i uva\u017eavanja knjige kao civilizacijskog i kulturnog dosega. Povod za to pru\u017eaju nam Svjetski [&hellip;]\" \/>\n<meta property=\"og:url\" content=\"https:\/\/knjiznice.nsk.hr\/senj\/odrzana-senjska-noc-knjige-2\/\" \/>\n<meta property=\"og:site_name\" content=\"Gradska knji\u017enica Senj\" \/>\n<meta property=\"article:publisher\" content=\"http:\/\/facebook.com\/Gradska-knji%c5%benica-SENJ\" \/>\n<meta property=\"article:published_time\" content=\"2025-04-24T07:48:06+00:00\" \/>\n<meta property=\"og:image\" content=\"http:\/\/knjiznice.nsk.hr\/senj\/wp-content\/uploads\/sites\/60\/2025\/04\/IMG-66004eb81933eb7d2cb34471ccdd37fd-V.jpg\" \/>\n\t<meta property=\"og:image:width\" content=\"1600\" \/>\n\t<meta property=\"og:image:height\" content=\"1200\" \/>\n<meta name=\"twitter:label1\" content=\"Procijenjeno vrijeme \u010ditanja\" \/>\n\t<meta name=\"twitter:data1\" content=\"2 minute\" \/>\n<script type=\"application\/ld+json\" class=\"yoast-schema-graph\">{\"@context\":\"https:\/\/schema.org\",\"@graph\":[{\"@type\":\"WebSite\",\"@id\":\"https:\/\/knjiznice.nsk.hr\/senj\/#website\",\"url\":\"https:\/\/knjiznice.nsk.hr\/senj\/\",\"name\":\"Gradska knji\\u017enica Senj\",\"description\":\"S vama od 1835. godine\",\"potentialAction\":[{\"@type\":\"SearchAction\",\"target\":\"https:\/\/knjiznice.nsk.hr\/senj\/?s={search_term_string}\",\"query-input\":\"required name=search_term_string\"}],\"inLanguage\":\"hr\"},{\"@type\":\"ImageObject\",\"@id\":\"https:\/\/knjiznice.nsk.hr\/senj\/odrzana-senjska-noc-knjige-2\/#primaryimage\",\"inLanguage\":\"hr\",\"url\":\"https:\/\/knjiznice.nsk.hr\/senj\/wp-content\/uploads\/sites\/60\/2025\/04\/IMG-66004eb81933eb7d2cb34471ccdd37fd-V.jpg\",\"contentUrl\":\"https:\/\/knjiznice.nsk.hr\/senj\/wp-content\/uploads\/sites\/60\/2025\/04\/IMG-66004eb81933eb7d2cb34471ccdd37fd-V.jpg\",\"width\":1600,\"height\":1200},{\"@type\":\"WebPage\",\"@id\":\"https:\/\/knjiznice.nsk.hr\/senj\/odrzana-senjska-noc-knjige-2\/#webpage\",\"url\":\"https:\/\/knjiznice.nsk.hr\/senj\/odrzana-senjska-noc-knjige-2\/\",\"name\":\"ODR\\u017dANA SENJSKA NO\\u0106 KNJIGE - Gradska knji\\u017enica Senj\",\"isPartOf\":{\"@id\":\"https:\/\/knjiznice.nsk.hr\/senj\/#website\"},\"primaryImageOfPage\":{\"@id\":\"https:\/\/knjiznice.nsk.hr\/senj\/odrzana-senjska-noc-knjige-2\/#primaryimage\"},\"datePublished\":\"2025-04-24T07:48:06+00:00\",\"dateModified\":\"2025-04-24T07:48:06+00:00\",\"author\":{\"@id\":\"https:\/\/knjiznice.nsk.hr\/senj\/#\/schema\/person\/c6b0893cdaca205d44fe2c322c042ac7\"},\"breadcrumb\":{\"@id\":\"https:\/\/knjiznice.nsk.hr\/senj\/odrzana-senjska-noc-knjige-2\/#breadcrumb\"},\"inLanguage\":\"hr\",\"potentialAction\":[{\"@type\":\"ReadAction\",\"target\":[\"https:\/\/knjiznice.nsk.hr\/senj\/odrzana-senjska-noc-knjige-2\/\"]}]},{\"@type\":\"BreadcrumbList\",\"@id\":\"https:\/\/knjiznice.nsk.hr\/senj\/odrzana-senjska-noc-knjige-2\/#breadcrumb\",\"itemListElement\":[{\"@type\":\"ListItem\",\"position\":1,\"item\":{\"@type\":\"WebPage\",\"@id\":\"https:\/\/knjiznice.nsk.hr\/senj\/\",\"url\":\"https:\/\/knjiznice.nsk.hr\/senj\/\",\"name\":\"Po\\u010detna stranica\"}},{\"@type\":\"ListItem\",\"position\":2,\"item\":{\"@id\":\"https:\/\/knjiznice.nsk.hr\/senj\/odrzana-senjska-noc-knjige-2\/#webpage\"}}]},{\"@type\":\"Person\",\"@id\":\"https:\/\/knjiznice.nsk.hr\/senj\/#\/schema\/person\/c6b0893cdaca205d44fe2c322c042ac7\",\"name\":\"senj\",\"image\":{\"@type\":\"ImageObject\",\"@id\":\"https:\/\/knjiznice.nsk.hr\/senj\/#personlogo\",\"inLanguage\":\"hr\",\"url\":\"https:\/\/secure.gravatar.com\/avatar\/b00e8e1a99b5ba41772fe68c6bcfd17c?s=96&d=mm&r=g\",\"contentUrl\":\"https:\/\/secure.gravatar.com\/avatar\/b00e8e1a99b5ba41772fe68c6bcfd17c?s=96&d=mm&r=g\",\"caption\":\"senj\"}}]}<\/script>\n<!-- \/ Yoast SEO plugin. -->","_links":{"self":[{"href":"https:\/\/knjiznice.nsk.hr\/senj\/wp-json\/wp\/v2\/posts\/3154"}],"collection":[{"href":"https:\/\/knjiznice.nsk.hr\/senj\/wp-json\/wp\/v2\/posts"}],"about":[{"href":"https:\/\/knjiznice.nsk.hr\/senj\/wp-json\/wp\/v2\/types\/post"}],"author":[{"embeddable":true,"href":"https:\/\/knjiznice.nsk.hr\/senj\/wp-json\/wp\/v2\/users\/58"}],"replies":[{"embeddable":true,"href":"https:\/\/knjiznice.nsk.hr\/senj\/wp-json\/wp\/v2\/comments?post=3154"}],"version-history":[{"count":1,"href":"https:\/\/knjiznice.nsk.hr\/senj\/wp-json\/wp\/v2\/posts\/3154\/revisions"}],"predecessor-version":[{"id":3156,"href":"https:\/\/knjiznice.nsk.hr\/senj\/wp-json\/wp\/v2\/posts\/3154\/revisions\/3156"}],"wp:featuredmedia":[{"embeddable":true,"href":"https:\/\/knjiznice.nsk.hr\/senj\/wp-json\/wp\/v2\/media\/3155"}],"wp:attachment":[{"href":"https:\/\/knjiznice.nsk.hr\/senj\/wp-json\/wp\/v2\/media?parent=3154"}],"wp:term":[{"taxonomy":"category","embeddable":true,"href":"https:\/\/knjiznice.nsk.hr\/senj\/wp-json\/wp\/v2\/categories?post=3154"},{"taxonomy":"post_tag","embeddable":true,"href":"https:\/\/knjiznice.nsk.hr\/senj\/wp-json\/wp\/v2\/tags?post=3154"}],"curies":[{"name":"wp","href":"https:\/\/api.w.org\/{rel}","templated":true}]}}