{"id":3009,"date":"2024-10-18T06:04:24","date_gmt":"2024-10-18T06:04:24","guid":{"rendered":"http:\/\/knjiznice.nsk.hr\/senj\/?p=3009"},"modified":"2024-10-18T06:04:24","modified_gmt":"2024-10-18T06:04:24","slug":"predstavljanje-knjige-ja-pa-ja-i-opet-ja-josipe-pavicic","status":"publish","type":"post","link":"https:\/\/knjiznice.nsk.hr\/senj\/predstavljanje-knjige-ja-pa-ja-i-opet-ja-josipe-pavicic\/","title":{"rendered":"PREDSTAVLJANJE KNJIGE \u201eJA, PA JA I OPET JA\u201c JOSIPE PAVI\u010cI\u0106"},"content":{"rendered":"<p>U sklopu Mjeseca hrvatske knjige u Gradskoj knji\u017enici Senj odr\u017eana je promocija knjige \u201eJa, pa ja i opet ja\u201c Josipe Pavi\u010di\u0107.<br \/>\nJosipa Pavi\u010di\u0107 spisateljica je i voditeljica predavanja i radionica samopomo\u0107i i osobnog rasta i razvoja. Pou\u010dava autogeni trening i poti\u010de druge ljude da krenu u potragu za pozitivnim promjenama. Dva desetlje\u0107a karijere provela je u tiskanim i TV medijima. Autorica je bestselera \u201e\u0160est milimetara: ispovijest o boli i pobjedi\u201c koji je tako\u0111er uspje\u0161no predstavila 2018.g. u senjskoj knji\u017enici, a sada se senjskoj publici predstavila s novom knjigom \u201eJa, pa ja i opet ja\u201c.<br \/>\nJosipa Pavi\u010di\u0107 u ovoj knjizi pomno prou\u010dava narcisoidnu osobnost, taj neizlje\u010div i \u010desto za okolinu razoran poreme\u0107aj s kojim se danas sve \u010de\u0161\u0107e susre\u0107emo u svim \u017eivotnim podru\u010djima. Knjigu je ilustrirala istinitim pri\u010dama s kojima se mnogi od nas mogu poistovjetiti i mo\u017eda u njima prepoznati sli\u010dna osobna iskustva, a uz pomo\u0107 tehnika i alata koje nam Josipa nudi mo\u017eemo nau\u010diti kako prepoznati \u201enarcisa\u201c, ali i \u0161to bezbolnije i br\u017ee iscijeliti se ako nam se ipak dogodi ljubav ili bliski susret s njim. Napisana jednostavno i pitko, ali istodobno stru\u010dno, ova \u0107e nas knjiga ohrabriti i pomo\u0107i nam da povratimo poljuljano samopouzdanje i nastavimo \u017eivjeti onako kako zavrje\u0111ujemo: sretno, zadovoljno, punim plu\u0107ima, s vjerom u \u017eivot i ljude.<br \/>\nVi\u0161e od sat vremena publika je sa zanimanjem pratila promociju, a nakon toga Josipa je odgovarala na pitanja publike, potpisivala knjige i dru\u017eila se s nama.<br \/>\nGradska knji\u017enica Senj zahvaljuje Josipi Pavi\u010di\u0107 na krasnoj, zanimljivoj i pou\u010dnoj knji\u017eevnoj ve\u010deri. Tako\u0111er, hvala publici na dolasku i pa\u017enji te medijima na pra\u0107enju.<\/p>\n","protected":false},"excerpt":{"rendered":"<p>U sklopu Mjeseca hrvatske knjige u Gradskoj knji\u017enici Senj odr\u017eana je promocija knjige \u201eJa, pa ja i opet ja\u201c Josipe Pavi\u010di\u0107. Josipa Pavi\u010di\u0107 spisateljica je i voditeljica predavanja i radionica samopomo\u0107i i osobnog rasta i razvoja. Pou\u010dava autogeni trening i poti\u010de druge ljude da krenu u potragu za pozitivnim promjenama. Dva desetlje\u0107a karijere provela je [&hellip;]<\/p>\n","protected":false},"author":58,"featured_media":3010,"comment_status":"closed","ping_status":"closed","sticky":false,"template":"","format":"standard","meta":{"ngg_post_thumbnail":0},"categories":[8],"tags":[],"yoast_head":"<!-- This site is optimized with the Yoast SEO plugin v16.4 - https:\/\/yoast.com\/wordpress\/plugins\/seo\/ -->\n<meta name=\"robots\" content=\"index, follow, max-snippet:-1, max-image-preview:large, max-video-preview:-1\" \/>\n<link rel=\"canonical\" href=\"https:\/\/knjiznice.nsk.hr\/senj\/predstavljanje-knjige-ja-pa-ja-i-opet-ja-josipe-pavicic\/\" \/>\n<meta property=\"og:locale\" content=\"hr_HR\" \/>\n<meta property=\"og:type\" content=\"article\" \/>\n<meta property=\"og:title\" content=\"PREDSTAVLJANJE KNJIGE \u201eJA, PA JA I OPET JA\u201c JOSIPE PAVI\u010cI\u0106 - Gradska knji\u017enica Senj\" \/>\n<meta property=\"og:description\" content=\"U sklopu Mjeseca hrvatske knjige u Gradskoj knji\u017enici Senj odr\u017eana je promocija knjige \u201eJa, pa ja i opet ja\u201c Josipe Pavi\u010di\u0107. Josipa Pavi\u010di\u0107 spisateljica je i voditeljica predavanja i radionica samopomo\u0107i i osobnog rasta i razvoja. Pou\u010dava autogeni trening i poti\u010de druge ljude da krenu u potragu za pozitivnim promjenama. Dva desetlje\u0107a karijere provela je [&hellip;]\" \/>\n<meta property=\"og:url\" content=\"https:\/\/knjiznice.nsk.hr\/senj\/predstavljanje-knjige-ja-pa-ja-i-opet-ja-josipe-pavicic\/\" \/>\n<meta property=\"og:site_name\" content=\"Gradska knji\u017enica Senj\" \/>\n<meta property=\"article:publisher\" content=\"http:\/\/facebook.com\/Gradska-knji%c5%benica-SENJ\" \/>\n<meta property=\"article:published_time\" content=\"2024-10-18T06:04:24+00:00\" \/>\n<meta property=\"og:image\" content=\"http:\/\/knjiznice.nsk.hr\/senj\/wp-content\/uploads\/sites\/60\/2024\/10\/jweb.jpg\" \/>\n\t<meta property=\"og:image:width\" content=\"1600\" \/>\n\t<meta property=\"og:image:height\" content=\"1200\" \/>\n<meta name=\"twitter:label1\" content=\"Procijenjeno vrijeme \u010ditanja\" \/>\n\t<meta name=\"twitter:data1\" content=\"2 minute\" \/>\n<script type=\"application\/ld+json\" class=\"yoast-schema-graph\">{\"@context\":\"https:\/\/schema.org\",\"@graph\":[{\"@type\":\"WebSite\",\"@id\":\"https:\/\/knjiznice.nsk.hr\/senj\/#website\",\"url\":\"https:\/\/knjiznice.nsk.hr\/senj\/\",\"name\":\"Gradska knji\\u017enica Senj\",\"description\":\"S vama od 1835. godine\",\"potentialAction\":[{\"@type\":\"SearchAction\",\"target\":\"https:\/\/knjiznice.nsk.hr\/senj\/?s={search_term_string}\",\"query-input\":\"required name=search_term_string\"}],\"inLanguage\":\"hr\"},{\"@type\":\"ImageObject\",\"@id\":\"https:\/\/knjiznice.nsk.hr\/senj\/predstavljanje-knjige-ja-pa-ja-i-opet-ja-josipe-pavicic\/#primaryimage\",\"inLanguage\":\"hr\",\"url\":\"https:\/\/knjiznice.nsk.hr\/senj\/wp-content\/uploads\/sites\/60\/2024\/10\/jweb.jpg\",\"contentUrl\":\"https:\/\/knjiznice.nsk.hr\/senj\/wp-content\/uploads\/sites\/60\/2024\/10\/jweb.jpg\",\"width\":1600,\"height\":1200},{\"@type\":\"WebPage\",\"@id\":\"https:\/\/knjiznice.nsk.hr\/senj\/predstavljanje-knjige-ja-pa-ja-i-opet-ja-josipe-pavicic\/#webpage\",\"url\":\"https:\/\/knjiznice.nsk.hr\/senj\/predstavljanje-knjige-ja-pa-ja-i-opet-ja-josipe-pavicic\/\",\"name\":\"PREDSTAVLJANJE KNJIGE \\u201eJA, PA JA I OPET JA\\u201c JOSIPE PAVI\\u010cI\\u0106 - Gradska knji\\u017enica Senj\",\"isPartOf\":{\"@id\":\"https:\/\/knjiznice.nsk.hr\/senj\/#website\"},\"primaryImageOfPage\":{\"@id\":\"https:\/\/knjiznice.nsk.hr\/senj\/predstavljanje-knjige-ja-pa-ja-i-opet-ja-josipe-pavicic\/#primaryimage\"},\"datePublished\":\"2024-10-18T06:04:24+00:00\",\"dateModified\":\"2024-10-18T06:04:24+00:00\",\"author\":{\"@id\":\"https:\/\/knjiznice.nsk.hr\/senj\/#\/schema\/person\/c6b0893cdaca205d44fe2c322c042ac7\"},\"breadcrumb\":{\"@id\":\"https:\/\/knjiznice.nsk.hr\/senj\/predstavljanje-knjige-ja-pa-ja-i-opet-ja-josipe-pavicic\/#breadcrumb\"},\"inLanguage\":\"hr\",\"potentialAction\":[{\"@type\":\"ReadAction\",\"target\":[\"https:\/\/knjiznice.nsk.hr\/senj\/predstavljanje-knjige-ja-pa-ja-i-opet-ja-josipe-pavicic\/\"]}]},{\"@type\":\"BreadcrumbList\",\"@id\":\"https:\/\/knjiznice.nsk.hr\/senj\/predstavljanje-knjige-ja-pa-ja-i-opet-ja-josipe-pavicic\/#breadcrumb\",\"itemListElement\":[{\"@type\":\"ListItem\",\"position\":1,\"item\":{\"@type\":\"WebPage\",\"@id\":\"https:\/\/knjiznice.nsk.hr\/senj\/\",\"url\":\"https:\/\/knjiznice.nsk.hr\/senj\/\",\"name\":\"Po\\u010detna stranica\"}},{\"@type\":\"ListItem\",\"position\":2,\"item\":{\"@id\":\"https:\/\/knjiznice.nsk.hr\/senj\/predstavljanje-knjige-ja-pa-ja-i-opet-ja-josipe-pavicic\/#webpage\"}}]},{\"@type\":\"Person\",\"@id\":\"https:\/\/knjiznice.nsk.hr\/senj\/#\/schema\/person\/c6b0893cdaca205d44fe2c322c042ac7\",\"name\":\"senj\",\"image\":{\"@type\":\"ImageObject\",\"@id\":\"https:\/\/knjiznice.nsk.hr\/senj\/#personlogo\",\"inLanguage\":\"hr\",\"url\":\"https:\/\/secure.gravatar.com\/avatar\/b00e8e1a99b5ba41772fe68c6bcfd17c?s=96&d=mm&r=g\",\"contentUrl\":\"https:\/\/secure.gravatar.com\/avatar\/b00e8e1a99b5ba41772fe68c6bcfd17c?s=96&d=mm&r=g\",\"caption\":\"senj\"}}]}<\/script>\n<!-- \/ Yoast SEO plugin. -->","_links":{"self":[{"href":"https:\/\/knjiznice.nsk.hr\/senj\/wp-json\/wp\/v2\/posts\/3009"}],"collection":[{"href":"https:\/\/knjiznice.nsk.hr\/senj\/wp-json\/wp\/v2\/posts"}],"about":[{"href":"https:\/\/knjiznice.nsk.hr\/senj\/wp-json\/wp\/v2\/types\/post"}],"author":[{"embeddable":true,"href":"https:\/\/knjiznice.nsk.hr\/senj\/wp-json\/wp\/v2\/users\/58"}],"replies":[{"embeddable":true,"href":"https:\/\/knjiznice.nsk.hr\/senj\/wp-json\/wp\/v2\/comments?post=3009"}],"version-history":[{"count":1,"href":"https:\/\/knjiznice.nsk.hr\/senj\/wp-json\/wp\/v2\/posts\/3009\/revisions"}],"predecessor-version":[{"id":3011,"href":"https:\/\/knjiznice.nsk.hr\/senj\/wp-json\/wp\/v2\/posts\/3009\/revisions\/3011"}],"wp:featuredmedia":[{"embeddable":true,"href":"https:\/\/knjiznice.nsk.hr\/senj\/wp-json\/wp\/v2\/media\/3010"}],"wp:attachment":[{"href":"https:\/\/knjiznice.nsk.hr\/senj\/wp-json\/wp\/v2\/media?parent=3009"}],"wp:term":[{"taxonomy":"category","embeddable":true,"href":"https:\/\/knjiznice.nsk.hr\/senj\/wp-json\/wp\/v2\/categories?post=3009"},{"taxonomy":"post_tag","embeddable":true,"href":"https:\/\/knjiznice.nsk.hr\/senj\/wp-json\/wp\/v2\/tags?post=3009"}],"curies":[{"name":"wp","href":"https:\/\/api.w.org\/{rel}","templated":true}]}}