{"id":3000,"date":"2024-10-09T06:27:59","date_gmt":"2024-10-09T06:27:59","guid":{"rendered":"http:\/\/knjiznice.nsk.hr\/senj\/?p=3000"},"modified":"2024-10-09T06:27:59","modified_gmt":"2024-10-09T06:27:59","slug":"radionica-slikanja-poezije-i-vina","status":"publish","type":"post","link":"https:\/\/knjiznice.nsk.hr\/senj\/radionica-slikanja-poezije-i-vina\/","title":{"rendered":"RADIONICA SLIKANJA, POEZIJE I VINA"},"content":{"rendered":"<p>Ovaj tjedan u na\u0161oj je knji\u017enici odr\u017eana ve\u010der slikanja, poezije i vina. Sukladno obe\u0107anju i zbog velikog interesa, nakon uspje\u0161ne radionice proljetos, organizirali smo ponovno radionicu slikanja, poezije i vina pod vodstvom g\u0111e. Mare Majstorovi\u0107<br \/>\nMara Majstorovi\u0107 je edukatorica za interpersonalne vje\u0161tine i osobni rast i razvoj te autorica programa kreativnih radionica uz vino.<br \/>\nKada ne dr\u017ei treninge, ona slika i pi\u0161e poeziju i na kreativnim radionicama odvodi polaznike u dimenziju kreativnosti koju svaki \u010dovjek posjeduje samo je mnogi jo\u0161 nisu otkrili ili \u017eive u uvjerenju da nemaju talent i vje\u0161tinu.<br \/>\nDodamo li da je Majstorovi\u0107 NLP coach i internacionalna master trenerica NLP -a (NLP prakti\u010darskog treninga za optimizam), njena se kreativnost upotpunjuje modeliranjem izvrsnosti i mo\u0107nim rije\u010dima koje lije\u010de du\u0161u i pokre\u0107u u smjeru optimizma i dobrih emocija.<br \/>\nTako je bilo i na na\u0161oj radionici, polaznice su u\u017eivale u afirmativnim stihovima Marinih zbirki pjesama \u201eProlazak ispod duge\u201c i \u201eS druge strane duge\u201c te se opustile uz \u010da\u0161u vina, a nakon toga prepustile se nadahnu\u0107u i ma\u0161ti te stvorile divne likovne radove.<br \/>\nBila je to predivna ve\u010der i dru\u017eenje kojim smo kroz slikanje, divne stihove i koju \u010da\u0161icu lije\u010dili du\u0161u.<br \/>\nHvala Mari na divnoj suradnji te polaznicama na dolasku i pa\u017enji.<\/p>\n","protected":false},"excerpt":{"rendered":"<p>Ovaj tjedan u na\u0161oj je knji\u017enici odr\u017eana ve\u010der slikanja, poezije i vina. Sukladno obe\u0107anju i zbog velikog interesa, nakon uspje\u0161ne radionice proljetos, organizirali smo ponovno radionicu slikanja, poezije i vina pod vodstvom g\u0111e. Mare Majstorovi\u0107 Mara Majstorovi\u0107 je edukatorica za interpersonalne vje\u0161tine i osobni rast i razvoj te autorica programa kreativnih radionica uz vino. Kada [&hellip;]<\/p>\n","protected":false},"author":58,"featured_media":3001,"comment_status":"closed","ping_status":"closed","sticky":false,"template":"","format":"standard","meta":{"ngg_post_thumbnail":0},"categories":[8],"tags":[],"yoast_head":"<!-- This site is optimized with the Yoast SEO plugin v16.4 - https:\/\/yoast.com\/wordpress\/plugins\/seo\/ -->\n<meta name=\"robots\" content=\"index, follow, max-snippet:-1, max-image-preview:large, max-video-preview:-1\" \/>\n<link rel=\"canonical\" href=\"https:\/\/knjiznice.nsk.hr\/senj\/radionica-slikanja-poezije-i-vina\/\" \/>\n<meta property=\"og:locale\" content=\"hr_HR\" \/>\n<meta property=\"og:type\" content=\"article\" \/>\n<meta property=\"og:title\" content=\"RADIONICA SLIKANJA, POEZIJE I VINA - Gradska knji\u017enica Senj\" \/>\n<meta property=\"og:description\" content=\"Ovaj tjedan u na\u0161oj je knji\u017enici odr\u017eana ve\u010der slikanja, poezije i vina. Sukladno obe\u0107anju i zbog velikog interesa, nakon uspje\u0161ne radionice proljetos, organizirali smo ponovno radionicu slikanja, poezije i vina pod vodstvom g\u0111e. Mare Majstorovi\u0107 Mara Majstorovi\u0107 je edukatorica za interpersonalne vje\u0161tine i osobni rast i razvoj te autorica programa kreativnih radionica uz vino. Kada [&hellip;]\" \/>\n<meta property=\"og:url\" content=\"https:\/\/knjiznice.nsk.hr\/senj\/radionica-slikanja-poezije-i-vina\/\" \/>\n<meta property=\"og:site_name\" content=\"Gradska knji\u017enica Senj\" \/>\n<meta property=\"article:publisher\" content=\"http:\/\/facebook.com\/Gradska-knji%c5%benica-SENJ\" \/>\n<meta property=\"article:published_time\" content=\"2024-10-09T06:27:59+00:00\" \/>\n<meta property=\"og:image\" content=\"http:\/\/knjiznice.nsk.hr\/senj\/wp-content\/uploads\/sites\/60\/2024\/10\/IMG-20241008-WA0021.jpg\" \/>\n\t<meta property=\"og:image:width\" content=\"1600\" \/>\n\t<meta property=\"og:image:height\" content=\"900\" \/>\n<meta name=\"twitter:label1\" content=\"Procijenjeno vrijeme \u010ditanja\" \/>\n\t<meta name=\"twitter:data1\" content=\"1 minuta\" \/>\n<script type=\"application\/ld+json\" class=\"yoast-schema-graph\">{\"@context\":\"https:\/\/schema.org\",\"@graph\":[{\"@type\":\"WebSite\",\"@id\":\"https:\/\/knjiznice.nsk.hr\/senj\/#website\",\"url\":\"https:\/\/knjiznice.nsk.hr\/senj\/\",\"name\":\"Gradska knji\\u017enica Senj\",\"description\":\"S vama od 1835. godine\",\"potentialAction\":[{\"@type\":\"SearchAction\",\"target\":\"https:\/\/knjiznice.nsk.hr\/senj\/?s={search_term_string}\",\"query-input\":\"required name=search_term_string\"}],\"inLanguage\":\"hr\"},{\"@type\":\"ImageObject\",\"@id\":\"https:\/\/knjiznice.nsk.hr\/senj\/radionica-slikanja-poezije-i-vina\/#primaryimage\",\"inLanguage\":\"hr\",\"url\":\"https:\/\/knjiznice.nsk.hr\/senj\/wp-content\/uploads\/sites\/60\/2024\/10\/IMG-20241008-WA0021.jpg\",\"contentUrl\":\"https:\/\/knjiznice.nsk.hr\/senj\/wp-content\/uploads\/sites\/60\/2024\/10\/IMG-20241008-WA0021.jpg\",\"width\":1600,\"height\":900},{\"@type\":\"WebPage\",\"@id\":\"https:\/\/knjiznice.nsk.hr\/senj\/radionica-slikanja-poezije-i-vina\/#webpage\",\"url\":\"https:\/\/knjiznice.nsk.hr\/senj\/radionica-slikanja-poezije-i-vina\/\",\"name\":\"RADIONICA SLIKANJA, POEZIJE I VINA - Gradska knji\\u017enica Senj\",\"isPartOf\":{\"@id\":\"https:\/\/knjiznice.nsk.hr\/senj\/#website\"},\"primaryImageOfPage\":{\"@id\":\"https:\/\/knjiznice.nsk.hr\/senj\/radionica-slikanja-poezije-i-vina\/#primaryimage\"},\"datePublished\":\"2024-10-09T06:27:59+00:00\",\"dateModified\":\"2024-10-09T06:27:59+00:00\",\"author\":{\"@id\":\"https:\/\/knjiznice.nsk.hr\/senj\/#\/schema\/person\/c6b0893cdaca205d44fe2c322c042ac7\"},\"breadcrumb\":{\"@id\":\"https:\/\/knjiznice.nsk.hr\/senj\/radionica-slikanja-poezije-i-vina\/#breadcrumb\"},\"inLanguage\":\"hr\",\"potentialAction\":[{\"@type\":\"ReadAction\",\"target\":[\"https:\/\/knjiznice.nsk.hr\/senj\/radionica-slikanja-poezije-i-vina\/\"]}]},{\"@type\":\"BreadcrumbList\",\"@id\":\"https:\/\/knjiznice.nsk.hr\/senj\/radionica-slikanja-poezije-i-vina\/#breadcrumb\",\"itemListElement\":[{\"@type\":\"ListItem\",\"position\":1,\"item\":{\"@type\":\"WebPage\",\"@id\":\"https:\/\/knjiznice.nsk.hr\/senj\/\",\"url\":\"https:\/\/knjiznice.nsk.hr\/senj\/\",\"name\":\"Po\\u010detna stranica\"}},{\"@type\":\"ListItem\",\"position\":2,\"item\":{\"@id\":\"https:\/\/knjiznice.nsk.hr\/senj\/radionica-slikanja-poezije-i-vina\/#webpage\"}}]},{\"@type\":\"Person\",\"@id\":\"https:\/\/knjiznice.nsk.hr\/senj\/#\/schema\/person\/c6b0893cdaca205d44fe2c322c042ac7\",\"name\":\"senj\",\"image\":{\"@type\":\"ImageObject\",\"@id\":\"https:\/\/knjiznice.nsk.hr\/senj\/#personlogo\",\"inLanguage\":\"hr\",\"url\":\"https:\/\/secure.gravatar.com\/avatar\/b00e8e1a99b5ba41772fe68c6bcfd17c?s=96&d=mm&r=g\",\"contentUrl\":\"https:\/\/secure.gravatar.com\/avatar\/b00e8e1a99b5ba41772fe68c6bcfd17c?s=96&d=mm&r=g\",\"caption\":\"senj\"}}]}<\/script>\n<!-- \/ Yoast SEO plugin. -->","_links":{"self":[{"href":"https:\/\/knjiznice.nsk.hr\/senj\/wp-json\/wp\/v2\/posts\/3000"}],"collection":[{"href":"https:\/\/knjiznice.nsk.hr\/senj\/wp-json\/wp\/v2\/posts"}],"about":[{"href":"https:\/\/knjiznice.nsk.hr\/senj\/wp-json\/wp\/v2\/types\/post"}],"author":[{"embeddable":true,"href":"https:\/\/knjiznice.nsk.hr\/senj\/wp-json\/wp\/v2\/users\/58"}],"replies":[{"embeddable":true,"href":"https:\/\/knjiznice.nsk.hr\/senj\/wp-json\/wp\/v2\/comments?post=3000"}],"version-history":[{"count":1,"href":"https:\/\/knjiznice.nsk.hr\/senj\/wp-json\/wp\/v2\/posts\/3000\/revisions"}],"predecessor-version":[{"id":3002,"href":"https:\/\/knjiznice.nsk.hr\/senj\/wp-json\/wp\/v2\/posts\/3000\/revisions\/3002"}],"wp:featuredmedia":[{"embeddable":true,"href":"https:\/\/knjiznice.nsk.hr\/senj\/wp-json\/wp\/v2\/media\/3001"}],"wp:attachment":[{"href":"https:\/\/knjiznice.nsk.hr\/senj\/wp-json\/wp\/v2\/media?parent=3000"}],"wp:term":[{"taxonomy":"category","embeddable":true,"href":"https:\/\/knjiznice.nsk.hr\/senj\/wp-json\/wp\/v2\/categories?post=3000"},{"taxonomy":"post_tag","embeddable":true,"href":"https:\/\/knjiznice.nsk.hr\/senj\/wp-json\/wp\/v2\/tags?post=3000"}],"curies":[{"name":"wp","href":"https:\/\/api.w.org\/{rel}","templated":true}]}}