{"id":2997,"date":"2024-10-07T06:25:38","date_gmt":"2024-10-07T06:25:38","guid":{"rendered":"http:\/\/knjiznice.nsk.hr\/senj\/?p=2997"},"modified":"2024-10-07T06:25:38","modified_gmt":"2024-10-07T06:25:38","slug":"mjesec-hrvatske-knjige-2024-g-u-gradskoj-knjiznici-senj","status":"publish","type":"post","link":"https:\/\/knjiznice.nsk.hr\/senj\/mjesec-hrvatske-knjige-2024-g-u-gradskoj-knjiznici-senj\/","title":{"rendered":"MJESEC HRVATSKE KNJIGE 2024.g U GRADSKOJ KNJI\u017dNICI SENJ"},"content":{"rendered":"<p>MJESEC HRVATSKE KNJIGE 2024.g<br \/>\nU GRADSKOJ KNJI\u017dNICI SENJ<\/p>\n<p>\u2022\t15.10-18.10.2024.g-Vratite knjige bez pla\u0107anja zakasnine<br \/>\n\u2022\t\u010detvrtak, 17.10.2024.g u 18 sati-predstavljanje knjige Ja, pa ja i opet ja Josipe Pavi\u010di\u0107<br \/>\n\u2022\t\u010detvrtak, 24.10.2024.g u 18 sati \u2013 Otvorenje izlo\u017ebe Ankice Prpi\u0107 Porat pod Nehajem<br \/>\n\u2022\t\u010detvrtak, 7.11.2024. g u 18 sati-predstavljanje dvojezi\u010dne poetske mape Ritam srca (The heart rhytm) Klare Polak Poljarevi\u0107 i Dunje Toki\u0107<br \/>\n\u2022\t\u010detvrtak, 14.11.2024.g u 18 sati-Predstavljanje prvog hrvatskog ronila\u010dkog putopisa Ispod povr\u0161ine Damira \u0160anteka<br \/>\n\u2022\t15.10.-15.11.2024.g-Izlo\u017eba Zavi\u010dajnim velikanima u \u010dast -ogranak Sv.Juraj<br \/>\n\u2022\t15.10.-15.11.2024.g-Programi Volim svoju knji\u017enicu! i \u0160to se u knji\u017enici radi?-organizirani posjeti \u0161kolaraca i vrti\u0107anaca Gradskoj knji\u017enici Senj<\/p>\n<p>Veselimo se va\u0161em dolasku!<\/p>\n","protected":false},"excerpt":{"rendered":"<p>MJESEC HRVATSKE KNJIGE 2024.g U GRADSKOJ KNJI\u017dNICI SENJ \u2022 15.10-18.10.2024.g-Vratite knjige bez pla\u0107anja zakasnine \u2022 \u010detvrtak, 17.10.2024.g u 18 sati-predstavljanje knjige Ja, pa ja i opet ja Josipe Pavi\u010di\u0107 \u2022 \u010detvrtak, 24.10.2024.g u 18 sati \u2013 Otvorenje izlo\u017ebe Ankice Prpi\u0107 Porat pod Nehajem \u2022 \u010detvrtak, 7.11.2024. g u 18 sati-predstavljanje dvojezi\u010dne poetske mape Ritam srca [&hellip;]<\/p>\n","protected":false},"author":58,"featured_media":2998,"comment_status":"closed","ping_status":"closed","sticky":false,"template":"","format":"standard","meta":{"ngg_post_thumbnail":0},"categories":[8],"tags":[],"yoast_head":"<!-- This site is optimized with the Yoast SEO plugin v16.4 - https:\/\/yoast.com\/wordpress\/plugins\/seo\/ -->\n<meta name=\"robots\" content=\"index, follow, max-snippet:-1, max-image-preview:large, max-video-preview:-1\" \/>\n<link rel=\"canonical\" href=\"http:\/\/knjiznice.nsk.hr\/senj\/mjesec-hrvatske-knjige-2024-g-u-gradskoj-knjiznici-senj\/\" \/>\n<meta property=\"og:locale\" content=\"hr_HR\" \/>\n<meta property=\"og:type\" content=\"article\" \/>\n<meta property=\"og:title\" content=\"MJESEC HRVATSKE KNJIGE 2024.g U GRADSKOJ KNJI\u017dNICI SENJ - Gradska knji\u017enica Senj\" \/>\n<meta property=\"og:description\" content=\"MJESEC HRVATSKE KNJIGE 2024.g U GRADSKOJ KNJI\u017dNICI SENJ \u2022 15.10-18.10.2024.g-Vratite knjige bez pla\u0107anja zakasnine \u2022 \u010detvrtak, 17.10.2024.g u 18 sati-predstavljanje knjige Ja, pa ja i opet ja Josipe Pavi\u010di\u0107 \u2022 \u010detvrtak, 24.10.2024.g u 18 sati \u2013 Otvorenje izlo\u017ebe Ankice Prpi\u0107 Porat pod Nehajem \u2022 \u010detvrtak, 7.11.2024. g u 18 sati-predstavljanje dvojezi\u010dne poetske mape Ritam srca [&hellip;]\" \/>\n<meta property=\"og:url\" content=\"http:\/\/knjiznice.nsk.hr\/senj\/mjesec-hrvatske-knjige-2024-g-u-gradskoj-knjiznici-senj\/\" \/>\n<meta property=\"og:site_name\" content=\"Gradska knji\u017enica Senj\" \/>\n<meta property=\"article:publisher\" content=\"http:\/\/facebook.com\/Gradska-knji%c5%benica-SENJ\" \/>\n<meta property=\"article:published_time\" content=\"2024-10-07T06:25:38+00:00\" \/>\n<meta property=\"og:image\" content=\"http:\/\/knjiznice.nsk.hr\/senj\/wp-content\/uploads\/sites\/60\/2024\/10\/MS_MHK-500x300px.jpg\" \/>\n\t<meta property=\"og:image:width\" content=\"500\" \/>\n\t<meta property=\"og:image:height\" content=\"300\" \/>\n<meta name=\"twitter:label1\" content=\"Procijenjeno vrijeme \u010ditanja\" \/>\n\t<meta name=\"twitter:data1\" content=\"1 minuta\" \/>\n<script type=\"application\/ld+json\" class=\"yoast-schema-graph\">{\"@context\":\"https:\/\/schema.org\",\"@graph\":[{\"@type\":\"WebSite\",\"@id\":\"https:\/\/knjiznice.nsk.hr\/senj\/#website\",\"url\":\"https:\/\/knjiznice.nsk.hr\/senj\/\",\"name\":\"Gradska knji\\u017enica Senj\",\"description\":\"S vama od 1835. godine\",\"potentialAction\":[{\"@type\":\"SearchAction\",\"target\":\"https:\/\/knjiznice.nsk.hr\/senj\/?s={search_term_string}\",\"query-input\":\"required name=search_term_string\"}],\"inLanguage\":\"hr\"},{\"@type\":\"ImageObject\",\"@id\":\"http:\/\/knjiznice.nsk.hr\/senj\/mjesec-hrvatske-knjige-2024-g-u-gradskoj-knjiznici-senj\/#primaryimage\",\"inLanguage\":\"hr\",\"url\":\"https:\/\/knjiznice.nsk.hr\/senj\/wp-content\/uploads\/sites\/60\/2024\/10\/MS_MHK-500x300px.jpg\",\"contentUrl\":\"https:\/\/knjiznice.nsk.hr\/senj\/wp-content\/uploads\/sites\/60\/2024\/10\/MS_MHK-500x300px.jpg\",\"width\":500,\"height\":300},{\"@type\":\"WebPage\",\"@id\":\"http:\/\/knjiznice.nsk.hr\/senj\/mjesec-hrvatske-knjige-2024-g-u-gradskoj-knjiznici-senj\/#webpage\",\"url\":\"http:\/\/knjiznice.nsk.hr\/senj\/mjesec-hrvatske-knjige-2024-g-u-gradskoj-knjiznici-senj\/\",\"name\":\"MJESEC HRVATSKE KNJIGE 2024.g U GRADSKOJ KNJI\\u017dNICI SENJ - Gradska knji\\u017enica Senj\",\"isPartOf\":{\"@id\":\"https:\/\/knjiznice.nsk.hr\/senj\/#website\"},\"primaryImageOfPage\":{\"@id\":\"http:\/\/knjiznice.nsk.hr\/senj\/mjesec-hrvatske-knjige-2024-g-u-gradskoj-knjiznici-senj\/#primaryimage\"},\"datePublished\":\"2024-10-07T06:25:38+00:00\",\"dateModified\":\"2024-10-07T06:25:38+00:00\",\"author\":{\"@id\":\"https:\/\/knjiznice.nsk.hr\/senj\/#\/schema\/person\/c6b0893cdaca205d44fe2c322c042ac7\"},\"breadcrumb\":{\"@id\":\"http:\/\/knjiznice.nsk.hr\/senj\/mjesec-hrvatske-knjige-2024-g-u-gradskoj-knjiznici-senj\/#breadcrumb\"},\"inLanguage\":\"hr\",\"potentialAction\":[{\"@type\":\"ReadAction\",\"target\":[\"http:\/\/knjiznice.nsk.hr\/senj\/mjesec-hrvatske-knjige-2024-g-u-gradskoj-knjiznici-senj\/\"]}]},{\"@type\":\"BreadcrumbList\",\"@id\":\"http:\/\/knjiznice.nsk.hr\/senj\/mjesec-hrvatske-knjige-2024-g-u-gradskoj-knjiznici-senj\/#breadcrumb\",\"itemListElement\":[{\"@type\":\"ListItem\",\"position\":1,\"item\":{\"@type\":\"WebPage\",\"@id\":\"https:\/\/knjiznice.nsk.hr\/senj\/\",\"url\":\"https:\/\/knjiznice.nsk.hr\/senj\/\",\"name\":\"Po\\u010detna stranica\"}},{\"@type\":\"ListItem\",\"position\":2,\"item\":{\"@id\":\"http:\/\/knjiznice.nsk.hr\/senj\/mjesec-hrvatske-knjige-2024-g-u-gradskoj-knjiznici-senj\/#webpage\"}}]},{\"@type\":\"Person\",\"@id\":\"https:\/\/knjiznice.nsk.hr\/senj\/#\/schema\/person\/c6b0893cdaca205d44fe2c322c042ac7\",\"name\":\"senj\",\"image\":{\"@type\":\"ImageObject\",\"@id\":\"https:\/\/knjiznice.nsk.hr\/senj\/#personlogo\",\"inLanguage\":\"hr\",\"url\":\"https:\/\/secure.gravatar.com\/avatar\/b00e8e1a99b5ba41772fe68c6bcfd17c?s=96&d=mm&r=g\",\"contentUrl\":\"https:\/\/secure.gravatar.com\/avatar\/b00e8e1a99b5ba41772fe68c6bcfd17c?s=96&d=mm&r=g\",\"caption\":\"senj\"}}]}<\/script>\n<!-- \/ Yoast SEO plugin. -->","_links":{"self":[{"href":"https:\/\/knjiznice.nsk.hr\/senj\/wp-json\/wp\/v2\/posts\/2997"}],"collection":[{"href":"https:\/\/knjiznice.nsk.hr\/senj\/wp-json\/wp\/v2\/posts"}],"about":[{"href":"https:\/\/knjiznice.nsk.hr\/senj\/wp-json\/wp\/v2\/types\/post"}],"author":[{"embeddable":true,"href":"https:\/\/knjiznice.nsk.hr\/senj\/wp-json\/wp\/v2\/users\/58"}],"replies":[{"embeddable":true,"href":"https:\/\/knjiznice.nsk.hr\/senj\/wp-json\/wp\/v2\/comments?post=2997"}],"version-history":[{"count":1,"href":"https:\/\/knjiznice.nsk.hr\/senj\/wp-json\/wp\/v2\/posts\/2997\/revisions"}],"predecessor-version":[{"id":2999,"href":"https:\/\/knjiznice.nsk.hr\/senj\/wp-json\/wp\/v2\/posts\/2997\/revisions\/2999"}],"wp:featuredmedia":[{"embeddable":true,"href":"https:\/\/knjiznice.nsk.hr\/senj\/wp-json\/wp\/v2\/media\/2998"}],"wp:attachment":[{"href":"https:\/\/knjiznice.nsk.hr\/senj\/wp-json\/wp\/v2\/media?parent=2997"}],"wp:term":[{"taxonomy":"category","embeddable":true,"href":"https:\/\/knjiznice.nsk.hr\/senj\/wp-json\/wp\/v2\/categories?post=2997"},{"taxonomy":"post_tag","embeddable":true,"href":"https:\/\/knjiznice.nsk.hr\/senj\/wp-json\/wp\/v2\/tags?post=2997"}],"curies":[{"name":"wp","href":"https:\/\/api.w.org\/{rel}","templated":true}]}}