{"id":2991,"date":"2024-09-27T06:45:21","date_gmt":"2024-09-27T06:45:21","guid":{"rendered":"http:\/\/knjiznice.nsk.hr\/senj\/?p=2991"},"modified":"2024-09-27T06:45:21","modified_gmt":"2024-09-27T06:45:21","slug":"vecer-slikanja-poezije-i-vina-najava-2","status":"publish","type":"post","link":"https:\/\/knjiznice.nsk.hr\/senj\/vecer-slikanja-poezije-i-vina-najava-2\/","title":{"rendered":"VE\u010cER SLIKANJA, POEZIJE I VINA-najava"},"content":{"rendered":"<p>GRADSKA KNJI\u017dNICA SENJ POZIVA VAS NA<br \/>\nVE\u010cER SLIKANJA, POEZIJE I VINA<\/p>\n<p>UTORAK, 8.LISTOPADA 2024. GODINE U 18 SATI<\/p>\n<p>Apstraktnu radionicu slikanja uz vino i poeziju vodit \u0107e Mara Majstorovi\u0107.<br \/>\nMara Majstorovi\u0107 je edukatorica za interpersonalne vje\u0161tine i osobni rast i razvoj te autorica programa kreativnih radionica uz vino.<br \/>\nKada ne dr\u017ei treninge, ona slika i pi\u0161e poeziju i na kreativnim radionicama odvodi polaznike u dimenziju kreativnosti koju svaki \u010dovjek posjeduje samo je mnogi jo\u0161 nisu otkrili ili \u017eive u uvjerenju da nemaju talent i vje\u0161tinu.<br \/>\nDodamo li da je Majstorovi\u0107 NLP coach i internacionalna master trenerica NLP -a (NLP prakti\u010darskog treninga za optimizam), njena se kreativnost upotpunjuje modeliranjem izvrsnosti i mo\u0107nim rije\u010dima koje lije\u010de du\u0161u i pokre\u0107u u smjeru optimizma i dobrih emocija.<\/p>\n<p>Rezervirati svoje mjesto na radionici mo\u017eete na tel.881-108 ili osobno na pultu Gradske knji\u017enice Senj.<\/p>\n<p>Veselimo se va\u0161em dolasku i ugodnom dru\u017eenju! <\/p>\n","protected":false},"excerpt":{"rendered":"<p>GRADSKA KNJI\u017dNICA SENJ POZIVA VAS NA VE\u010cER SLIKANJA, POEZIJE I VINA UTORAK, 8.LISTOPADA 2024. GODINE U 18 SATI Apstraktnu radionicu slikanja uz vino i poeziju vodit \u0107e Mara Majstorovi\u0107. Mara Majstorovi\u0107 je edukatorica za interpersonalne vje\u0161tine i osobni rast i razvoj te autorica programa kreativnih radionica uz vino. Kada ne dr\u017ei treninge, ona slika i [&hellip;]<\/p>\n","protected":false},"author":58,"featured_media":2992,"comment_status":"closed","ping_status":"closed","sticky":false,"template":"","format":"standard","meta":{"ngg_post_thumbnail":0},"categories":[8],"tags":[],"yoast_head":"<!-- This site is optimized with the Yoast SEO plugin v16.4 - https:\/\/yoast.com\/wordpress\/plugins\/seo\/ -->\n<meta name=\"robots\" content=\"index, follow, max-snippet:-1, max-image-preview:large, max-video-preview:-1\" \/>\n<link rel=\"canonical\" href=\"https:\/\/knjiznice.nsk.hr\/senj\/vecer-slikanja-poezije-i-vina-najava-2\/\" \/>\n<meta property=\"og:locale\" content=\"hr_HR\" \/>\n<meta property=\"og:type\" content=\"article\" \/>\n<meta property=\"og:title\" content=\"VE\u010cER SLIKANJA, POEZIJE I VINA-najava - Gradska knji\u017enica Senj\" \/>\n<meta property=\"og:description\" content=\"GRADSKA KNJI\u017dNICA SENJ POZIVA VAS NA VE\u010cER SLIKANJA, POEZIJE I VINA UTORAK, 8.LISTOPADA 2024. GODINE U 18 SATI Apstraktnu radionicu slikanja uz vino i poeziju vodit \u0107e Mara Majstorovi\u0107. Mara Majstorovi\u0107 je edukatorica za interpersonalne vje\u0161tine i osobni rast i razvoj te autorica programa kreativnih radionica uz vino. Kada ne dr\u017ei treninge, ona slika i [&hellip;]\" \/>\n<meta property=\"og:url\" content=\"https:\/\/knjiznice.nsk.hr\/senj\/vecer-slikanja-poezije-i-vina-najava-2\/\" \/>\n<meta property=\"og:site_name\" content=\"Gradska knji\u017enica Senj\" \/>\n<meta property=\"article:publisher\" content=\"http:\/\/facebook.com\/Gradska-knji%c5%benica-SENJ\" \/>\n<meta property=\"article:published_time\" content=\"2024-09-27T06:45:21+00:00\" \/>\n<meta property=\"og:image\" content=\"http:\/\/knjiznice.nsk.hr\/senj\/wp-content\/uploads\/sites\/60\/2024\/09\/slika-plakat.jpg\" \/>\n\t<meta property=\"og:image:width\" content=\"700\" \/>\n\t<meta property=\"og:image:height\" content=\"394\" \/>\n<meta name=\"twitter:label1\" content=\"Procijenjeno vrijeme \u010ditanja\" \/>\n\t<meta name=\"twitter:data1\" content=\"1 minuta\" \/>\n<script type=\"application\/ld+json\" class=\"yoast-schema-graph\">{\"@context\":\"https:\/\/schema.org\",\"@graph\":[{\"@type\":\"WebSite\",\"@id\":\"https:\/\/knjiznice.nsk.hr\/senj\/#website\",\"url\":\"https:\/\/knjiznice.nsk.hr\/senj\/\",\"name\":\"Gradska knji\\u017enica Senj\",\"description\":\"S vama od 1835. godine\",\"potentialAction\":[{\"@type\":\"SearchAction\",\"target\":\"https:\/\/knjiznice.nsk.hr\/senj\/?s={search_term_string}\",\"query-input\":\"required name=search_term_string\"}],\"inLanguage\":\"hr\"},{\"@type\":\"ImageObject\",\"@id\":\"https:\/\/knjiznice.nsk.hr\/senj\/vecer-slikanja-poezije-i-vina-najava-2\/#primaryimage\",\"inLanguage\":\"hr\",\"url\":\"https:\/\/knjiznice.nsk.hr\/senj\/wp-content\/uploads\/sites\/60\/2024\/09\/slika-plakat.jpg\",\"contentUrl\":\"https:\/\/knjiznice.nsk.hr\/senj\/wp-content\/uploads\/sites\/60\/2024\/09\/slika-plakat.jpg\",\"width\":700,\"height\":394},{\"@type\":\"WebPage\",\"@id\":\"https:\/\/knjiznice.nsk.hr\/senj\/vecer-slikanja-poezije-i-vina-najava-2\/#webpage\",\"url\":\"https:\/\/knjiznice.nsk.hr\/senj\/vecer-slikanja-poezije-i-vina-najava-2\/\",\"name\":\"VE\\u010cER SLIKANJA, POEZIJE I VINA-najava - Gradska knji\\u017enica Senj\",\"isPartOf\":{\"@id\":\"https:\/\/knjiznice.nsk.hr\/senj\/#website\"},\"primaryImageOfPage\":{\"@id\":\"https:\/\/knjiznice.nsk.hr\/senj\/vecer-slikanja-poezije-i-vina-najava-2\/#primaryimage\"},\"datePublished\":\"2024-09-27T06:45:21+00:00\",\"dateModified\":\"2024-09-27T06:45:21+00:00\",\"author\":{\"@id\":\"https:\/\/knjiznice.nsk.hr\/senj\/#\/schema\/person\/c6b0893cdaca205d44fe2c322c042ac7\"},\"breadcrumb\":{\"@id\":\"https:\/\/knjiznice.nsk.hr\/senj\/vecer-slikanja-poezije-i-vina-najava-2\/#breadcrumb\"},\"inLanguage\":\"hr\",\"potentialAction\":[{\"@type\":\"ReadAction\",\"target\":[\"https:\/\/knjiznice.nsk.hr\/senj\/vecer-slikanja-poezije-i-vina-najava-2\/\"]}]},{\"@type\":\"BreadcrumbList\",\"@id\":\"https:\/\/knjiznice.nsk.hr\/senj\/vecer-slikanja-poezije-i-vina-najava-2\/#breadcrumb\",\"itemListElement\":[{\"@type\":\"ListItem\",\"position\":1,\"item\":{\"@type\":\"WebPage\",\"@id\":\"https:\/\/knjiznice.nsk.hr\/senj\/\",\"url\":\"https:\/\/knjiznice.nsk.hr\/senj\/\",\"name\":\"Po\\u010detna stranica\"}},{\"@type\":\"ListItem\",\"position\":2,\"item\":{\"@id\":\"https:\/\/knjiznice.nsk.hr\/senj\/vecer-slikanja-poezije-i-vina-najava-2\/#webpage\"}}]},{\"@type\":\"Person\",\"@id\":\"https:\/\/knjiznice.nsk.hr\/senj\/#\/schema\/person\/c6b0893cdaca205d44fe2c322c042ac7\",\"name\":\"senj\",\"image\":{\"@type\":\"ImageObject\",\"@id\":\"https:\/\/knjiznice.nsk.hr\/senj\/#personlogo\",\"inLanguage\":\"hr\",\"url\":\"https:\/\/secure.gravatar.com\/avatar\/b00e8e1a99b5ba41772fe68c6bcfd17c?s=96&d=mm&r=g\",\"contentUrl\":\"https:\/\/secure.gravatar.com\/avatar\/b00e8e1a99b5ba41772fe68c6bcfd17c?s=96&d=mm&r=g\",\"caption\":\"senj\"}}]}<\/script>\n<!-- \/ Yoast SEO plugin. -->","_links":{"self":[{"href":"https:\/\/knjiznice.nsk.hr\/senj\/wp-json\/wp\/v2\/posts\/2991"}],"collection":[{"href":"https:\/\/knjiznice.nsk.hr\/senj\/wp-json\/wp\/v2\/posts"}],"about":[{"href":"https:\/\/knjiznice.nsk.hr\/senj\/wp-json\/wp\/v2\/types\/post"}],"author":[{"embeddable":true,"href":"https:\/\/knjiznice.nsk.hr\/senj\/wp-json\/wp\/v2\/users\/58"}],"replies":[{"embeddable":true,"href":"https:\/\/knjiznice.nsk.hr\/senj\/wp-json\/wp\/v2\/comments?post=2991"}],"version-history":[{"count":1,"href":"https:\/\/knjiznice.nsk.hr\/senj\/wp-json\/wp\/v2\/posts\/2991\/revisions"}],"predecessor-version":[{"id":2993,"href":"https:\/\/knjiznice.nsk.hr\/senj\/wp-json\/wp\/v2\/posts\/2991\/revisions\/2993"}],"wp:featuredmedia":[{"embeddable":true,"href":"https:\/\/knjiznice.nsk.hr\/senj\/wp-json\/wp\/v2\/media\/2992"}],"wp:attachment":[{"href":"https:\/\/knjiznice.nsk.hr\/senj\/wp-json\/wp\/v2\/media?parent=2991"}],"wp:term":[{"taxonomy":"category","embeddable":true,"href":"https:\/\/knjiznice.nsk.hr\/senj\/wp-json\/wp\/v2\/categories?post=2991"},{"taxonomy":"post_tag","embeddable":true,"href":"https:\/\/knjiznice.nsk.hr\/senj\/wp-json\/wp\/v2\/tags?post=2991"}],"curies":[{"name":"wp","href":"https:\/\/api.w.org\/{rel}","templated":true}]}}