{"id":2979,"date":"2024-08-01T04:24:39","date_gmt":"2024-08-01T04:24:39","guid":{"rendered":"http:\/\/knjiznice.nsk.hr\/senj\/?p=2979"},"modified":"2024-08-01T04:24:39","modified_gmt":"2024-08-01T04:24:39","slug":"predstava-medo-i-kuna-policajci-u-akciji","status":"publish","type":"post","link":"https:\/\/knjiznice.nsk.hr\/senj\/predstava-medo-i-kuna-policajci-u-akciji\/","title":{"rendered":"PREDSTAVA \u201eMEDO I KUNA-POLICAJCI U AKCIJI\u201c"},"content":{"rendered":"<p>31.7.2024.-PREDSTAVA \u201eMEDO I KUNA-POLICAJCI U AKCIJI\u201c<br \/>\nKoncem srpnja u senjskoj je knji\u017enici odr\u017eana predstava za djecu \u201eMedo i kuna-policajci u akciji\u201c  kazali\u0161ta Smje\u0161ko.<br \/>\nOva interaktivna predstava na djeci vrlo pristupa\u010dan, zanimljiv i pou\u010dan na\u010din govori o opasnostima kojima su djeca danas izlo\u017eena kori\u0161tenjem mobitela i interneta te progovara o pravima djeteta. Glumili su Mirta Ze\u010devi\u0107 i Luka Jure\u010di\u0107. Knji\u017enica je bila prepuna djece koja su sa zadovoljstvom pratila predstavu.<br \/>\nOvime se zavr\u0161ava i niz radionica koje je i ovo ljeto  tijekom srpnja za djecu organizirala Gradska knji\u017enica Senj.<br \/>\nOvom predstavom za djecu zavr\u0161ava  knji\u017eni\u010dni dje\u010dji ljetni program , ciklus  radionica za djecu pod nazivom \u201eSrijeda za 5\u201c. A bilo je  raznovrsno i zanimljivo, crtali smo, izra\u0111ivali  ukrase, \u010ditali, bojali ,lijepili , natjecali se , veselili  se i dru\u017eili. Uz to, kroz igru i zabavu i mnogo smo i  nau\u010dili. Hvala brojnim polaznicima na dolasku, lijepom dru\u017eenju i interesu za radionice, a  prepun Dje\u010dji odjel te nasmijana i zadovoljna dje\u010dja lica najve\u0107a su nam nagrada. Od srca zahvaljujemo i na\u0161oj  umjetnici , voditeljici programa Zrinki Ostovi\u0107 na svesrdnoj  pomo\u0107i i umjetni\u010dkom doprinosu koji je obogatio  dru\u017eenja djece. Draga djeco, u\u017eivajte u ostatku ljeta. Vidimo se dogodine ponovno!<\/p>\n","protected":false},"excerpt":{"rendered":"<p>31.7.2024.-PREDSTAVA \u201eMEDO I KUNA-POLICAJCI U AKCIJI\u201c Koncem srpnja u senjskoj je knji\u017enici odr\u017eana predstava za djecu \u201eMedo i kuna-policajci u akciji\u201c kazali\u0161ta Smje\u0161ko. Ova interaktivna predstava na djeci vrlo pristupa\u010dan, zanimljiv i pou\u010dan na\u010din govori o opasnostima kojima su djeca danas izlo\u017eena kori\u0161tenjem mobitela i interneta te progovara o pravima djeteta. Glumili su Mirta Ze\u010devi\u0107 [&hellip;]<\/p>\n","protected":false},"author":58,"featured_media":2980,"comment_status":"closed","ping_status":"closed","sticky":false,"template":"","format":"standard","meta":{"ngg_post_thumbnail":0},"categories":[8],"tags":[],"yoast_head":"<!-- This site is optimized with the Yoast SEO plugin v16.4 - https:\/\/yoast.com\/wordpress\/plugins\/seo\/ -->\n<meta name=\"robots\" content=\"index, follow, max-snippet:-1, max-image-preview:large, max-video-preview:-1\" \/>\n<link rel=\"canonical\" href=\"https:\/\/knjiznice.nsk.hr\/senj\/predstava-medo-i-kuna-policajci-u-akciji\/\" \/>\n<meta property=\"og:locale\" content=\"hr_HR\" \/>\n<meta property=\"og:type\" content=\"article\" \/>\n<meta property=\"og:title\" content=\"PREDSTAVA \u201eMEDO I KUNA-POLICAJCI U AKCIJI\u201c - Gradska knji\u017enica Senj\" \/>\n<meta property=\"og:description\" content=\"31.7.2024.-PREDSTAVA \u201eMEDO I KUNA-POLICAJCI U AKCIJI\u201c Koncem srpnja u senjskoj je knji\u017enici odr\u017eana predstava za djecu \u201eMedo i kuna-policajci u akciji\u201c kazali\u0161ta Smje\u0161ko. Ova interaktivna predstava na djeci vrlo pristupa\u010dan, zanimljiv i pou\u010dan na\u010din govori o opasnostima kojima su djeca danas izlo\u017eena kori\u0161tenjem mobitela i interneta te progovara o pravima djeteta. Glumili su Mirta Ze\u010devi\u0107 [&hellip;]\" \/>\n<meta property=\"og:url\" content=\"https:\/\/knjiznice.nsk.hr\/senj\/predstava-medo-i-kuna-policajci-u-akciji\/\" \/>\n<meta property=\"og:site_name\" content=\"Gradska knji\u017enica Senj\" \/>\n<meta property=\"article:publisher\" content=\"http:\/\/facebook.com\/Gradska-knji%c5%benica-SENJ\" \/>\n<meta property=\"article:published_time\" content=\"2024-08-01T04:24:39+00:00\" \/>\n<meta property=\"og:image\" content=\"http:\/\/knjiznice.nsk.hr\/senj\/wp-content\/uploads\/sites\/60\/2024\/08\/20240731_105001.jpg\" \/>\n\t<meta property=\"og:image:width\" content=\"1000\" \/>\n\t<meta property=\"og:image:height\" content=\"563\" \/>\n<meta name=\"twitter:label1\" content=\"Procijenjeno vrijeme \u010ditanja\" \/>\n\t<meta name=\"twitter:data1\" content=\"1 minuta\" \/>\n<script type=\"application\/ld+json\" class=\"yoast-schema-graph\">{\"@context\":\"https:\/\/schema.org\",\"@graph\":[{\"@type\":\"WebSite\",\"@id\":\"https:\/\/knjiznice.nsk.hr\/senj\/#website\",\"url\":\"https:\/\/knjiznice.nsk.hr\/senj\/\",\"name\":\"Gradska knji\\u017enica Senj\",\"description\":\"S vama od 1835. godine\",\"potentialAction\":[{\"@type\":\"SearchAction\",\"target\":\"https:\/\/knjiznice.nsk.hr\/senj\/?s={search_term_string}\",\"query-input\":\"required name=search_term_string\"}],\"inLanguage\":\"hr\"},{\"@type\":\"ImageObject\",\"@id\":\"https:\/\/knjiznice.nsk.hr\/senj\/predstava-medo-i-kuna-policajci-u-akciji\/#primaryimage\",\"inLanguage\":\"hr\",\"url\":\"https:\/\/knjiznice.nsk.hr\/senj\/wp-content\/uploads\/sites\/60\/2024\/08\/20240731_105001.jpg\",\"contentUrl\":\"https:\/\/knjiznice.nsk.hr\/senj\/wp-content\/uploads\/sites\/60\/2024\/08\/20240731_105001.jpg\",\"width\":1000,\"height\":563},{\"@type\":\"WebPage\",\"@id\":\"https:\/\/knjiznice.nsk.hr\/senj\/predstava-medo-i-kuna-policajci-u-akciji\/#webpage\",\"url\":\"https:\/\/knjiznice.nsk.hr\/senj\/predstava-medo-i-kuna-policajci-u-akciji\/\",\"name\":\"PREDSTAVA \\u201eMEDO I KUNA-POLICAJCI U AKCIJI\\u201c - Gradska knji\\u017enica Senj\",\"isPartOf\":{\"@id\":\"https:\/\/knjiznice.nsk.hr\/senj\/#website\"},\"primaryImageOfPage\":{\"@id\":\"https:\/\/knjiznice.nsk.hr\/senj\/predstava-medo-i-kuna-policajci-u-akciji\/#primaryimage\"},\"datePublished\":\"2024-08-01T04:24:39+00:00\",\"dateModified\":\"2024-08-01T04:24:39+00:00\",\"author\":{\"@id\":\"https:\/\/knjiznice.nsk.hr\/senj\/#\/schema\/person\/c6b0893cdaca205d44fe2c322c042ac7\"},\"breadcrumb\":{\"@id\":\"https:\/\/knjiznice.nsk.hr\/senj\/predstava-medo-i-kuna-policajci-u-akciji\/#breadcrumb\"},\"inLanguage\":\"hr\",\"potentialAction\":[{\"@type\":\"ReadAction\",\"target\":[\"https:\/\/knjiznice.nsk.hr\/senj\/predstava-medo-i-kuna-policajci-u-akciji\/\"]}]},{\"@type\":\"BreadcrumbList\",\"@id\":\"https:\/\/knjiznice.nsk.hr\/senj\/predstava-medo-i-kuna-policajci-u-akciji\/#breadcrumb\",\"itemListElement\":[{\"@type\":\"ListItem\",\"position\":1,\"item\":{\"@type\":\"WebPage\",\"@id\":\"https:\/\/knjiznice.nsk.hr\/senj\/\",\"url\":\"https:\/\/knjiznice.nsk.hr\/senj\/\",\"name\":\"Po\\u010detna stranica\"}},{\"@type\":\"ListItem\",\"position\":2,\"item\":{\"@id\":\"https:\/\/knjiznice.nsk.hr\/senj\/predstava-medo-i-kuna-policajci-u-akciji\/#webpage\"}}]},{\"@type\":\"Person\",\"@id\":\"https:\/\/knjiznice.nsk.hr\/senj\/#\/schema\/person\/c6b0893cdaca205d44fe2c322c042ac7\",\"name\":\"senj\",\"image\":{\"@type\":\"ImageObject\",\"@id\":\"https:\/\/knjiznice.nsk.hr\/senj\/#personlogo\",\"inLanguage\":\"hr\",\"url\":\"https:\/\/secure.gravatar.com\/avatar\/b00e8e1a99b5ba41772fe68c6bcfd17c?s=96&d=mm&r=g\",\"contentUrl\":\"https:\/\/secure.gravatar.com\/avatar\/b00e8e1a99b5ba41772fe68c6bcfd17c?s=96&d=mm&r=g\",\"caption\":\"senj\"}}]}<\/script>\n<!-- \/ Yoast SEO plugin. -->","_links":{"self":[{"href":"https:\/\/knjiznice.nsk.hr\/senj\/wp-json\/wp\/v2\/posts\/2979"}],"collection":[{"href":"https:\/\/knjiznice.nsk.hr\/senj\/wp-json\/wp\/v2\/posts"}],"about":[{"href":"https:\/\/knjiznice.nsk.hr\/senj\/wp-json\/wp\/v2\/types\/post"}],"author":[{"embeddable":true,"href":"https:\/\/knjiznice.nsk.hr\/senj\/wp-json\/wp\/v2\/users\/58"}],"replies":[{"embeddable":true,"href":"https:\/\/knjiznice.nsk.hr\/senj\/wp-json\/wp\/v2\/comments?post=2979"}],"version-history":[{"count":1,"href":"https:\/\/knjiznice.nsk.hr\/senj\/wp-json\/wp\/v2\/posts\/2979\/revisions"}],"predecessor-version":[{"id":2981,"href":"https:\/\/knjiznice.nsk.hr\/senj\/wp-json\/wp\/v2\/posts\/2979\/revisions\/2981"}],"wp:featuredmedia":[{"embeddable":true,"href":"https:\/\/knjiznice.nsk.hr\/senj\/wp-json\/wp\/v2\/media\/2980"}],"wp:attachment":[{"href":"https:\/\/knjiznice.nsk.hr\/senj\/wp-json\/wp\/v2\/media?parent=2979"}],"wp:term":[{"taxonomy":"category","embeddable":true,"href":"https:\/\/knjiznice.nsk.hr\/senj\/wp-json\/wp\/v2\/categories?post=2979"},{"taxonomy":"post_tag","embeddable":true,"href":"https:\/\/knjiznice.nsk.hr\/senj\/wp-json\/wp\/v2\/tags?post=2979"}],"curies":[{"name":"wp","href":"https:\/\/api.w.org\/{rel}","templated":true}]}}