{"id":2878,"date":"2024-04-19T06:03:55","date_gmt":"2024-04-19T06:03:55","guid":{"rendered":"http:\/\/knjiznice.nsk.hr\/senj\/?p=2878"},"modified":"2024-04-19T06:03:55","modified_gmt":"2024-04-19T06:03:55","slug":"izlozba-marije-puzak-najava","status":"publish","type":"post","link":"https:\/\/knjiznice.nsk.hr\/senj\/izlozba-marije-puzak-najava\/","title":{"rendered":"IZLO\u017dBA MARIJE PUZAK-najava"},"content":{"rendered":"<p>GRADSKA KNJI\u017dNICA SENJ<br \/>\nPOZIVA VAS NA<br \/>\nOTVORENJE IZLO\u017dBE I PREDSTAVLJANJE MONOGRAFIJE UMJETNICE  MARIJE PUZAK<\/p>\n<p>GRADSKA KNJI\u017dNICA SENJ, \u010cETVRTAK, 25.4.2024.g u 19 h<\/p>\n<p>Marija Puzak poznata je zagreba\u010dka slikarica i umjetnica, a ve\u0107 godinama dragi gost u na\u0161em gradu, udoma\u0107ena u senjske obi\u010daje i na\u010din \u017eivota pa mo\u017eemo slobodno re\u0107i da je i na\u0161a sugra\u0111anka. Nerijetko prepoznajemo njezine slike na zidovima senjskih restorana i radnji, ali i privatnih domova i ku\u0107a pa se i na taj na\u010din Marija uselila u na\u0161e domove i na\u0161a srca.<br \/>\nDo\u0111ite na otvorenje izlo\u017ebe BLISTAVOST BOJE U SILNICAMA SVJETLA te na predstavljanje monografije o umjetnici. U programu otvorenja uz umjetnicu Mariju Puzak i moderatoricu Anu Prpi\u0107 Rogi\u0107 sudjeluje i autor teksta monografije Stanko \u0160poljari\u0107, povjesni\u010dar umjetnosti i likovni kriti\u010dar koji ve\u0107 godinama pomno prati Marijin rad.<br \/>\nVe\u010der \u0107e pjesmom oplemeniti klapa Senjkinje.<\/p>\n<p>Veselimo se va\u0161em dolasku!<\/p>\n","protected":false},"excerpt":{"rendered":"<p>GRADSKA KNJI\u017dNICA SENJ POZIVA VAS NA OTVORENJE IZLO\u017dBE I PREDSTAVLJANJE MONOGRAFIJE UMJETNICE MARIJE PUZAK GRADSKA KNJI\u017dNICA SENJ, \u010cETVRTAK, 25.4.2024.g u 19 h Marija Puzak poznata je zagreba\u010dka slikarica i umjetnica, a ve\u0107 godinama dragi gost u na\u0161em gradu, udoma\u0107ena u senjske obi\u010daje i na\u010din \u017eivota pa mo\u017eemo slobodno re\u0107i da je i na\u0161a sugra\u0111anka. Nerijetko [&hellip;]<\/p>\n","protected":false},"author":58,"featured_media":2879,"comment_status":"closed","ping_status":"closed","sticky":false,"template":"","format":"standard","meta":{"ngg_post_thumbnail":0},"categories":[8],"tags":[],"yoast_head":"<!-- This site is optimized with the Yoast SEO plugin v16.4 - https:\/\/yoast.com\/wordpress\/plugins\/seo\/ -->\n<meta name=\"robots\" content=\"index, follow, max-snippet:-1, max-image-preview:large, max-video-preview:-1\" \/>\n<link rel=\"canonical\" href=\"https:\/\/knjiznice.nsk.hr\/senj\/izlozba-marije-puzak-najava\/\" \/>\n<meta property=\"og:locale\" content=\"hr_HR\" \/>\n<meta property=\"og:type\" content=\"article\" \/>\n<meta property=\"og:title\" content=\"IZLO\u017dBA MARIJE PUZAK-najava - Gradska knji\u017enica Senj\" \/>\n<meta property=\"og:description\" content=\"GRADSKA KNJI\u017dNICA SENJ POZIVA VAS NA OTVORENJE IZLO\u017dBE I PREDSTAVLJANJE MONOGRAFIJE UMJETNICE MARIJE PUZAK GRADSKA KNJI\u017dNICA SENJ, \u010cETVRTAK, 25.4.2024.g u 19 h Marija Puzak poznata je zagreba\u010dka slikarica i umjetnica, a ve\u0107 godinama dragi gost u na\u0161em gradu, udoma\u0107ena u senjske obi\u010daje i na\u010din \u017eivota pa mo\u017eemo slobodno re\u0107i da je i na\u0161a sugra\u0111anka. Nerijetko [&hellip;]\" \/>\n<meta property=\"og:url\" content=\"https:\/\/knjiznice.nsk.hr\/senj\/izlozba-marije-puzak-najava\/\" \/>\n<meta property=\"og:site_name\" content=\"Gradska knji\u017enica Senj\" \/>\n<meta property=\"article:publisher\" content=\"http:\/\/facebook.com\/Gradska-knji%c5%benica-SENJ\" \/>\n<meta property=\"article:published_time\" content=\"2024-04-19T06:03:55+00:00\" \/>\n<meta property=\"og:image\" content=\"http:\/\/knjiznice.nsk.hr\/senj\/wp-content\/uploads\/sites\/60\/2024\/04\/zs0G7A8341.jpg\" \/>\n\t<meta property=\"og:image:width\" content=\"2126\" \/>\n\t<meta property=\"og:image:height\" content=\"1525\" \/>\n<meta name=\"twitter:label1\" content=\"Procijenjeno vrijeme \u010ditanja\" \/>\n\t<meta name=\"twitter:data1\" content=\"1 minuta\" \/>\n<script type=\"application\/ld+json\" class=\"yoast-schema-graph\">{\"@context\":\"https:\/\/schema.org\",\"@graph\":[{\"@type\":\"WebSite\",\"@id\":\"https:\/\/knjiznice.nsk.hr\/senj\/#website\",\"url\":\"https:\/\/knjiznice.nsk.hr\/senj\/\",\"name\":\"Gradska knji\\u017enica Senj\",\"description\":\"S vama od 1835. godine\",\"potentialAction\":[{\"@type\":\"SearchAction\",\"target\":\"https:\/\/knjiznice.nsk.hr\/senj\/?s={search_term_string}\",\"query-input\":\"required name=search_term_string\"}],\"inLanguage\":\"hr\"},{\"@type\":\"ImageObject\",\"@id\":\"https:\/\/knjiznice.nsk.hr\/senj\/izlozba-marije-puzak-najava\/#primaryimage\",\"inLanguage\":\"hr\",\"url\":\"https:\/\/knjiznice.nsk.hr\/senj\/wp-content\/uploads\/sites\/60\/2024\/04\/zs0G7A8341.jpg\",\"contentUrl\":\"https:\/\/knjiznice.nsk.hr\/senj\/wp-content\/uploads\/sites\/60\/2024\/04\/zs0G7A8341.jpg\",\"width\":2126,\"height\":1525},{\"@type\":\"WebPage\",\"@id\":\"https:\/\/knjiznice.nsk.hr\/senj\/izlozba-marije-puzak-najava\/#webpage\",\"url\":\"https:\/\/knjiznice.nsk.hr\/senj\/izlozba-marije-puzak-najava\/\",\"name\":\"IZLO\\u017dBA MARIJE PUZAK-najava - Gradska knji\\u017enica Senj\",\"isPartOf\":{\"@id\":\"https:\/\/knjiznice.nsk.hr\/senj\/#website\"},\"primaryImageOfPage\":{\"@id\":\"https:\/\/knjiznice.nsk.hr\/senj\/izlozba-marije-puzak-najava\/#primaryimage\"},\"datePublished\":\"2024-04-19T06:03:55+00:00\",\"dateModified\":\"2024-04-19T06:03:55+00:00\",\"author\":{\"@id\":\"https:\/\/knjiznice.nsk.hr\/senj\/#\/schema\/person\/c6b0893cdaca205d44fe2c322c042ac7\"},\"breadcrumb\":{\"@id\":\"https:\/\/knjiznice.nsk.hr\/senj\/izlozba-marije-puzak-najava\/#breadcrumb\"},\"inLanguage\":\"hr\",\"potentialAction\":[{\"@type\":\"ReadAction\",\"target\":[\"https:\/\/knjiznice.nsk.hr\/senj\/izlozba-marije-puzak-najava\/\"]}]},{\"@type\":\"BreadcrumbList\",\"@id\":\"https:\/\/knjiznice.nsk.hr\/senj\/izlozba-marije-puzak-najava\/#breadcrumb\",\"itemListElement\":[{\"@type\":\"ListItem\",\"position\":1,\"item\":{\"@type\":\"WebPage\",\"@id\":\"https:\/\/knjiznice.nsk.hr\/senj\/\",\"url\":\"https:\/\/knjiznice.nsk.hr\/senj\/\",\"name\":\"Po\\u010detna stranica\"}},{\"@type\":\"ListItem\",\"position\":2,\"item\":{\"@id\":\"https:\/\/knjiznice.nsk.hr\/senj\/izlozba-marije-puzak-najava\/#webpage\"}}]},{\"@type\":\"Person\",\"@id\":\"https:\/\/knjiznice.nsk.hr\/senj\/#\/schema\/person\/c6b0893cdaca205d44fe2c322c042ac7\",\"name\":\"senj\",\"image\":{\"@type\":\"ImageObject\",\"@id\":\"https:\/\/knjiznice.nsk.hr\/senj\/#personlogo\",\"inLanguage\":\"hr\",\"url\":\"https:\/\/secure.gravatar.com\/avatar\/b00e8e1a99b5ba41772fe68c6bcfd17c?s=96&d=mm&r=g\",\"contentUrl\":\"https:\/\/secure.gravatar.com\/avatar\/b00e8e1a99b5ba41772fe68c6bcfd17c?s=96&d=mm&r=g\",\"caption\":\"senj\"}}]}<\/script>\n<!-- \/ Yoast SEO plugin. -->","_links":{"self":[{"href":"https:\/\/knjiznice.nsk.hr\/senj\/wp-json\/wp\/v2\/posts\/2878"}],"collection":[{"href":"https:\/\/knjiznice.nsk.hr\/senj\/wp-json\/wp\/v2\/posts"}],"about":[{"href":"https:\/\/knjiznice.nsk.hr\/senj\/wp-json\/wp\/v2\/types\/post"}],"author":[{"embeddable":true,"href":"https:\/\/knjiznice.nsk.hr\/senj\/wp-json\/wp\/v2\/users\/58"}],"replies":[{"embeddable":true,"href":"https:\/\/knjiznice.nsk.hr\/senj\/wp-json\/wp\/v2\/comments?post=2878"}],"version-history":[{"count":1,"href":"https:\/\/knjiznice.nsk.hr\/senj\/wp-json\/wp\/v2\/posts\/2878\/revisions"}],"predecessor-version":[{"id":2880,"href":"https:\/\/knjiznice.nsk.hr\/senj\/wp-json\/wp\/v2\/posts\/2878\/revisions\/2880"}],"wp:featuredmedia":[{"embeddable":true,"href":"https:\/\/knjiznice.nsk.hr\/senj\/wp-json\/wp\/v2\/media\/2879"}],"wp:attachment":[{"href":"https:\/\/knjiznice.nsk.hr\/senj\/wp-json\/wp\/v2\/media?parent=2878"}],"wp:term":[{"taxonomy":"category","embeddable":true,"href":"https:\/\/knjiznice.nsk.hr\/senj\/wp-json\/wp\/v2\/categories?post=2878"},{"taxonomy":"post_tag","embeddable":true,"href":"https:\/\/knjiznice.nsk.hr\/senj\/wp-json\/wp\/v2\/tags?post=2878"}],"curies":[{"name":"wp","href":"https:\/\/api.w.org\/{rel}","templated":true}]}}