{"id":2870,"date":"2024-04-16T06:14:22","date_gmt":"2024-04-16T06:14:22","guid":{"rendered":"http:\/\/knjiznice.nsk.hr\/senj\/?p=2870"},"modified":"2024-04-16T06:14:22","modified_gmt":"2024-04-16T06:14:22","slug":"gostovanje-ande-maric-najava","status":"publish","type":"post","link":"https:\/\/knjiznice.nsk.hr\/senj\/gostovanje-ande-maric-najava\/","title":{"rendered":"Gostovanje An\u0111e Mari\u0107-najava"},"content":{"rendered":"<p>U SKLOPU NO\u0106I KNJIGE<br \/>\nGRADSKA KNJI\u017dNICA SENJ POZIVA VAS NA<br \/>\nPREDSTAVLJANJE  KNJIGE AN\u0110E MARI\u0106<br \/>\n\u201eMOJA REVOLUCIJA U 365 DANA\u201c<\/p>\n<p>GRADSKA KNJI\u017dNICA SENJ, UTORAK, 23.4.2024.g u 20 h<\/p>\n<p>An\u0111a Mari\u0107, hrvatska glazbenica, spisateljica i motivatorica predstavlja nam svoju knjigu \u201eMoja revolucija u 365 dana\u201c. Inspirativna je to pri\u010da o borbi sa \u017eivotnim neda\u0107ama iz koje je An\u0111a iza\u0161la kao pobjednica.<br \/>\nOdlu\u010dila sam se u svom \u017eivotu pojaviti svakog dana bez obzira na to kako se osje\u0107ala. Odlu\u010dila sam \u017eivjeti i pri\u010dati svoju novu pri\u010du o pobjedi i uspjehu koji sam sanjala. I kad nitko nije vjerovao u mene, ja sam vjerovala i u sebe i u svoj put.<br \/>\nTo moje putovanje i predanost rezultirali su ozbiljnom promjenom, revolucijom i osobnom evolucijom-postala sam \u017eena kakva sam oduvijek htjela biti: dosljedna, predana, neslomljiva i ranjiva. Kao breskva-mekana izvana, a \u010dvrsta iznutra.<\/p>\n<p>Do\u0111ite i poslu\u0161ajte An\u0111u, osna\u017eite se i nau\u010dite ne\u0161to novo.<br \/>\nU glazbenom dijelu programa nastupit \u0107e Nenad Petkovi\u0107.<\/p>\n<p>                                                                                  Veselimo se va\u0161em dolasku!<\/p>\n","protected":false},"excerpt":{"rendered":"<p>U SKLOPU NO\u0106I KNJIGE GRADSKA KNJI\u017dNICA SENJ POZIVA VAS NA PREDSTAVLJANJE KNJIGE AN\u0110E MARI\u0106 \u201eMOJA REVOLUCIJA U 365 DANA\u201c GRADSKA KNJI\u017dNICA SENJ, UTORAK, 23.4.2024.g u 20 h An\u0111a Mari\u0107, hrvatska glazbenica, spisateljica i motivatorica predstavlja nam svoju knjigu \u201eMoja revolucija u 365 dana\u201c. Inspirativna je to pri\u010da o borbi sa \u017eivotnim neda\u0107ama iz koje je [&hellip;]<\/p>\n","protected":false},"author":58,"featured_media":2871,"comment_status":"closed","ping_status":"closed","sticky":false,"template":"","format":"standard","meta":{"ngg_post_thumbnail":0},"categories":[8],"tags":[],"yoast_head":"<!-- This site is optimized with the Yoast SEO plugin v16.4 - https:\/\/yoast.com\/wordpress\/plugins\/seo\/ -->\n<meta name=\"robots\" content=\"index, follow, max-snippet:-1, max-image-preview:large, max-video-preview:-1\" \/>\n<link rel=\"canonical\" href=\"https:\/\/knjiznice.nsk.hr\/senj\/gostovanje-ande-maric-najava\/\" \/>\n<meta property=\"og:locale\" content=\"hr_HR\" \/>\n<meta property=\"og:type\" content=\"article\" \/>\n<meta property=\"og:title\" content=\"Gostovanje An\u0111e Mari\u0107-najava - Gradska knji\u017enica Senj\" \/>\n<meta property=\"og:description\" content=\"U SKLOPU NO\u0106I KNJIGE GRADSKA KNJI\u017dNICA SENJ POZIVA VAS NA PREDSTAVLJANJE KNJIGE AN\u0110E MARI\u0106 \u201eMOJA REVOLUCIJA U 365 DANA\u201c GRADSKA KNJI\u017dNICA SENJ, UTORAK, 23.4.2024.g u 20 h An\u0111a Mari\u0107, hrvatska glazbenica, spisateljica i motivatorica predstavlja nam svoju knjigu \u201eMoja revolucija u 365 dana\u201c. Inspirativna je to pri\u010da o borbi sa \u017eivotnim neda\u0107ama iz koje je [&hellip;]\" \/>\n<meta property=\"og:url\" content=\"https:\/\/knjiznice.nsk.hr\/senj\/gostovanje-ande-maric-najava\/\" \/>\n<meta property=\"og:site_name\" content=\"Gradska knji\u017enica Senj\" \/>\n<meta property=\"article:publisher\" content=\"http:\/\/facebook.com\/Gradska-knji%c5%benica-SENJ\" \/>\n<meta property=\"article:published_time\" content=\"2024-04-16T06:14:22+00:00\" \/>\n<meta property=\"og:image\" content=\"http:\/\/knjiznice.nsk.hr\/senj\/wp-content\/uploads\/sites\/60\/2024\/04\/Anda-Maric-photo-by-Sime-Eskinja-2.jpg\" \/>\n\t<meta property=\"og:image:width\" content=\"1800\" \/>\n\t<meta property=\"og:image:height\" content=\"1000\" \/>\n<meta name=\"twitter:label1\" content=\"Procijenjeno vrijeme \u010ditanja\" \/>\n\t<meta name=\"twitter:data1\" content=\"1 minuta\" \/>\n<script type=\"application\/ld+json\" class=\"yoast-schema-graph\">{\"@context\":\"https:\/\/schema.org\",\"@graph\":[{\"@type\":\"WebSite\",\"@id\":\"https:\/\/knjiznice.nsk.hr\/senj\/#website\",\"url\":\"https:\/\/knjiznice.nsk.hr\/senj\/\",\"name\":\"Gradska knji\\u017enica Senj\",\"description\":\"S vama od 1835. godine\",\"potentialAction\":[{\"@type\":\"SearchAction\",\"target\":\"https:\/\/knjiznice.nsk.hr\/senj\/?s={search_term_string}\",\"query-input\":\"required name=search_term_string\"}],\"inLanguage\":\"hr\"},{\"@type\":\"ImageObject\",\"@id\":\"https:\/\/knjiznice.nsk.hr\/senj\/gostovanje-ande-maric-najava\/#primaryimage\",\"inLanguage\":\"hr\",\"url\":\"https:\/\/knjiznice.nsk.hr\/senj\/wp-content\/uploads\/sites\/60\/2024\/04\/Anda-Maric-photo-by-Sime-Eskinja-2.jpg\",\"contentUrl\":\"https:\/\/knjiznice.nsk.hr\/senj\/wp-content\/uploads\/sites\/60\/2024\/04\/Anda-Maric-photo-by-Sime-Eskinja-2.jpg\",\"width\":1800,\"height\":1000},{\"@type\":\"WebPage\",\"@id\":\"https:\/\/knjiznice.nsk.hr\/senj\/gostovanje-ande-maric-najava\/#webpage\",\"url\":\"https:\/\/knjiznice.nsk.hr\/senj\/gostovanje-ande-maric-najava\/\",\"name\":\"Gostovanje An\\u0111e Mari\\u0107-najava - Gradska knji\\u017enica Senj\",\"isPartOf\":{\"@id\":\"https:\/\/knjiznice.nsk.hr\/senj\/#website\"},\"primaryImageOfPage\":{\"@id\":\"https:\/\/knjiznice.nsk.hr\/senj\/gostovanje-ande-maric-najava\/#primaryimage\"},\"datePublished\":\"2024-04-16T06:14:22+00:00\",\"dateModified\":\"2024-04-16T06:14:22+00:00\",\"author\":{\"@id\":\"https:\/\/knjiznice.nsk.hr\/senj\/#\/schema\/person\/c6b0893cdaca205d44fe2c322c042ac7\"},\"breadcrumb\":{\"@id\":\"https:\/\/knjiznice.nsk.hr\/senj\/gostovanje-ande-maric-najava\/#breadcrumb\"},\"inLanguage\":\"hr\",\"potentialAction\":[{\"@type\":\"ReadAction\",\"target\":[\"https:\/\/knjiznice.nsk.hr\/senj\/gostovanje-ande-maric-najava\/\"]}]},{\"@type\":\"BreadcrumbList\",\"@id\":\"https:\/\/knjiznice.nsk.hr\/senj\/gostovanje-ande-maric-najava\/#breadcrumb\",\"itemListElement\":[{\"@type\":\"ListItem\",\"position\":1,\"item\":{\"@type\":\"WebPage\",\"@id\":\"https:\/\/knjiznice.nsk.hr\/senj\/\",\"url\":\"https:\/\/knjiznice.nsk.hr\/senj\/\",\"name\":\"Po\\u010detna stranica\"}},{\"@type\":\"ListItem\",\"position\":2,\"item\":{\"@id\":\"https:\/\/knjiznice.nsk.hr\/senj\/gostovanje-ande-maric-najava\/#webpage\"}}]},{\"@type\":\"Person\",\"@id\":\"https:\/\/knjiznice.nsk.hr\/senj\/#\/schema\/person\/c6b0893cdaca205d44fe2c322c042ac7\",\"name\":\"senj\",\"image\":{\"@type\":\"ImageObject\",\"@id\":\"https:\/\/knjiznice.nsk.hr\/senj\/#personlogo\",\"inLanguage\":\"hr\",\"url\":\"https:\/\/secure.gravatar.com\/avatar\/b00e8e1a99b5ba41772fe68c6bcfd17c?s=96&d=mm&r=g\",\"contentUrl\":\"https:\/\/secure.gravatar.com\/avatar\/b00e8e1a99b5ba41772fe68c6bcfd17c?s=96&d=mm&r=g\",\"caption\":\"senj\"}}]}<\/script>\n<!-- \/ Yoast SEO plugin. -->","_links":{"self":[{"href":"https:\/\/knjiznice.nsk.hr\/senj\/wp-json\/wp\/v2\/posts\/2870"}],"collection":[{"href":"https:\/\/knjiznice.nsk.hr\/senj\/wp-json\/wp\/v2\/posts"}],"about":[{"href":"https:\/\/knjiznice.nsk.hr\/senj\/wp-json\/wp\/v2\/types\/post"}],"author":[{"embeddable":true,"href":"https:\/\/knjiznice.nsk.hr\/senj\/wp-json\/wp\/v2\/users\/58"}],"replies":[{"embeddable":true,"href":"https:\/\/knjiznice.nsk.hr\/senj\/wp-json\/wp\/v2\/comments?post=2870"}],"version-history":[{"count":1,"href":"https:\/\/knjiznice.nsk.hr\/senj\/wp-json\/wp\/v2\/posts\/2870\/revisions"}],"predecessor-version":[{"id":2872,"href":"https:\/\/knjiznice.nsk.hr\/senj\/wp-json\/wp\/v2\/posts\/2870\/revisions\/2872"}],"wp:featuredmedia":[{"embeddable":true,"href":"https:\/\/knjiznice.nsk.hr\/senj\/wp-json\/wp\/v2\/media\/2871"}],"wp:attachment":[{"href":"https:\/\/knjiznice.nsk.hr\/senj\/wp-json\/wp\/v2\/media?parent=2870"}],"wp:term":[{"taxonomy":"category","embeddable":true,"href":"https:\/\/knjiznice.nsk.hr\/senj\/wp-json\/wp\/v2\/categories?post=2870"},{"taxonomy":"post_tag","embeddable":true,"href":"https:\/\/knjiznice.nsk.hr\/senj\/wp-json\/wp\/v2\/tags?post=2870"}],"curies":[{"name":"wp","href":"https:\/\/api.w.org\/{rel}","templated":true}]}}