{"id":2839,"date":"2024-02-27T08:33:29","date_gmt":"2024-02-27T08:33:29","guid":{"rendered":"http:\/\/knjiznice.nsk.hr\/senj\/?p=2839"},"modified":"2024-02-27T08:33:29","modified_gmt":"2024-02-27T08:33:29","slug":"obiljezavanje-dana-hrvatske-glagoljice","status":"publish","type":"post","link":"https:\/\/knjiznice.nsk.hr\/senj\/obiljezavanje-dana-hrvatske-glagoljice\/","title":{"rendered":"OBILJE\u017dAVANJE DANA HRVATSKE GLAGOLJICE"},"content":{"rendered":"<p>22.2.2024.g-obilje\u017eavanje DANA HRVATSKE GLAGOLJICE I GLAGOLJ\u0160TVA-glagoljska radionica<br \/>\nU organizaciji Gradske knji\u017enice Senj i Srednje \u0161kole Pavla Rittera Vitezovi\u0107a Senj u senjskoj je knji\u017enici odr\u017eana glagoljska radionica kojom su senjski srednjo\u0161kolci obilje\u017eili Dan hrvatske glagoljice.<br \/>\n-Prva hrvatska knjiga na glagoljici \u2013 Misal po zakonu rimskog dvora \u2013 tiskana je 22. velja\u010de 1483. godine i zbog toga se toga nadnevka obilje\u017eava Dan hrvatske glagoljice i glagolja\u0161tva. Spomendan je proglasio Hrvatski sabor na inicijativu Instituta za hrvatski jezik i jezikoslovlje koji je time \u017eelio skrenuti pozornost javnosti i osvijestiti svim govornicima hrvatskoga jezika va\u017enost hrvatskog glagolji\u010dnoga pisma, njegove vrijednosti i ljepote. Hrvatska glagoljica je povijesno hrvatsko pismo, jedan od nezaobilaznih simbola nacionalnoga identiteta po kojem smo i danas prepoznatljivi i jedinstveni u Europi i svijetu, rekli su uvodno voditelji radionice prof. Silvije \u0160ojat i prof. Ana Prpi\u0107 Rogi\u0107.<br \/>\n-Svi znamo da je Senj poznat po mnogo va\u017enih stvari, tu su poznati knji\u017eevnici, bura, uskoci, mesopust, tvr\u0111ava Nehaj. A, uz bok svemu tome stoji i glagoljska tradicija kao i tiskarska tradicija po kojoj je Senj zapisan ne samo na karti Hrvatske, nego i svijeta.<br \/>\nHrvati ve\u0107 1483. tiskaju prvu glagolji\u010dnu knjigu, a 1494. Senj, gnijezdo glagoljice, dobiva svoju tiskaru.<br \/>\nPrvo djelo senjske glagoljske tiskare Senjski misal-1494.godine tiskao je Baromi\u0107 te Silvestar Bedri\u010di\u0107 i Ga\u0161par Tur\u010di\u0107.<br \/>\nGlagoljska tiskara u Senju radila je s prekidima od 1494. do 1508. godine. U tom razdoblju tiskano je najmanje sedam knjiga: dvije liturgijske te pet hrvatskih prijevoda popularnih teolo\u0161kih priru\u010dnika, nabo\u017eno-pou\u010dnih i knji\u017eevnih djela. Izdanja Senjske tiskare iznimno su va\u017eni spomenici za povijest hrvatskoga jezika i hrvatsku srednjovjekovnu kulturu.<br \/>\n22. velja\u010de (Dan hrv.glagoljice) navr\u0161ava se 541 godina od tiskanja prve hrvatske inkunabule Misala po zakonu rimskog dvora, a ove godine \u0107emo obilje\u017eiti i 530 godina od kad je iza\u0161la prva inkunabula iz Senjske glagoljske tiskare &#8211; Senjski misal 1494. godine.<br \/>\nDakle, nedugo nakon Gutenberova otkri\u0107a tiska, Hrvatska i Senj kre\u0107u istim stopama i stvaraju dragocjene prvotiske koji su va\u017ean dio hrvatske kulture i pismenosti, istaknuli su me\u0111u ostalim voditelji radionice.<\/p>\n<p>U nastavku su u\u010denici od kartona izra\u0111ivali glagoljska slova po izboru. Nastali su divni radovi koji su jo\u0161 jedan podsjetnik na ljepotu i jedinstvenost na\u0161e glagoljice.<\/p>\n<p>Knji\u017enica zahvaljuje prof. \u0160ojatu i njegovim u\u010denicima na lijepoj suradnji.<\/p>\n","protected":false},"excerpt":{"rendered":"<p>22.2.2024.g-obilje\u017eavanje DANA HRVATSKE GLAGOLJICE I GLAGOLJ\u0160TVA-glagoljska radionica U organizaciji Gradske knji\u017enice Senj i Srednje \u0161kole Pavla Rittera Vitezovi\u0107a Senj u senjskoj je knji\u017enici odr\u017eana glagoljska radionica kojom su senjski srednjo\u0161kolci obilje\u017eili Dan hrvatske glagoljice. -Prva hrvatska knjiga na glagoljici \u2013 Misal po zakonu rimskog dvora \u2013 tiskana je 22. velja\u010de 1483. godine i zbog toga [&hellip;]<\/p>\n","protected":false},"author":58,"featured_media":2840,"comment_status":"closed","ping_status":"closed","sticky":false,"template":"","format":"standard","meta":{"ngg_post_thumbnail":0},"categories":[8],"tags":[],"yoast_head":"<!-- This site is optimized with the Yoast SEO plugin v16.4 - https:\/\/yoast.com\/wordpress\/plugins\/seo\/ -->\n<meta name=\"robots\" content=\"index, follow, max-snippet:-1, max-image-preview:large, max-video-preview:-1\" \/>\n<link rel=\"canonical\" href=\"https:\/\/knjiznice.nsk.hr\/senj\/obiljezavanje-dana-hrvatske-glagoljice\/\" \/>\n<meta property=\"og:locale\" content=\"hr_HR\" \/>\n<meta property=\"og:type\" content=\"article\" \/>\n<meta property=\"og:title\" content=\"OBILJE\u017dAVANJE DANA HRVATSKE GLAGOLJICE - Gradska knji\u017enica Senj\" \/>\n<meta property=\"og:description\" content=\"22.2.2024.g-obilje\u017eavanje DANA HRVATSKE GLAGOLJICE I GLAGOLJ\u0160TVA-glagoljska radionica U organizaciji Gradske knji\u017enice Senj i Srednje \u0161kole Pavla Rittera Vitezovi\u0107a Senj u senjskoj je knji\u017enici odr\u017eana glagoljska radionica kojom su senjski srednjo\u0161kolci obilje\u017eili Dan hrvatske glagoljice. -Prva hrvatska knjiga na glagoljici \u2013 Misal po zakonu rimskog dvora \u2013 tiskana je 22. velja\u010de 1483. godine i zbog toga [&hellip;]\" \/>\n<meta property=\"og:url\" content=\"https:\/\/knjiznice.nsk.hr\/senj\/obiljezavanje-dana-hrvatske-glagoljice\/\" \/>\n<meta property=\"og:site_name\" content=\"Gradska knji\u017enica Senj\" \/>\n<meta property=\"article:publisher\" content=\"http:\/\/facebook.com\/Gradska-knji%c5%benica-SENJ\" \/>\n<meta property=\"article:published_time\" content=\"2024-02-27T08:33:29+00:00\" \/>\n<meta property=\"og:image\" content=\"http:\/\/knjiznice.nsk.hr\/senj\/wp-content\/uploads\/sites\/60\/2024\/02\/1-1.jpg\" \/>\n\t<meta property=\"og:image:width\" content=\"1600\" \/>\n\t<meta property=\"og:image:height\" content=\"1200\" \/>\n<meta name=\"twitter:label1\" content=\"Procijenjeno vrijeme \u010ditanja\" \/>\n\t<meta name=\"twitter:data1\" content=\"2 minute\" \/>\n<script type=\"application\/ld+json\" class=\"yoast-schema-graph\">{\"@context\":\"https:\/\/schema.org\",\"@graph\":[{\"@type\":\"WebSite\",\"@id\":\"http:\/\/knjiznice.nsk.hr\/senj\/#website\",\"url\":\"http:\/\/knjiznice.nsk.hr\/senj\/\",\"name\":\"Gradska knji\\u017enica Senj\",\"description\":\"S vama od 1835. godine\",\"potentialAction\":[{\"@type\":\"SearchAction\",\"target\":\"http:\/\/knjiznice.nsk.hr\/senj\/?s={search_term_string}\",\"query-input\":\"required name=search_term_string\"}],\"inLanguage\":\"hr\"},{\"@type\":\"ImageObject\",\"@id\":\"https:\/\/knjiznice.nsk.hr\/senj\/obiljezavanje-dana-hrvatske-glagoljice\/#primaryimage\",\"inLanguage\":\"hr\",\"url\":\"https:\/\/knjiznice.nsk.hr\/senj\/wp-content\/uploads\/sites\/60\/2024\/02\/1-1.jpg\",\"contentUrl\":\"https:\/\/knjiznice.nsk.hr\/senj\/wp-content\/uploads\/sites\/60\/2024\/02\/1-1.jpg\",\"width\":1600,\"height\":1200},{\"@type\":\"WebPage\",\"@id\":\"https:\/\/knjiznice.nsk.hr\/senj\/obiljezavanje-dana-hrvatske-glagoljice\/#webpage\",\"url\":\"https:\/\/knjiznice.nsk.hr\/senj\/obiljezavanje-dana-hrvatske-glagoljice\/\",\"name\":\"OBILJE\\u017dAVANJE DANA HRVATSKE GLAGOLJICE - Gradska knji\\u017enica Senj\",\"isPartOf\":{\"@id\":\"http:\/\/knjiznice.nsk.hr\/senj\/#website\"},\"primaryImageOfPage\":{\"@id\":\"https:\/\/knjiznice.nsk.hr\/senj\/obiljezavanje-dana-hrvatske-glagoljice\/#primaryimage\"},\"datePublished\":\"2024-02-27T08:33:29+00:00\",\"dateModified\":\"2024-02-27T08:33:29+00:00\",\"author\":{\"@id\":\"http:\/\/knjiznice.nsk.hr\/senj\/#\/schema\/person\/c6b0893cdaca205d44fe2c322c042ac7\"},\"breadcrumb\":{\"@id\":\"https:\/\/knjiznice.nsk.hr\/senj\/obiljezavanje-dana-hrvatske-glagoljice\/#breadcrumb\"},\"inLanguage\":\"hr\",\"potentialAction\":[{\"@type\":\"ReadAction\",\"target\":[\"https:\/\/knjiznice.nsk.hr\/senj\/obiljezavanje-dana-hrvatske-glagoljice\/\"]}]},{\"@type\":\"BreadcrumbList\",\"@id\":\"https:\/\/knjiznice.nsk.hr\/senj\/obiljezavanje-dana-hrvatske-glagoljice\/#breadcrumb\",\"itemListElement\":[{\"@type\":\"ListItem\",\"position\":1,\"item\":{\"@type\":\"WebPage\",\"@id\":\"http:\/\/knjiznice.nsk.hr\/senj\/\",\"url\":\"http:\/\/knjiznice.nsk.hr\/senj\/\",\"name\":\"Po\\u010detna stranica\"}},{\"@type\":\"ListItem\",\"position\":2,\"item\":{\"@id\":\"https:\/\/knjiznice.nsk.hr\/senj\/obiljezavanje-dana-hrvatske-glagoljice\/#webpage\"}}]},{\"@type\":\"Person\",\"@id\":\"http:\/\/knjiznice.nsk.hr\/senj\/#\/schema\/person\/c6b0893cdaca205d44fe2c322c042ac7\",\"name\":\"senj\",\"image\":{\"@type\":\"ImageObject\",\"@id\":\"http:\/\/knjiznice.nsk.hr\/senj\/#personlogo\",\"inLanguage\":\"hr\",\"url\":\"https:\/\/secure.gravatar.com\/avatar\/b00e8e1a99b5ba41772fe68c6bcfd17c?s=96&d=mm&r=g\",\"contentUrl\":\"https:\/\/secure.gravatar.com\/avatar\/b00e8e1a99b5ba41772fe68c6bcfd17c?s=96&d=mm&r=g\",\"caption\":\"senj\"}}]}<\/script>\n<!-- \/ Yoast SEO plugin. -->","_links":{"self":[{"href":"https:\/\/knjiznice.nsk.hr\/senj\/wp-json\/wp\/v2\/posts\/2839"}],"collection":[{"href":"https:\/\/knjiznice.nsk.hr\/senj\/wp-json\/wp\/v2\/posts"}],"about":[{"href":"https:\/\/knjiznice.nsk.hr\/senj\/wp-json\/wp\/v2\/types\/post"}],"author":[{"embeddable":true,"href":"https:\/\/knjiznice.nsk.hr\/senj\/wp-json\/wp\/v2\/users\/58"}],"replies":[{"embeddable":true,"href":"https:\/\/knjiznice.nsk.hr\/senj\/wp-json\/wp\/v2\/comments?post=2839"}],"version-history":[{"count":1,"href":"https:\/\/knjiznice.nsk.hr\/senj\/wp-json\/wp\/v2\/posts\/2839\/revisions"}],"predecessor-version":[{"id":2841,"href":"https:\/\/knjiznice.nsk.hr\/senj\/wp-json\/wp\/v2\/posts\/2839\/revisions\/2841"}],"wp:featuredmedia":[{"embeddable":true,"href":"https:\/\/knjiznice.nsk.hr\/senj\/wp-json\/wp\/v2\/media\/2840"}],"wp:attachment":[{"href":"https:\/\/knjiznice.nsk.hr\/senj\/wp-json\/wp\/v2\/media?parent=2839"}],"wp:term":[{"taxonomy":"category","embeddable":true,"href":"https:\/\/knjiznice.nsk.hr\/senj\/wp-json\/wp\/v2\/categories?post=2839"},{"taxonomy":"post_tag","embeddable":true,"href":"https:\/\/knjiznice.nsk.hr\/senj\/wp-json\/wp\/v2\/tags?post=2839"}],"curies":[{"name":"wp","href":"https:\/\/api.w.org\/{rel}","templated":true}]}}