{"id":2798,"date":"2023-12-08T08:14:32","date_gmt":"2023-12-08T08:14:32","guid":{"rendered":"http:\/\/knjiznice.nsk.hr\/senj\/?p=2798"},"modified":"2023-12-08T08:14:32","modified_gmt":"2023-12-08T08:14:32","slug":"odrzana-bozicna-pricaonica","status":"publish","type":"post","link":"https:\/\/knjiznice.nsk.hr\/senj\/odrzana-bozicna-pricaonica\/","title":{"rendered":"ODR\u017dANA BO\u017dI\u0106NA PRI\u010cAONICA"},"content":{"rendered":"<p>U srijedu, 6.prosinca u Gradskoj je knji\u017enici Senj odr\u017eana bo\u017ei\u0107na pri\u010daonica za djecu pod nazivom \u201e\u010cuje\u0161 li zvon\u010di\u0107e?\u201c Pri\u010daonicu je na Dje\u010djem odjelu knji\u017enice vodila Ileana Tomljanovi\u0107 koja je kroz pri\u010du i \u010ditanje djeci naglasila da Bo\u017ei\u0107 nisu samo materijalni pokloni, nego nam Bo\u017ei\u0107 donosi i one najljep\u0161e i najvrednije darove kao \u0161to su nada, vjera, ljubav, toplina..Djeca su sa zanimanjem pratila pri\u010daonicu, a kao potvrdu da su razumjela pripovjeda\u010dicu, nastali su i krasni likovni radovi o Bo\u017ei\u0107u-o onom pravom Bo\u017ei\u0107u ispunjenom rado\u0161\u0107u i mirom za sve. Hvala djeci i roditeljima na dolasku i lijepom dru\u017eenju.<\/p>\n","protected":false},"excerpt":{"rendered":"<p>U srijedu, 6.prosinca u Gradskoj je knji\u017enici Senj odr\u017eana bo\u017ei\u0107na pri\u010daonica za djecu pod nazivom \u201e\u010cuje\u0161 li zvon\u010di\u0107e?\u201c Pri\u010daonicu je na Dje\u010djem odjelu knji\u017enice vodila Ileana Tomljanovi\u0107 koja je kroz pri\u010du i \u010ditanje djeci naglasila da Bo\u017ei\u0107 nisu samo materijalni pokloni, nego nam Bo\u017ei\u0107 donosi i one najljep\u0161e i najvrednije darove kao \u0161to su nada, [&hellip;]<\/p>\n","protected":false},"author":58,"featured_media":2799,"comment_status":"closed","ping_status":"closed","sticky":false,"template":"","format":"standard","meta":{"ngg_post_thumbnail":0},"categories":[8],"tags":[],"yoast_head":"<!-- This site is optimized with the Yoast SEO plugin v16.4 - https:\/\/yoast.com\/wordpress\/plugins\/seo\/ -->\n<meta name=\"robots\" content=\"index, follow, max-snippet:-1, max-image-preview:large, max-video-preview:-1\" \/>\n<link rel=\"canonical\" href=\"https:\/\/knjiznice.nsk.hr\/senj\/odrzana-bozicna-pricaonica\/\" \/>\n<meta property=\"og:locale\" content=\"hr_HR\" \/>\n<meta property=\"og:type\" content=\"article\" \/>\n<meta property=\"og:title\" content=\"ODR\u017dANA BO\u017dI\u0106NA PRI\u010cAONICA - Gradska knji\u017enica Senj\" \/>\n<meta property=\"og:description\" content=\"U srijedu, 6.prosinca u Gradskoj je knji\u017enici Senj odr\u017eana bo\u017ei\u0107na pri\u010daonica za djecu pod nazivom \u201e\u010cuje\u0161 li zvon\u010di\u0107e?\u201c Pri\u010daonicu je na Dje\u010djem odjelu knji\u017enice vodila Ileana Tomljanovi\u0107 koja je kroz pri\u010du i \u010ditanje djeci naglasila da Bo\u017ei\u0107 nisu samo materijalni pokloni, nego nam Bo\u017ei\u0107 donosi i one najljep\u0161e i najvrednije darove kao \u0161to su nada, [&hellip;]\" \/>\n<meta property=\"og:url\" content=\"https:\/\/knjiznice.nsk.hr\/senj\/odrzana-bozicna-pricaonica\/\" \/>\n<meta property=\"og:site_name\" content=\"Gradska knji\u017enica Senj\" \/>\n<meta property=\"article:publisher\" content=\"http:\/\/facebook.com\/Gradska-knji%c5%benica-SENJ\" \/>\n<meta property=\"article:published_time\" content=\"2023-12-08T08:14:32+00:00\" \/>\n<meta property=\"og:image\" content=\"http:\/\/knjiznice.nsk.hr\/senj\/wp-content\/uploads\/sites\/60\/2023\/12\/20231206_180213.jpg\" \/>\n\t<meta property=\"og:image:width\" content=\"1000\" \/>\n\t<meta property=\"og:image:height\" content=\"640\" \/>\n<meta name=\"twitter:label1\" content=\"Procijenjeno vrijeme \u010ditanja\" \/>\n\t<meta name=\"twitter:data1\" content=\"1 minuta\" \/>\n<script type=\"application\/ld+json\" class=\"yoast-schema-graph\">{\"@context\":\"https:\/\/schema.org\",\"@graph\":[{\"@type\":\"WebSite\",\"@id\":\"https:\/\/knjiznice.nsk.hr\/senj\/#website\",\"url\":\"https:\/\/knjiznice.nsk.hr\/senj\/\",\"name\":\"Gradska knji\\u017enica Senj\",\"description\":\"S vama od 1835. godine\",\"potentialAction\":[{\"@type\":\"SearchAction\",\"target\":\"https:\/\/knjiznice.nsk.hr\/senj\/?s={search_term_string}\",\"query-input\":\"required name=search_term_string\"}],\"inLanguage\":\"hr\"},{\"@type\":\"ImageObject\",\"@id\":\"https:\/\/knjiznice.nsk.hr\/senj\/odrzana-bozicna-pricaonica\/#primaryimage\",\"inLanguage\":\"hr\",\"url\":\"https:\/\/knjiznice.nsk.hr\/senj\/wp-content\/uploads\/sites\/60\/2023\/12\/20231206_180213.jpg\",\"contentUrl\":\"https:\/\/knjiznice.nsk.hr\/senj\/wp-content\/uploads\/sites\/60\/2023\/12\/20231206_180213.jpg\",\"width\":1000,\"height\":640},{\"@type\":\"WebPage\",\"@id\":\"https:\/\/knjiznice.nsk.hr\/senj\/odrzana-bozicna-pricaonica\/#webpage\",\"url\":\"https:\/\/knjiznice.nsk.hr\/senj\/odrzana-bozicna-pricaonica\/\",\"name\":\"ODR\\u017dANA BO\\u017dI\\u0106NA PRI\\u010cAONICA - Gradska knji\\u017enica Senj\",\"isPartOf\":{\"@id\":\"https:\/\/knjiznice.nsk.hr\/senj\/#website\"},\"primaryImageOfPage\":{\"@id\":\"https:\/\/knjiznice.nsk.hr\/senj\/odrzana-bozicna-pricaonica\/#primaryimage\"},\"datePublished\":\"2023-12-08T08:14:32+00:00\",\"dateModified\":\"2023-12-08T08:14:32+00:00\",\"author\":{\"@id\":\"https:\/\/knjiznice.nsk.hr\/senj\/#\/schema\/person\/c6b0893cdaca205d44fe2c322c042ac7\"},\"breadcrumb\":{\"@id\":\"https:\/\/knjiznice.nsk.hr\/senj\/odrzana-bozicna-pricaonica\/#breadcrumb\"},\"inLanguage\":\"hr\",\"potentialAction\":[{\"@type\":\"ReadAction\",\"target\":[\"https:\/\/knjiznice.nsk.hr\/senj\/odrzana-bozicna-pricaonica\/\"]}]},{\"@type\":\"BreadcrumbList\",\"@id\":\"https:\/\/knjiznice.nsk.hr\/senj\/odrzana-bozicna-pricaonica\/#breadcrumb\",\"itemListElement\":[{\"@type\":\"ListItem\",\"position\":1,\"item\":{\"@type\":\"WebPage\",\"@id\":\"https:\/\/knjiznice.nsk.hr\/senj\/\",\"url\":\"https:\/\/knjiznice.nsk.hr\/senj\/\",\"name\":\"Po\\u010detna stranica\"}},{\"@type\":\"ListItem\",\"position\":2,\"item\":{\"@id\":\"https:\/\/knjiznice.nsk.hr\/senj\/odrzana-bozicna-pricaonica\/#webpage\"}}]},{\"@type\":\"Person\",\"@id\":\"https:\/\/knjiznice.nsk.hr\/senj\/#\/schema\/person\/c6b0893cdaca205d44fe2c322c042ac7\",\"name\":\"senj\",\"image\":{\"@type\":\"ImageObject\",\"@id\":\"https:\/\/knjiznice.nsk.hr\/senj\/#personlogo\",\"inLanguage\":\"hr\",\"url\":\"https:\/\/secure.gravatar.com\/avatar\/b00e8e1a99b5ba41772fe68c6bcfd17c?s=96&d=mm&r=g\",\"contentUrl\":\"https:\/\/secure.gravatar.com\/avatar\/b00e8e1a99b5ba41772fe68c6bcfd17c?s=96&d=mm&r=g\",\"caption\":\"senj\"}}]}<\/script>\n<!-- \/ Yoast SEO plugin. -->","_links":{"self":[{"href":"https:\/\/knjiznice.nsk.hr\/senj\/wp-json\/wp\/v2\/posts\/2798"}],"collection":[{"href":"https:\/\/knjiznice.nsk.hr\/senj\/wp-json\/wp\/v2\/posts"}],"about":[{"href":"https:\/\/knjiznice.nsk.hr\/senj\/wp-json\/wp\/v2\/types\/post"}],"author":[{"embeddable":true,"href":"https:\/\/knjiznice.nsk.hr\/senj\/wp-json\/wp\/v2\/users\/58"}],"replies":[{"embeddable":true,"href":"https:\/\/knjiznice.nsk.hr\/senj\/wp-json\/wp\/v2\/comments?post=2798"}],"version-history":[{"count":1,"href":"https:\/\/knjiznice.nsk.hr\/senj\/wp-json\/wp\/v2\/posts\/2798\/revisions"}],"predecessor-version":[{"id":2800,"href":"https:\/\/knjiznice.nsk.hr\/senj\/wp-json\/wp\/v2\/posts\/2798\/revisions\/2800"}],"wp:featuredmedia":[{"embeddable":true,"href":"https:\/\/knjiznice.nsk.hr\/senj\/wp-json\/wp\/v2\/media\/2799"}],"wp:attachment":[{"href":"https:\/\/knjiznice.nsk.hr\/senj\/wp-json\/wp\/v2\/media?parent=2798"}],"wp:term":[{"taxonomy":"category","embeddable":true,"href":"https:\/\/knjiznice.nsk.hr\/senj\/wp-json\/wp\/v2\/categories?post=2798"},{"taxonomy":"post_tag","embeddable":true,"href":"https:\/\/knjiznice.nsk.hr\/senj\/wp-json\/wp\/v2\/tags?post=2798"}],"curies":[{"name":"wp","href":"https:\/\/api.w.org\/{rel}","templated":true}]}}