{"id":2793,"date":"2023-12-08T07:25:52","date_gmt":"2023-12-08T07:25:52","guid":{"rendered":"http:\/\/knjiznice.nsk.hr\/senj\/?p=2793"},"modified":"2023-12-08T07:25:52","modified_gmt":"2023-12-08T07:25:52","slug":"20-godina-senjske-lige-protiv-raka-izlozba-najava","status":"publish","type":"post","link":"https:\/\/knjiznice.nsk.hr\/senj\/20-godina-senjske-lige-protiv-raka-izlozba-najava\/","title":{"rendered":"20 godina Senjske lige protiv raka-izlo\u017eba-najava"},"content":{"rendered":"<p>SENJSKA LIGA PROTIV RAKA I GRADSKA KNJI\u017dNICA SENJ<br \/>\nPOZIVAJU VAS NA<br \/>\nOTVORENJE IZLO\u017dBE<br \/>\n20 GODINA SENJSKE LIGE PROTIV RAKA<\/p>\n<p>GRADSKA KNJI\u017dNICA SENJ, \u010cETVRTAK, 14. PROSINCA 2023. GODINE U 18 SATI<\/p>\n<p>\tSenjska liga protiv raka jedina je udruga ove vrste u Li\u010dko-senjskoj \u017eupaniji. Njezini vrijedni \u010dlanovi punih dvadeset godina rade na podizanju zdravstvene svijesti o raku i na ukazivanju na mjere koje valja poduzimati u za\u0161titi od malignih bolesti. Uz to, poma\u017ee se oboljelima i njihovim obiteljima u ostvarivanju prava iz zdravstvene i socijalne skrbi, a oboljelima se dodjeljuje i financijska pomo\u0107.<br \/>\nIzlo\u017eba je svojevrsna retrospektiva i podsjetnik na proteklih 20 godina djelovanja Lige. Bit \u0107e izlo\u017een dio fotoarhive te ostale dokumentacije koji svjedo\u010de o aktivnom i plodonosnom radu Lige.<br \/>\nProgram otvorenja moderirat \u0107e Ana Prpi\u0107 Rogi\u0107, a glazbom \u0107e ga oplemeniti klapa Senjkinje.<\/p>\n<p>Radujemo se va\u0161em dolasku!<\/p>\n","protected":false},"excerpt":{"rendered":"<p>SENJSKA LIGA PROTIV RAKA I GRADSKA KNJI\u017dNICA SENJ POZIVAJU VAS NA OTVORENJE IZLO\u017dBE 20 GODINA SENJSKE LIGE PROTIV RAKA GRADSKA KNJI\u017dNICA SENJ, \u010cETVRTAK, 14. PROSINCA 2023. GODINE U 18 SATI Senjska liga protiv raka jedina je udruga ove vrste u Li\u010dko-senjskoj \u017eupaniji. Njezini vrijedni \u010dlanovi punih dvadeset godina rade na podizanju zdravstvene svijesti o raku [&hellip;]<\/p>\n","protected":false},"author":58,"featured_media":2794,"comment_status":"closed","ping_status":"closed","sticky":false,"template":"","format":"standard","meta":{"ngg_post_thumbnail":0},"categories":[8],"tags":[],"yoast_head":"<!-- This site is optimized with the Yoast SEO plugin v16.4 - https:\/\/yoast.com\/wordpress\/plugins\/seo\/ -->\n<meta name=\"robots\" content=\"index, follow, max-snippet:-1, max-image-preview:large, max-video-preview:-1\" \/>\n<link rel=\"canonical\" href=\"https:\/\/knjiznice.nsk.hr\/senj\/20-godina-senjske-lige-protiv-raka-izlozba-najava\/\" \/>\n<meta property=\"og:locale\" content=\"hr_HR\" \/>\n<meta property=\"og:type\" content=\"article\" \/>\n<meta property=\"og:title\" content=\"20 godina Senjske lige protiv raka-izlo\u017eba-najava - Gradska knji\u017enica Senj\" \/>\n<meta property=\"og:description\" content=\"SENJSKA LIGA PROTIV RAKA I GRADSKA KNJI\u017dNICA SENJ POZIVAJU VAS NA OTVORENJE IZLO\u017dBE 20 GODINA SENJSKE LIGE PROTIV RAKA GRADSKA KNJI\u017dNICA SENJ, \u010cETVRTAK, 14. PROSINCA 2023. GODINE U 18 SATI Senjska liga protiv raka jedina je udruga ove vrste u Li\u010dko-senjskoj \u017eupaniji. Njezini vrijedni \u010dlanovi punih dvadeset godina rade na podizanju zdravstvene svijesti o raku [&hellip;]\" \/>\n<meta property=\"og:url\" content=\"https:\/\/knjiznice.nsk.hr\/senj\/20-godina-senjske-lige-protiv-raka-izlozba-najava\/\" \/>\n<meta property=\"og:site_name\" content=\"Gradska knji\u017enica Senj\" \/>\n<meta property=\"article:publisher\" content=\"http:\/\/facebook.com\/Gradska-knji%c5%benica-SENJ\" \/>\n<meta property=\"article:published_time\" content=\"2023-12-08T07:25:52+00:00\" \/>\n<meta property=\"og:image\" content=\"http:\/\/knjiznice.nsk.hr\/senj\/wp-content\/uploads\/sites\/60\/2023\/12\/Slika1.jpg\" \/>\n\t<meta property=\"og:image:width\" content=\"750\" \/>\n\t<meta property=\"og:image:height\" content=\"912\" \/>\n<meta name=\"twitter:label1\" content=\"Procijenjeno vrijeme \u010ditanja\" \/>\n\t<meta name=\"twitter:data1\" content=\"1 minuta\" \/>\n<script type=\"application\/ld+json\" class=\"yoast-schema-graph\">{\"@context\":\"https:\/\/schema.org\",\"@graph\":[{\"@type\":\"WebSite\",\"@id\":\"https:\/\/knjiznice.nsk.hr\/senj\/#website\",\"url\":\"https:\/\/knjiznice.nsk.hr\/senj\/\",\"name\":\"Gradska knji\\u017enica Senj\",\"description\":\"S vama od 1835. godine\",\"potentialAction\":[{\"@type\":\"SearchAction\",\"target\":\"https:\/\/knjiznice.nsk.hr\/senj\/?s={search_term_string}\",\"query-input\":\"required name=search_term_string\"}],\"inLanguage\":\"hr\"},{\"@type\":\"ImageObject\",\"@id\":\"https:\/\/knjiznice.nsk.hr\/senj\/20-godina-senjske-lige-protiv-raka-izlozba-najava\/#primaryimage\",\"inLanguage\":\"hr\",\"url\":\"https:\/\/knjiznice.nsk.hr\/senj\/wp-content\/uploads\/sites\/60\/2023\/12\/Slika1.jpg\",\"contentUrl\":\"https:\/\/knjiznice.nsk.hr\/senj\/wp-content\/uploads\/sites\/60\/2023\/12\/Slika1.jpg\",\"width\":750,\"height\":912},{\"@type\":\"WebPage\",\"@id\":\"https:\/\/knjiznice.nsk.hr\/senj\/20-godina-senjske-lige-protiv-raka-izlozba-najava\/#webpage\",\"url\":\"https:\/\/knjiznice.nsk.hr\/senj\/20-godina-senjske-lige-protiv-raka-izlozba-najava\/\",\"name\":\"20 godina Senjske lige protiv raka-izlo\\u017eba-najava - Gradska knji\\u017enica Senj\",\"isPartOf\":{\"@id\":\"https:\/\/knjiznice.nsk.hr\/senj\/#website\"},\"primaryImageOfPage\":{\"@id\":\"https:\/\/knjiznice.nsk.hr\/senj\/20-godina-senjske-lige-protiv-raka-izlozba-najava\/#primaryimage\"},\"datePublished\":\"2023-12-08T07:25:52+00:00\",\"dateModified\":\"2023-12-08T07:25:52+00:00\",\"author\":{\"@id\":\"https:\/\/knjiznice.nsk.hr\/senj\/#\/schema\/person\/c6b0893cdaca205d44fe2c322c042ac7\"},\"breadcrumb\":{\"@id\":\"https:\/\/knjiznice.nsk.hr\/senj\/20-godina-senjske-lige-protiv-raka-izlozba-najava\/#breadcrumb\"},\"inLanguage\":\"hr\",\"potentialAction\":[{\"@type\":\"ReadAction\",\"target\":[\"https:\/\/knjiznice.nsk.hr\/senj\/20-godina-senjske-lige-protiv-raka-izlozba-najava\/\"]}]},{\"@type\":\"BreadcrumbList\",\"@id\":\"https:\/\/knjiznice.nsk.hr\/senj\/20-godina-senjske-lige-protiv-raka-izlozba-najava\/#breadcrumb\",\"itemListElement\":[{\"@type\":\"ListItem\",\"position\":1,\"item\":{\"@type\":\"WebPage\",\"@id\":\"https:\/\/knjiznice.nsk.hr\/senj\/\",\"url\":\"https:\/\/knjiznice.nsk.hr\/senj\/\",\"name\":\"Po\\u010detna stranica\"}},{\"@type\":\"ListItem\",\"position\":2,\"item\":{\"@id\":\"https:\/\/knjiznice.nsk.hr\/senj\/20-godina-senjske-lige-protiv-raka-izlozba-najava\/#webpage\"}}]},{\"@type\":\"Person\",\"@id\":\"https:\/\/knjiznice.nsk.hr\/senj\/#\/schema\/person\/c6b0893cdaca205d44fe2c322c042ac7\",\"name\":\"senj\",\"image\":{\"@type\":\"ImageObject\",\"@id\":\"https:\/\/knjiznice.nsk.hr\/senj\/#personlogo\",\"inLanguage\":\"hr\",\"url\":\"https:\/\/secure.gravatar.com\/avatar\/b00e8e1a99b5ba41772fe68c6bcfd17c?s=96&d=mm&r=g\",\"contentUrl\":\"https:\/\/secure.gravatar.com\/avatar\/b00e8e1a99b5ba41772fe68c6bcfd17c?s=96&d=mm&r=g\",\"caption\":\"senj\"}}]}<\/script>\n<!-- \/ Yoast SEO plugin. -->","_links":{"self":[{"href":"https:\/\/knjiznice.nsk.hr\/senj\/wp-json\/wp\/v2\/posts\/2793"}],"collection":[{"href":"https:\/\/knjiznice.nsk.hr\/senj\/wp-json\/wp\/v2\/posts"}],"about":[{"href":"https:\/\/knjiznice.nsk.hr\/senj\/wp-json\/wp\/v2\/types\/post"}],"author":[{"embeddable":true,"href":"https:\/\/knjiznice.nsk.hr\/senj\/wp-json\/wp\/v2\/users\/58"}],"replies":[{"embeddable":true,"href":"https:\/\/knjiznice.nsk.hr\/senj\/wp-json\/wp\/v2\/comments?post=2793"}],"version-history":[{"count":1,"href":"https:\/\/knjiznice.nsk.hr\/senj\/wp-json\/wp\/v2\/posts\/2793\/revisions"}],"predecessor-version":[{"id":2795,"href":"https:\/\/knjiznice.nsk.hr\/senj\/wp-json\/wp\/v2\/posts\/2793\/revisions\/2795"}],"wp:featuredmedia":[{"embeddable":true,"href":"https:\/\/knjiznice.nsk.hr\/senj\/wp-json\/wp\/v2\/media\/2794"}],"wp:attachment":[{"href":"https:\/\/knjiznice.nsk.hr\/senj\/wp-json\/wp\/v2\/media?parent=2793"}],"wp:term":[{"taxonomy":"category","embeddable":true,"href":"https:\/\/knjiznice.nsk.hr\/senj\/wp-json\/wp\/v2\/categories?post=2793"},{"taxonomy":"post_tag","embeddable":true,"href":"https:\/\/knjiznice.nsk.hr\/senj\/wp-json\/wp\/v2\/tags?post=2793"}],"curies":[{"name":"wp","href":"https:\/\/api.w.org\/{rel}","templated":true}]}}