{"id":2776,"date":"2023-11-13T07:27:43","date_gmt":"2023-11-13T07:27:43","guid":{"rendered":"http:\/\/knjiznice.nsk.hr\/senj\/?p=2776"},"modified":"2023-11-13T07:27:43","modified_gmt":"2023-11-13T07:27:43","slug":"posjeti-djece-u-mjesecu-hrvatske-knjige-2023-g","status":"publish","type":"post","link":"https:\/\/knjiznice.nsk.hr\/senj\/posjeti-djece-u-mjesecu-hrvatske-knjige-2023-g\/","title":{"rendered":"POSJETI DJECE U MJESECU HRVATSKE KNJIGE 2023.g"},"content":{"rendered":"<p>15.10-15.11.23-MJESEC HRVATSKE KNJIGE-PROGRAMI ZA DJECU<br \/>\nGradska knji\u017enica Senj za Mjesec hrvatske knjige pripremila je bogat program za velike i male. Za djecu su prire\u0111ena dva programa-za vrti\u0107arce program \u201e\u0160to se u knji\u017enici radi?\u201c, a za u\u010denike ni\u017eih razreda osnovne \u0161kole program \u201eVolim svoju knji\u017enicu!\u201c.<br \/>\nRadi se o organiziranim posjetima knji\u017enici s ciljem populariziranja knjige, knji\u017enice i \u010ditanja.<br \/>\nKnji\u017eni\u010dari vrti\u0107arce i u\u010denike provode kroz knji\u017enicu te im, na njima razumljiv na\u010din, obja\u0161njavaju koje su sve prednosti \u010ditanja i kori\u0161tenja knji\u017eni\u010dnih usluga. Na kraju dru\u017eenja gleda se pou\u010dan animirani film.<br \/>\nOdaziv na ove programe i ove je godine bio odli\u010dan i zahvaljujemo senjskom vrti\u0107u \u201eTravica\u201c i senjskoj osnovnoj \u0161koli S.S.Kranj\u010devi\u0107a na lijepoj suradnji. Djeca rado dolaze u knji\u017enicu i odlaze iz nje prepuna dojmova \u0161to nam je jako drago. Cilj nam je da djeca zavole knji\u017enicu i \u010ditanje jer na mladima svijet ostaje.<\/p>\n","protected":false},"excerpt":{"rendered":"<p>15.10-15.11.23-MJESEC HRVATSKE KNJIGE-PROGRAMI ZA DJECU Gradska knji\u017enica Senj za Mjesec hrvatske knjige pripremila je bogat program za velike i male. Za djecu su prire\u0111ena dva programa-za vrti\u0107arce program \u201e\u0160to se u knji\u017enici radi?\u201c, a za u\u010denike ni\u017eih razreda osnovne \u0161kole program \u201eVolim svoju knji\u017enicu!\u201c. Radi se o organiziranim posjetima knji\u017enici s ciljem populariziranja knjige, knji\u017enice [&hellip;]<\/p>\n","protected":false},"author":58,"featured_media":2777,"comment_status":"closed","ping_status":"closed","sticky":false,"template":"","format":"standard","meta":{"ngg_post_thumbnail":0},"categories":[8],"tags":[],"yoast_head":"<!-- This site is optimized with the Yoast SEO plugin v16.4 - https:\/\/yoast.com\/wordpress\/plugins\/seo\/ -->\n<meta name=\"robots\" content=\"index, follow, max-snippet:-1, max-image-preview:large, max-video-preview:-1\" \/>\n<link rel=\"canonical\" href=\"https:\/\/knjiznice.nsk.hr\/senj\/posjeti-djece-u-mjesecu-hrvatske-knjige-2023-g\/\" \/>\n<meta property=\"og:locale\" content=\"hr_HR\" \/>\n<meta property=\"og:type\" content=\"article\" \/>\n<meta property=\"og:title\" content=\"POSJETI DJECE U MJESECU HRVATSKE KNJIGE 2023.g - Gradska knji\u017enica Senj\" \/>\n<meta property=\"og:description\" content=\"15.10-15.11.23-MJESEC HRVATSKE KNJIGE-PROGRAMI ZA DJECU Gradska knji\u017enica Senj za Mjesec hrvatske knjige pripremila je bogat program za velike i male. Za djecu su prire\u0111ena dva programa-za vrti\u0107arce program \u201e\u0160to se u knji\u017enici radi?\u201c, a za u\u010denike ni\u017eih razreda osnovne \u0161kole program \u201eVolim svoju knji\u017enicu!\u201c. Radi se o organiziranim posjetima knji\u017enici s ciljem populariziranja knjige, knji\u017enice [&hellip;]\" \/>\n<meta property=\"og:url\" content=\"https:\/\/knjiznice.nsk.hr\/senj\/posjeti-djece-u-mjesecu-hrvatske-knjige-2023-g\/\" \/>\n<meta property=\"og:site_name\" content=\"Gradska knji\u017enica Senj\" \/>\n<meta property=\"article:publisher\" content=\"http:\/\/facebook.com\/Gradska-knji%c5%benica-SENJ\" \/>\n<meta property=\"article:published_time\" content=\"2023-11-13T07:27:43+00:00\" \/>\n<meta property=\"og:image\" content=\"http:\/\/knjiznice.nsk.hr\/senj\/wp-content\/uploads\/sites\/60\/2023\/11\/IMG-d0b3b94e4d465fa6686d8994739db6de-V.jpg\" \/>\n\t<meta property=\"og:image:width\" content=\"1600\" \/>\n\t<meta property=\"og:image:height\" content=\"1200\" \/>\n<meta name=\"twitter:label1\" content=\"Procijenjeno vrijeme \u010ditanja\" \/>\n\t<meta name=\"twitter:data1\" content=\"1 minuta\" \/>\n<script type=\"application\/ld+json\" class=\"yoast-schema-graph\">{\"@context\":\"https:\/\/schema.org\",\"@graph\":[{\"@type\":\"WebSite\",\"@id\":\"https:\/\/knjiznice.nsk.hr\/senj\/#website\",\"url\":\"https:\/\/knjiznice.nsk.hr\/senj\/\",\"name\":\"Gradska knji\\u017enica Senj\",\"description\":\"S vama od 1835. godine\",\"potentialAction\":[{\"@type\":\"SearchAction\",\"target\":\"https:\/\/knjiznice.nsk.hr\/senj\/?s={search_term_string}\",\"query-input\":\"required name=search_term_string\"}],\"inLanguage\":\"hr\"},{\"@type\":\"ImageObject\",\"@id\":\"https:\/\/knjiznice.nsk.hr\/senj\/posjeti-djece-u-mjesecu-hrvatske-knjige-2023-g\/#primaryimage\",\"inLanguage\":\"hr\",\"url\":\"https:\/\/knjiznice.nsk.hr\/senj\/wp-content\/uploads\/sites\/60\/2023\/11\/IMG-d0b3b94e4d465fa6686d8994739db6de-V.jpg\",\"contentUrl\":\"https:\/\/knjiznice.nsk.hr\/senj\/wp-content\/uploads\/sites\/60\/2023\/11\/IMG-d0b3b94e4d465fa6686d8994739db6de-V.jpg\",\"width\":1600,\"height\":1200},{\"@type\":\"WebPage\",\"@id\":\"https:\/\/knjiznice.nsk.hr\/senj\/posjeti-djece-u-mjesecu-hrvatske-knjige-2023-g\/#webpage\",\"url\":\"https:\/\/knjiznice.nsk.hr\/senj\/posjeti-djece-u-mjesecu-hrvatske-knjige-2023-g\/\",\"name\":\"POSJETI DJECE U MJESECU HRVATSKE KNJIGE 2023.g - Gradska knji\\u017enica Senj\",\"isPartOf\":{\"@id\":\"https:\/\/knjiznice.nsk.hr\/senj\/#website\"},\"primaryImageOfPage\":{\"@id\":\"https:\/\/knjiznice.nsk.hr\/senj\/posjeti-djece-u-mjesecu-hrvatske-knjige-2023-g\/#primaryimage\"},\"datePublished\":\"2023-11-13T07:27:43+00:00\",\"dateModified\":\"2023-11-13T07:27:43+00:00\",\"author\":{\"@id\":\"https:\/\/knjiznice.nsk.hr\/senj\/#\/schema\/person\/c6b0893cdaca205d44fe2c322c042ac7\"},\"breadcrumb\":{\"@id\":\"https:\/\/knjiznice.nsk.hr\/senj\/posjeti-djece-u-mjesecu-hrvatske-knjige-2023-g\/#breadcrumb\"},\"inLanguage\":\"hr\",\"potentialAction\":[{\"@type\":\"ReadAction\",\"target\":[\"https:\/\/knjiznice.nsk.hr\/senj\/posjeti-djece-u-mjesecu-hrvatske-knjige-2023-g\/\"]}]},{\"@type\":\"BreadcrumbList\",\"@id\":\"https:\/\/knjiznice.nsk.hr\/senj\/posjeti-djece-u-mjesecu-hrvatske-knjige-2023-g\/#breadcrumb\",\"itemListElement\":[{\"@type\":\"ListItem\",\"position\":1,\"item\":{\"@type\":\"WebPage\",\"@id\":\"https:\/\/knjiznice.nsk.hr\/senj\/\",\"url\":\"https:\/\/knjiznice.nsk.hr\/senj\/\",\"name\":\"Po\\u010detna stranica\"}},{\"@type\":\"ListItem\",\"position\":2,\"item\":{\"@id\":\"https:\/\/knjiznice.nsk.hr\/senj\/posjeti-djece-u-mjesecu-hrvatske-knjige-2023-g\/#webpage\"}}]},{\"@type\":\"Person\",\"@id\":\"https:\/\/knjiznice.nsk.hr\/senj\/#\/schema\/person\/c6b0893cdaca205d44fe2c322c042ac7\",\"name\":\"senj\",\"image\":{\"@type\":\"ImageObject\",\"@id\":\"https:\/\/knjiznice.nsk.hr\/senj\/#personlogo\",\"inLanguage\":\"hr\",\"url\":\"https:\/\/secure.gravatar.com\/avatar\/b00e8e1a99b5ba41772fe68c6bcfd17c?s=96&d=mm&r=g\",\"contentUrl\":\"https:\/\/secure.gravatar.com\/avatar\/b00e8e1a99b5ba41772fe68c6bcfd17c?s=96&d=mm&r=g\",\"caption\":\"senj\"}}]}<\/script>\n<!-- \/ Yoast SEO plugin. -->","_links":{"self":[{"href":"https:\/\/knjiznice.nsk.hr\/senj\/wp-json\/wp\/v2\/posts\/2776"}],"collection":[{"href":"https:\/\/knjiznice.nsk.hr\/senj\/wp-json\/wp\/v2\/posts"}],"about":[{"href":"https:\/\/knjiznice.nsk.hr\/senj\/wp-json\/wp\/v2\/types\/post"}],"author":[{"embeddable":true,"href":"https:\/\/knjiznice.nsk.hr\/senj\/wp-json\/wp\/v2\/users\/58"}],"replies":[{"embeddable":true,"href":"https:\/\/knjiznice.nsk.hr\/senj\/wp-json\/wp\/v2\/comments?post=2776"}],"version-history":[{"count":1,"href":"https:\/\/knjiznice.nsk.hr\/senj\/wp-json\/wp\/v2\/posts\/2776\/revisions"}],"predecessor-version":[{"id":2778,"href":"https:\/\/knjiznice.nsk.hr\/senj\/wp-json\/wp\/v2\/posts\/2776\/revisions\/2778"}],"wp:featuredmedia":[{"embeddable":true,"href":"https:\/\/knjiznice.nsk.hr\/senj\/wp-json\/wp\/v2\/media\/2777"}],"wp:attachment":[{"href":"https:\/\/knjiznice.nsk.hr\/senj\/wp-json\/wp\/v2\/media?parent=2776"}],"wp:term":[{"taxonomy":"category","embeddable":true,"href":"https:\/\/knjiznice.nsk.hr\/senj\/wp-json\/wp\/v2\/categories?post=2776"},{"taxonomy":"post_tag","embeddable":true,"href":"https:\/\/knjiznice.nsk.hr\/senj\/wp-json\/wp\/v2\/tags?post=2776"}],"curies":[{"name":"wp","href":"https:\/\/api.w.org\/{rel}","templated":true}]}}