{"id":2773,"date":"2023-11-10T09:26:09","date_gmt":"2023-11-10T09:26:09","guid":{"rendered":"http:\/\/knjiznice.nsk.hr\/senj\/?p=2773"},"modified":"2023-11-10T09:26:09","modified_gmt":"2023-11-10T09:26:09","slug":"izlozba-i-okupljanje-clanova-grupe-senj-u-srcu","status":"publish","type":"post","link":"https:\/\/knjiznice.nsk.hr\/senj\/izlozba-i-okupljanje-clanova-grupe-senj-u-srcu\/","title":{"rendered":"IZLO\u017dBA I OKUPLJANJE \u010cLANOVA GRUPE SENJ U SRCU"},"content":{"rendered":"<p>9.11.-IZLO\u017dBA I OKUPLJANJE \u010cLANOVA GRUPE SENJ U SRCU<\/p>\n<p>U sklopu Mjeseca hrvatske knjige Gradska knji\u017enica Senj organizirala je izlo\u017ebu i okupljanje \u010dlanova grupe Senj u srcu.<br \/>\n-Senj u srcu je me\u0111u Senjanima popularna facebook grupa koja okuplja zaljubljenike u na\u0161 grad i njegove ljepote. Posebna je po tome \u0161to ima nultu toleranciju na sva\u0111e, rasprave i negativne te destruktivne komentare. U pozitivnom ozra\u010dju nastaju prekrasne fotografije na\u0161eg Senja. Ova lokalpatriotska grupa specifi\u010dna je po tome da svaki tjedan ima temu-motiv fotografiranja kao primjerice kula, senjska vrata i portuni, jesen. Na kraju tjedna progla\u0161avaju se pobjednici, a od pristiglih fotografija sla\u017ee se video kola\u017e.<br \/>\nIzlo\u017eba donosi razne snimke Senja i Senjana-i onih velikih kao i malih. Tu su i vremeplovi koji bude nostalgiju. Tako\u0111er, mnogo je fotografija koje prikazuju ljepote Senja \u2013 i prirodne kao i one kulturne. Uz to, \u010desto je tema i ljepota detalja.<br \/>\nGrupa Senj u srcu postoji ne\u0161to vi\u0161e od godinu dana i broji 2800 \u010dlanova, a administratori grupe su Marino Dobrina i Ljubica Prodani\u0107. Ovom izlo\u017ebom predstavljamo ponajbolje fotografije obavljene u grupi, a ovaj doga\u0111aj je i prilika da se \u010dlanovi gripe podru\u017ee i u\u017eivo-rekla je me\u0111u ostalim moderatorica otvorenja i ravnateljica senjske knji\u017enice Ana Prpi\u0107 Rogi\u0107.<br \/>\n-\u010clanovi grupe doslovno su sa svih strana svijeta, od Amerike do Australije, od Francuske, Njema\u010dke i Italije. Od Rijeke do Zagreba. Svakodnevnim objavama fotografija i prekrasnih tekstova rade na zbli\u017eavanju svih nas koji su se skrasili u ovom azilu u kom vlada mir- u grupi nema politike i te\u0161ke problematike, nema mr\u017enje ni vrije\u0111anja.  U grupi je aktivno jako puno ljudi koji se bave fotografijom ili su &#8220;ljudi od pera&#8221; i hvala im na tome jer su obogatili ovu grupu. Tako\u0111er, grupa \u010desto ima i humanitarnu notu, a izradili smo i magneti\u0107e, naljepnice, majice i privjeske s prepoznatljivim logom grupe. Hvala svima \u0161to ste ve\u010deras do\u0161li, knji\u017enica je dupkom puna svih nas kojima je Senj u srcu, rekao je me\u0111u ostalim Marino Dobrina.<br \/>\nIzlo\u017ebu je otvorila administratorica grupe Ljubica Prodani\u0107 istaknuv\u0161i kako je najve\u0107a vrijednost grupe povezivanje i zbli\u017eavanje ljudi kojima je na\u0161 grad na srcu.<br \/>\nOtvorenje je glazbom oplemenio Nenad Petkovi\u0107, dok je Katarina Me\u0111eral sve razgalila recitacijama stihova zavi\u010dajnih pjesnika.<br \/>\nIzlo\u017eba je otvorena do 11.prosinaca i mo\u017ee se pogledati u radno vrijeme knji\u017enice. <\/p>\n<p>Gradska knji\u017enica Senj od srca zahvaljuje:<br \/>\n-autorima na lijepim fotografijama,<br \/>\n-administratorima grupe na dobroj suradnji,<br \/>\n-Nenadu Petkovi\u0107u na krasnoj glazbi,<br \/>\n-Katarini Me\u0111eral na divnim recitacijama,<br \/>\n&#8211; Dadi i Gogi Cvjeti\u010danin na domjenku,<br \/>\n-Ines Kostovi\u0107, Ljubici Prodani\u0107 i Katarini Me\u0111eral na kola\u010dima,<br \/>\n-brojnoj publici na dolasku,<br \/>\n-medijima na pra\u0107enju.<\/p>\n","protected":false},"excerpt":{"rendered":"<p>9.11.-IZLO\u017dBA I OKUPLJANJE \u010cLANOVA GRUPE SENJ U SRCU U sklopu Mjeseca hrvatske knjige Gradska knji\u017enica Senj organizirala je izlo\u017ebu i okupljanje \u010dlanova grupe Senj u srcu. -Senj u srcu je me\u0111u Senjanima popularna facebook grupa koja okuplja zaljubljenike u na\u0161 grad i njegove ljepote. Posebna je po tome \u0161to ima nultu toleranciju na sva\u0111e, rasprave [&hellip;]<\/p>\n","protected":false},"author":58,"featured_media":2774,"comment_status":"closed","ping_status":"closed","sticky":false,"template":"","format":"standard","meta":{"ngg_post_thumbnail":0},"categories":[8],"tags":[],"yoast_head":"<!-- This site is optimized with the Yoast SEO plugin v16.4 - https:\/\/yoast.com\/wordpress\/plugins\/seo\/ -->\n<meta name=\"robots\" content=\"index, follow, max-snippet:-1, max-image-preview:large, max-video-preview:-1\" \/>\n<link rel=\"canonical\" href=\"https:\/\/knjiznice.nsk.hr\/senj\/izlozba-i-okupljanje-clanova-grupe-senj-u-srcu\/\" \/>\n<meta property=\"og:locale\" content=\"hr_HR\" \/>\n<meta property=\"og:type\" content=\"article\" \/>\n<meta property=\"og:title\" content=\"IZLO\u017dBA I OKUPLJANJE \u010cLANOVA GRUPE SENJ U SRCU - Gradska knji\u017enica Senj\" \/>\n<meta property=\"og:description\" content=\"9.11.-IZLO\u017dBA I OKUPLJANJE \u010cLANOVA GRUPE SENJ U SRCU U sklopu Mjeseca hrvatske knjige Gradska knji\u017enica Senj organizirala je izlo\u017ebu i okupljanje \u010dlanova grupe Senj u srcu. -Senj u srcu je me\u0111u Senjanima popularna facebook grupa koja okuplja zaljubljenike u na\u0161 grad i njegove ljepote. Posebna je po tome \u0161to ima nultu toleranciju na sva\u0111e, rasprave [&hellip;]\" \/>\n<meta property=\"og:url\" content=\"https:\/\/knjiznice.nsk.hr\/senj\/izlozba-i-okupljanje-clanova-grupe-senj-u-srcu\/\" \/>\n<meta property=\"og:site_name\" content=\"Gradska knji\u017enica Senj\" \/>\n<meta property=\"article:publisher\" content=\"http:\/\/facebook.com\/Gradska-knji%c5%benica-SENJ\" \/>\n<meta property=\"article:published_time\" content=\"2023-11-10T09:26:09+00:00\" \/>\n<meta property=\"og:image\" content=\"http:\/\/knjiznice.nsk.hr\/senj\/wp-content\/uploads\/sites\/60\/2023\/11\/IMG-7264218b61fa494e93a2753e54bbba06-V.jpg\" \/>\n\t<meta property=\"og:image:width\" content=\"1600\" \/>\n\t<meta property=\"og:image:height\" content=\"1200\" \/>\n<meta name=\"twitter:label1\" content=\"Procijenjeno vrijeme \u010ditanja\" \/>\n\t<meta name=\"twitter:data1\" content=\"2 minute\" \/>\n<script type=\"application\/ld+json\" class=\"yoast-schema-graph\">{\"@context\":\"https:\/\/schema.org\",\"@graph\":[{\"@type\":\"WebSite\",\"@id\":\"https:\/\/knjiznice.nsk.hr\/senj\/#website\",\"url\":\"https:\/\/knjiznice.nsk.hr\/senj\/\",\"name\":\"Gradska knji\\u017enica Senj\",\"description\":\"S vama od 1835. godine\",\"potentialAction\":[{\"@type\":\"SearchAction\",\"target\":\"https:\/\/knjiznice.nsk.hr\/senj\/?s={search_term_string}\",\"query-input\":\"required name=search_term_string\"}],\"inLanguage\":\"hr\"},{\"@type\":\"ImageObject\",\"@id\":\"https:\/\/knjiznice.nsk.hr\/senj\/izlozba-i-okupljanje-clanova-grupe-senj-u-srcu\/#primaryimage\",\"inLanguage\":\"hr\",\"url\":\"https:\/\/knjiznice.nsk.hr\/senj\/wp-content\/uploads\/sites\/60\/2023\/11\/IMG-7264218b61fa494e93a2753e54bbba06-V.jpg\",\"contentUrl\":\"https:\/\/knjiznice.nsk.hr\/senj\/wp-content\/uploads\/sites\/60\/2023\/11\/IMG-7264218b61fa494e93a2753e54bbba06-V.jpg\",\"width\":1600,\"height\":1200},{\"@type\":\"WebPage\",\"@id\":\"https:\/\/knjiznice.nsk.hr\/senj\/izlozba-i-okupljanje-clanova-grupe-senj-u-srcu\/#webpage\",\"url\":\"https:\/\/knjiznice.nsk.hr\/senj\/izlozba-i-okupljanje-clanova-grupe-senj-u-srcu\/\",\"name\":\"IZLO\\u017dBA I OKUPLJANJE \\u010cLANOVA GRUPE SENJ U SRCU - Gradska knji\\u017enica Senj\",\"isPartOf\":{\"@id\":\"https:\/\/knjiznice.nsk.hr\/senj\/#website\"},\"primaryImageOfPage\":{\"@id\":\"https:\/\/knjiznice.nsk.hr\/senj\/izlozba-i-okupljanje-clanova-grupe-senj-u-srcu\/#primaryimage\"},\"datePublished\":\"2023-11-10T09:26:09+00:00\",\"dateModified\":\"2023-11-10T09:26:09+00:00\",\"author\":{\"@id\":\"https:\/\/knjiznice.nsk.hr\/senj\/#\/schema\/person\/c6b0893cdaca205d44fe2c322c042ac7\"},\"breadcrumb\":{\"@id\":\"https:\/\/knjiznice.nsk.hr\/senj\/izlozba-i-okupljanje-clanova-grupe-senj-u-srcu\/#breadcrumb\"},\"inLanguage\":\"hr\",\"potentialAction\":[{\"@type\":\"ReadAction\",\"target\":[\"https:\/\/knjiznice.nsk.hr\/senj\/izlozba-i-okupljanje-clanova-grupe-senj-u-srcu\/\"]}]},{\"@type\":\"BreadcrumbList\",\"@id\":\"https:\/\/knjiznice.nsk.hr\/senj\/izlozba-i-okupljanje-clanova-grupe-senj-u-srcu\/#breadcrumb\",\"itemListElement\":[{\"@type\":\"ListItem\",\"position\":1,\"item\":{\"@type\":\"WebPage\",\"@id\":\"https:\/\/knjiznice.nsk.hr\/senj\/\",\"url\":\"https:\/\/knjiznice.nsk.hr\/senj\/\",\"name\":\"Po\\u010detna stranica\"}},{\"@type\":\"ListItem\",\"position\":2,\"item\":{\"@id\":\"https:\/\/knjiznice.nsk.hr\/senj\/izlozba-i-okupljanje-clanova-grupe-senj-u-srcu\/#webpage\"}}]},{\"@type\":\"Person\",\"@id\":\"https:\/\/knjiznice.nsk.hr\/senj\/#\/schema\/person\/c6b0893cdaca205d44fe2c322c042ac7\",\"name\":\"senj\",\"image\":{\"@type\":\"ImageObject\",\"@id\":\"https:\/\/knjiznice.nsk.hr\/senj\/#personlogo\",\"inLanguage\":\"hr\",\"url\":\"https:\/\/secure.gravatar.com\/avatar\/b00e8e1a99b5ba41772fe68c6bcfd17c?s=96&d=mm&r=g\",\"contentUrl\":\"https:\/\/secure.gravatar.com\/avatar\/b00e8e1a99b5ba41772fe68c6bcfd17c?s=96&d=mm&r=g\",\"caption\":\"senj\"}}]}<\/script>\n<!-- \/ Yoast SEO plugin. -->","_links":{"self":[{"href":"https:\/\/knjiznice.nsk.hr\/senj\/wp-json\/wp\/v2\/posts\/2773"}],"collection":[{"href":"https:\/\/knjiznice.nsk.hr\/senj\/wp-json\/wp\/v2\/posts"}],"about":[{"href":"https:\/\/knjiznice.nsk.hr\/senj\/wp-json\/wp\/v2\/types\/post"}],"author":[{"embeddable":true,"href":"https:\/\/knjiznice.nsk.hr\/senj\/wp-json\/wp\/v2\/users\/58"}],"replies":[{"embeddable":true,"href":"https:\/\/knjiznice.nsk.hr\/senj\/wp-json\/wp\/v2\/comments?post=2773"}],"version-history":[{"count":1,"href":"https:\/\/knjiznice.nsk.hr\/senj\/wp-json\/wp\/v2\/posts\/2773\/revisions"}],"predecessor-version":[{"id":2775,"href":"https:\/\/knjiznice.nsk.hr\/senj\/wp-json\/wp\/v2\/posts\/2773\/revisions\/2775"}],"wp:featuredmedia":[{"embeddable":true,"href":"https:\/\/knjiznice.nsk.hr\/senj\/wp-json\/wp\/v2\/media\/2774"}],"wp:attachment":[{"href":"https:\/\/knjiznice.nsk.hr\/senj\/wp-json\/wp\/v2\/media?parent=2773"}],"wp:term":[{"taxonomy":"category","embeddable":true,"href":"https:\/\/knjiznice.nsk.hr\/senj\/wp-json\/wp\/v2\/categories?post=2773"},{"taxonomy":"post_tag","embeddable":true,"href":"https:\/\/knjiznice.nsk.hr\/senj\/wp-json\/wp\/v2\/tags?post=2773"}],"curies":[{"name":"wp","href":"https:\/\/api.w.org\/{rel}","templated":true}]}}